{"id":6775,"date":"2021-06-11T17:46:56","date_gmt":"2021-06-11T22:16:56","guid":{"rendered":"http:\/\/elmundodelosnegocios.com.do\/v1\/?p=6775"},"modified":"2021-06-11T17:46:56","modified_gmt":"2021-06-11T22:16:56","slug":"aird-considera-paso-positivo-eleccion-defensor-del-pueblo","status":"publish","type":"post","link":"https:\/\/elmundodelosnegocios.com.do\/v1\/aird-considera-paso-positivo-eleccion-defensor-del-pueblo\/","title":{"rendered":"AIRD considera paso positivo elecci\u00f3n Defensor del Pueblo"},"content":{"rendered":"<p>La Asociaci\u00f3n de Industrias de la Rep\u00fablica Dominicana (AIRD) consider\u00f3 como un paso positivo la elecci\u00f3n del Defensor del Pueblo y una buena se\u00f1al la disposici\u00f3n de los congresistas de cumplir la Ley y fortalecer la institucionalidad.<\/p>\n<p>Circe Alm\u00e1nzar, vicepresidente Ejecutiva de la AIRD, estim\u00f3 que la elecci\u00f3n hecha concluye una etapa e inicia una siguiente que, entre otros aspectos, ha de contemplar la necesidad de que los dominicanos puedan comprender el papel del Defensor en la defensa de sus derechos individuales y colectivos.<\/p>\n<p>Al referirse a la persona electa, Pablo Ulloa, Alm\u00e1nzar consider\u00f3 que re\u00fane las condiciones para desempe\u00f1ar con integridad e independencia su rol, para fortalecer la institucionalidad de la instituci\u00f3n que representa y para ganar la confianza de la poblaci\u00f3n.<\/p>\n<p>Salud\u00f3 el proceso de concertaci\u00f3n llevado a cabo, tanto por la C\u00e1mara de Diputados, como por la Comisi\u00f3n Especial del Senado, coordinada por el Senador Ricardo De los Santos, que arroj\u00f3 como resultado la aprobaci\u00f3n en el Pleno del Senado del jurista Pablo Ulloa.\u00a0<\/p>\n<p>La Vicepresidente Ejecutiva de la AIRD se\u00f1al\u00f3 que espera que la Defensor\u00eda cuente con los recursos suficientes para jugar un papel clave y que conviene a todos que as\u00ed sea si se quiere avanzar hacia un pa\u00eds en donde el respeto y la soberan\u00eda de las leyes sea el par\u00e1metro que gu\u00ede la acci\u00f3n de personas y organizaciones.<\/p>\n","protected":false},"excerpt":{"rendered":"<p>La Asociaci\u00f3n de Industrias de la Rep\u00fablica Dominicana (AIRD) consider\u00f3 como un paso positivo la elecci\u00f3n del Defensor del Pueblo y una buena se\u00f1al la disposici\u00f3n de los congresistas de&hellip; <\/p>\n","protected":false},"author":2,"featured_media":6777,"comment_status":"open","ping_status":"open","sticky":false,"template":"","format":"standard","meta":{"fifu_image_url":"","fifu_image_alt":"","footnotes":""},"categories":[256],"tags":[],"class_list":["post-6775","post","type-post","status-publish","format-standard","has-post-thumbnail","hentry","category-sociedad"],"_links":{"self":[{"href":"https:\/\/elmundodelosnegocios.com.do\/v1\/wp-json\/wp\/v2\/posts\/6775","targetHints":{"allow":["GET"]}}],"collection":[{"href":"https:\/\/elmundodelosnegocios.com.do\/v1\/wp-json\/wp\/v2\/posts"}],"about":[{"href":"https:\/\/elmundodelosnegocios.com.do\/v1\/wp-json\/wp\/v2\/types\/post"}],"author":[{"embeddable":true,"href":"https:\/\/elmundodelosnegocios.com.do\/v1\/wp-json\/wp\/v2\/users\/2"}],"replies":[{"embeddable":true,"href":"https:\/\/elmundodelosnegocios.com.do\/v1\/wp-json\/wp\/v2\/comments?post=6775"}],"version-history":[{"count":0,"href":"https:\/\/elmundodelosnegocios.com.do\/v1\/wp-json\/wp\/v2\/posts\/6775\/revisions"}],"wp:featuredmedia":[{"embeddable":true,"href":"https:\/\/elmundodelosnegocios.com.do\/v1\/wp-json\/wp\/v2\/media\/6777"}],"wp:attachment":[{"href":"https:\/\/elmundodelosnegocios.com.do\/v1\/wp-json\/wp\/v2\/media?parent=6775"}],"wp:term":[{"taxonomy":"category","embeddable":true,"href":"https:\/\/elmundodelosnegocios.com.do\/v1\/wp-json\/wp\/v2\/categories?post=6775"},{"taxonomy":"post_tag","embeddable":true,"href":"https:\/\/elmundodelosnegocios.com.do\/v1\/wp-json\/wp\/v2\/tags?post=6775"}],"curies":[{"name":"wp","href":"https:\/\/api.w.org\/{rel}","templated":true}]}}