{"id":6779,"date":"2021-06-13T09:49:31","date_gmt":"2021-06-13T14:19:31","guid":{"rendered":"http:\/\/elmundodelosnegocios.com.do\/v1\/?p=6779"},"modified":"2021-06-13T09:49:31","modified_gmt":"2021-06-13T14:19:31","slug":"voluntariado-bancentraliano-hace-donacion-de-rd400000-pesos-a-unicef-de-republica-dominicana","status":"publish","type":"post","link":"https:\/\/elmundodelosnegocios.com.do\/v1\/voluntariado-bancentraliano-hace-donacion-de-rd400000-pesos-a-unicef-de-republica-dominicana\/","title":{"rendered":"Voluntariado Bancentraliano hace donaci\u00f3n de RD$400,000 pesos a UNICEF de Rep\u00fablica Dominicana"},"content":{"rendered":"<p>Santo Domingo, Rep\u00fablica Dominicana. El Voluntariado Bancentraliano (VB), brazo solidario del Banco Central de la Rep\u00fablica Dominicana (BCRD), don\u00f3 RD$400,000 pesos al Gran Telet\u00f3n a beneficio de UNICEF Rep\u00fablica Dominicana, destinado a atender las necesidades esenciales de ni\u00f1os y adolescentes de nuestro pa\u00eds.<\/p>\n<p>Los fondos recaudados de esta gran convocatoria solidaria se destinar\u00e1n a los programas para reducir la mortalidad materna y neonatal, aumentar la calidad de la educaci\u00f3n y la vuelta a las clases presenciales de todos los alumnos, prevenir la violencia, la desnutrici\u00f3n aguda infantil, el embarazo adolescente y las uniones tempranas en la Rep\u00fablica Dominicana.<\/p>\n<p>Luis Mart\u00edn G\u00f3mez, vicepresidente ejecutivo del Voluntariado Bancentraliano, entreg\u00f3 el cheque de la donaci\u00f3n a Rosa Elcarte, representante de UNICEF en la Rep\u00fablica Dominicana, haciendo un reconocimiento del prestigio y la credibilidad que tiene esa instituci\u00f3n en su labor por el bienestar de la ni\u00f1ez y la adolescencia, y deseando que el aporte del VB contribuya a la ejecuci\u00f3n de los programas que se desarrollan en nuestro pa\u00eds.<\/p>\n<p>Por su parte, Rosa Elcarte agradeci\u00f3 la significativa ayuda del VB, resaltando que, con motivo de la pandemia, se ha presentado un aluvi\u00f3n de necesidades que, gracias al aporte de instituciones como el Banco Central y el sentido solidario de sus voluntarios, podr\u00e1n solventarse poco a poco hasta alcanzar gradualmente la normalidad.<\/p>\n<p>Elcarte estuvo acompa\u00f1ada por Cristina Alonso, especialista en Alianzas Corporativas de UNICEF. Por el VB tambi\u00e9n estuvieron presentes Denisse Comarazamy, vocal de la comisi\u00f3n de Desarrollo y Asistencia Social, y Miosotis Collado, vocal de la comisi\u00f3n de Educaci\u00f3n.<\/p>\n","protected":false},"excerpt":{"rendered":"<p>Santo Domingo, Rep\u00fablica Dominicana. El Voluntariado Bancentraliano (VB), brazo solidario del Banco Central de la Rep\u00fablica Dominicana (BCRD), don\u00f3 RD$400,000 pesos al Gran Telet\u00f3n a beneficio de UNICEF Rep\u00fablica Dominicana,&hellip; <\/p>\n","protected":false},"author":2,"featured_media":6780,"comment_status":"open","ping_status":"open","sticky":false,"template":"","format":"standard","meta":{"fifu_image_url":"","fifu_image_alt":"","footnotes":""},"categories":[78],"tags":[],"class_list":["post-6779","post","type-post","status-publish","format-standard","has-post-thumbnail","hentry","category-con-responsabilidad"],"_links":{"self":[{"href":"https:\/\/elmundodelosnegocios.com.do\/v1\/wp-json\/wp\/v2\/posts\/6779","targetHints":{"allow":["GET"]}}],"collection":[{"href":"https:\/\/elmundodelosnegocios.com.do\/v1\/wp-json\/wp\/v2\/posts"}],"about":[{"href":"https:\/\/elmundodelosnegocios.com.do\/v1\/wp-json\/wp\/v2\/types\/post"}],"author":[{"embeddable":true,"href":"https:\/\/elmundodelosnegocios.com.do\/v1\/wp-json\/wp\/v2\/users\/2"}],"replies":[{"embeddable":true,"href":"https:\/\/elmundodelosnegocios.com.do\/v1\/wp-json\/wp\/v2\/comments?post=6779"}],"version-history":[{"count":0,"href":"https:\/\/elmundodelosnegocios.com.do\/v1\/wp-json\/wp\/v2\/posts\/6779\/revisions"}],"wp:featuredmedia":[{"embeddable":true,"href":"https:\/\/elmundodelosnegocios.com.do\/v1\/wp-json\/wp\/v2\/media\/6780"}],"wp:attachment":[{"href":"https:\/\/elmundodelosnegocios.com.do\/v1\/wp-json\/wp\/v2\/media?parent=6779"}],"wp:term":[{"taxonomy":"category","embeddable":true,"href":"https:\/\/elmundodelosnegocios.com.do\/v1\/wp-json\/wp\/v2\/categories?post=6779"},{"taxonomy":"post_tag","embeddable":true,"href":"https:\/\/elmundodelosnegocios.com.do\/v1\/wp-json\/wp\/v2\/tags?post=6779"}],"curies":[{"name":"wp","href":"https:\/\/api.w.org\/{rel}","templated":true}]}}