{"id":6813,"date":"2021-06-14T15:56:38","date_gmt":"2021-06-14T20:26:38","guid":{"rendered":"http:\/\/elmundodelosnegocios.com.do\/v1\/?p=6813"},"modified":"2021-06-14T15:56:38","modified_gmt":"2021-06-14T20:26:38","slug":"aclara-edificio-es-propiedad-estado-dominicano","status":"publish","type":"post","link":"https:\/\/elmundodelosnegocios.com.do\/v1\/aclara-edificio-es-propiedad-estado-dominicano\/","title":{"rendered":"Aclara edificio es propiedad Estado Dominicano"},"content":{"rendered":"<p>SANTO DOMINGO, R.D. 14 de junio de 2021.- El Ministerio de Administraci\u00f3n P\u00fablica (MAP) aclar\u00f3 que el edificio en el que se encuentran instaladas sus oficinas, desde el a\u00f1o 2018, ubicado en la Ave. 27 de Febrero No. 419, en el sector El Mill\u00f3n II, es un inmueble propiedad del Estado Dominicano.<\/p>\n<p>El titular del MAP, Dar\u00edo Castillo Lugo, explic\u00f3 que el t\u00edtulo de propiedad del edificio est\u00e1 registrado a nombre del Banco de Reservas de la Rep\u00fablica Dominicana, y que el inmueble fue asignado al Ministerio de Administraci\u00f3n P\u00fablica, en el a\u00f1o 2013, por el Ministerio Administrativo de la Presidencia, previo acuerdo con la entidad bancaria.<\/p>\n<p>De acuerdo a lo estipulado en el registro de t\u00edtulo, emitido por la Jurisdicci\u00f3n Inmobiliaria del Poder Judicial de la Rep\u00fablica Dominicana, en fecha 14 de enero del 2013, se declara \u201ctitular del derecho de propiedad al Banco de Reservas de la Rep\u00fablica Dominicana, RNC No. 4-01-010062, sobre el inmueble identificado como Solar 45, manzana 1811-bis, del Distrito Catastral No. 01, que tiene una superficie de 1,122.10 metros cuadrados, matr\u00edcula No. 0100014606, ubicado en el Distrito Nacional\u201d.<\/p>\n<p>El certificado tambi\u00e9n indica que el derecho fue adquirido a Torbillo Enterprises Inc., y que el mismo \u201ctiene su origen en daci\u00f3n en pago, seg\u00fan consta en el documento de fecha 28 de septiembre del 2012\u201d.<\/p>\n<p>El funcionario hizo esta aclaraci\u00f3n, luego de que circulara en las redes sociales, la informaci\u00f3n de que el MAP pagaba el arrendamiento del inmueble a un ex funcionario dominicano.<\/p>\n<p>\u201cEsa informaci\u00f3n es totalmente falsa. El edificio donde est\u00e1 el MAP es propiedad del Estado, y no se paga ni un centavo por concepto de alquiler\u201d, subray\u00f3 Castillo Lugo.<\/p>\n","protected":false},"excerpt":{"rendered":"<p>SANTO DOMINGO, R.D. 14 de junio de 2021.- El Ministerio de Administraci\u00f3n P\u00fablica (MAP) aclar\u00f3 que el edificio en el que se encuentran instaladas sus oficinas, desde el a\u00f1o 2018,&hellip; <\/p>\n","protected":false},"author":2,"featured_media":6361,"comment_status":"open","ping_status":"open","sticky":false,"template":"","format":"standard","meta":{"fifu_image_url":"","fifu_image_alt":"","footnotes":""},"categories":[69],"tags":[],"class_list":["post-6813","post","type-post","status-publish","format-standard","has-post-thumbnail","hentry","category-construccion"],"_links":{"self":[{"href":"https:\/\/elmundodelosnegocios.com.do\/v1\/wp-json\/wp\/v2\/posts\/6813","targetHints":{"allow":["GET"]}}],"collection":[{"href":"https:\/\/elmundodelosnegocios.com.do\/v1\/wp-json\/wp\/v2\/posts"}],"about":[{"href":"https:\/\/elmundodelosnegocios.com.do\/v1\/wp-json\/wp\/v2\/types\/post"}],"author":[{"embeddable":true,"href":"https:\/\/elmundodelosnegocios.com.do\/v1\/wp-json\/wp\/v2\/users\/2"}],"replies":[{"embeddable":true,"href":"https:\/\/elmundodelosnegocios.com.do\/v1\/wp-json\/wp\/v2\/comments?post=6813"}],"version-history":[{"count":0,"href":"https:\/\/elmundodelosnegocios.com.do\/v1\/wp-json\/wp\/v2\/posts\/6813\/revisions"}],"wp:featuredmedia":[{"embeddable":true,"href":"https:\/\/elmundodelosnegocios.com.do\/v1\/wp-json\/wp\/v2\/media\/6361"}],"wp:attachment":[{"href":"https:\/\/elmundodelosnegocios.com.do\/v1\/wp-json\/wp\/v2\/media?parent=6813"}],"wp:term":[{"taxonomy":"category","embeddable":true,"href":"https:\/\/elmundodelosnegocios.com.do\/v1\/wp-json\/wp\/v2\/categories?post=6813"},{"taxonomy":"post_tag","embeddable":true,"href":"https:\/\/elmundodelosnegocios.com.do\/v1\/wp-json\/wp\/v2\/tags?post=6813"}],"curies":[{"name":"wp","href":"https:\/\/api.w.org\/{rel}","templated":true}]}}