{"id":70653,"date":"2025-04-04T13:43:23","date_gmt":"2025-04-04T18:13:23","guid":{"rendered":"https:\/\/www.elmundodelosnegocios.com.do\/v1\/?p=70653"},"modified":"2025-04-04T13:43:23","modified_gmt":"2025-04-04T18:13:23","slug":"seguros-sura-fomenta-la-inclusion-con-conversatorio-sobre-resiliencia-y-amor-en-el-camino-del-autismo","status":"publish","type":"post","link":"https:\/\/elmundodelosnegocios.com.do\/v1\/seguros-sura-fomenta-la-inclusion-con-conversatorio-sobre-resiliencia-y-amor-en-el-camino-del-autismo\/","title":{"rendered":"Seguros SURA fomenta la inclusi\u00f3n con conversatorio sobre resiliencia y amor en el camino del autismo"},"content":{"rendered":"<p><strong>Santo Domingo, RD \u2013 Abril 2025.<\/strong>\u00a0Con el prop\u00f3sito de fortalecer la inclusi\u00f3n y la sensibilizaci\u00f3n en torno al autismo,\u00a0<strong>Seguros SURA<\/strong>\u00a0celebr\u00f3 la tercera edici\u00f3n del conversatorio\u00a0<strong>\u201cResiliencia y amor incondicional: Voces en el camino del autismo\u201d<\/strong>. El evento reuni\u00f3 a expertos, familias, educadores y la comunidad en general para compartir experiencias y conocimientos sobre el espectro autista, promoviendo el respeto, la comprensi\u00f3n y la integraci\u00f3n social.<\/p>\n<p><img loading=\"lazy\" decoding=\"async\" class=\"aligncenter size-full\" src=\"https:\/\/diariosocialrd.com\/wp-content\/uploads\/2025\/04\/IMG_6694.jpeg\" width=\"1500\" height=\"1000\" \/><\/p>\n<p><strong>Un espacio para la educaci\u00f3n y la inclusi\u00f3n<\/strong><\/p>\n<p>Realizado con el apoyo de\u00a0<strong>Galer\u00eda 360<\/strong>, el conversatorio cont\u00f3 con un destacado panel de especialistas, entre ellos\u00a0<strong>Eileen Taveras<\/strong>, vicepresidenta de la\u00a0<strong>Fundaci\u00f3n Luz y Esperanza por el Autismo<\/strong>, junto a\u00a0<strong>Ivette Evins, Rafael Castillo, Gina Rodr\u00edguez y Marielly Gonz\u00e1lez<\/strong>. Los ponentes abordaron temas clave como:<\/p>\n<p>\u2022\u00a0<strong>El papel del apoyo familiar en el desarrollo de personas con autismo<\/strong>.<\/p>\n<p>\u2022\u00a0<strong>La importancia de la educaci\u00f3n inclusiva y el acceso a recursos especializados<\/strong>.<\/p>\n<p>\u2022\u00a0<strong>Estrategias para fomentar la comprensi\u00f3n y el empoderamiento en la sociedad<\/strong>.<\/p>\n<p>\u2022\u00a0<strong>Historias de superaci\u00f3n que inspiran cambios y promueven la resiliencia<\/strong>.<\/p>\n<p><strong>Compromiso con la transformaci\u00f3n social<\/strong><\/p>\n<figure class=\"wp-block-image size-large\"><a href=\"https:\/\/diariosocialrd.com\/wp-content\/uploads\/2025\/04\/IMG_6695.jpeg\" data-rel=\"penci-gallery-image-content\"><img loading=\"lazy\" decoding=\"async\" class=\"wp-image-227305 aligncenter\" src=\"https:\/\/diariosocialrd.com\/wp-content\/uploads\/2025\/04\/IMG_6695-1024x683.jpeg\" sizes=\"auto, (max-width: 1024px) 100vw, 1024px\" srcset=\"https:\/\/diariosocialrd.com\/wp-content\/uploads\/2025\/04\/IMG_6695-1024x683.jpeg 1024w, https:\/\/diariosocialrd.com\/wp-content\/uploads\/2025\/04\/IMG_6695-300x200.jpeg 300w, https:\/\/diariosocialrd.com\/wp-content\/uploads\/2025\/04\/IMG_6695-768x512.jpeg 768w, https:\/\/diariosocialrd.com\/wp-content\/uploads\/2025\/04\/IMG_6695-1170x780.jpeg 1170w, https:\/\/diariosocialrd.com\/wp-content\/uploads\/2025\/04\/IMG_6695-585x390.jpeg 585w, https:\/\/diariosocialrd.com\/wp-content\/uploads\/2025\/04\/IMG_6695-263x175.jpeg 263w, https:\/\/diariosocialrd.com\/wp-content\/uploads\/2025\/04\/IMG_6695.jpeg 1500w\" alt=\"\" width=\"1024\" height=\"683\" \/><\/a><\/figure>\n<p>A trav\u00e9s de iniciativas como esta,\u00a0<strong>Seguros SURA reafirma su compromiso con la educaci\u00f3n y el bienestar<\/strong>, impulsando acciones que generan conciencia y facilitan la integraci\u00f3n de las personas dentro del espectro autista en todos los \u00e1mbitos de la sociedad.<\/p>\n<p>Adem\u00e1s del conversatorio, la compa\u00f1\u00eda ha desarrollado\u00a0<strong>programas de responsabilidad social enfocados en la inclusi\u00f3n<\/strong>, que incluyen:<\/p>\n<p>\u2022\u00a0<strong>Jornadas de capacitaci\u00f3n<\/strong>\u00a0dirigidas a educadores y cuidadores.<\/p>\n<p>\u2022\u00a0<strong>Gu\u00edas de apoyo para familias<\/strong>\u00a0con informaci\u00f3n y estrategias pr\u00e1cticas.<\/p>\n<p>\u2022\u00a0<strong>Alianzas con organizaciones especializadas<\/strong>\u00a0en la atenci\u00f3n a personas con autismo.<\/p>\n<p>\u201cNuestro prop\u00f3sito es generar conciencia y brindar herramientas que faciliten la integraci\u00f3n de las personas con autismo. Creemos en la construcci\u00f3n de\u00a0<strong>comunidades m\u00e1s emp\u00e1ticas e informadas<\/strong>\u201d, expres\u00f3\u00a0<strong>Ivelisse Mu\u00f1oz<\/strong>, directora de Marca, Entorno y Mercados de\u00a0<strong>Seguros SURA<\/strong>, durante la jornada.<\/p>\n<p><strong>Hacia una sociedad m\u00e1s inclusiva<\/strong><\/p>\n<p>Con esta tercera edici\u00f3n del conversatorio,\u00a0<strong>Seguros SURA reafirma su liderazgo en la promoci\u00f3n de espacios de aprendizaje y di\u00e1logo<\/strong>\u00a0que buscan eliminar barreras y visibilizar las voces de quienes viven esta realidad.<\/p>\n<p>Su compromiso con la\u00a0<strong>transformaci\u00f3n social y la inclusi\u00f3n<\/strong>\u00a0sigue marcando la diferencia, impulsando un futuro en el que\u00a0<strong>cada persona dentro del espectro autista tenga acceso a oportunidades y un entorno que valore su singularidad<\/strong>.<\/p>\n","protected":false},"excerpt":{"rendered":"<p>Santo Domingo, RD \u2013 Abril 2025.\u00a0Con el prop\u00f3sito de fortalecer la inclusi\u00f3n y la sensibilizaci\u00f3n en torno al autismo,\u00a0Seguros SURA\u00a0celebr\u00f3 la tercera edici\u00f3n del conversatorio\u00a0\u201cResiliencia y amor incondicional: Voces en&hellip; <\/p>\n","protected":false},"author":2,"featured_media":70654,"comment_status":"closed","ping_status":"closed","sticky":false,"template":"","format":"standard","meta":{"fifu_image_url":"https:\/\/diariosocialrd.com\/wp-content\/uploads\/2025\/04\/IMG_6694.jpeg","fifu_image_alt":"","footnotes":""},"categories":[89],"tags":[],"class_list":["post-70653","post","type-post","status-publish","format-standard","has-post-thumbnail","hentry","category-seguros"],"_links":{"self":[{"href":"https:\/\/elmundodelosnegocios.com.do\/v1\/wp-json\/wp\/v2\/posts\/70653","targetHints":{"allow":["GET"]}}],"collection":[{"href":"https:\/\/elmundodelosnegocios.com.do\/v1\/wp-json\/wp\/v2\/posts"}],"about":[{"href":"https:\/\/elmundodelosnegocios.com.do\/v1\/wp-json\/wp\/v2\/types\/post"}],"author":[{"embeddable":true,"href":"https:\/\/elmundodelosnegocios.com.do\/v1\/wp-json\/wp\/v2\/users\/2"}],"replies":[{"embeddable":true,"href":"https:\/\/elmundodelosnegocios.com.do\/v1\/wp-json\/wp\/v2\/comments?post=70653"}],"version-history":[{"count":1,"href":"https:\/\/elmundodelosnegocios.com.do\/v1\/wp-json\/wp\/v2\/posts\/70653\/revisions"}],"predecessor-version":[{"id":70655,"href":"https:\/\/elmundodelosnegocios.com.do\/v1\/wp-json\/wp\/v2\/posts\/70653\/revisions\/70655"}],"wp:featuredmedia":[{"embeddable":true,"href":"https:\/\/elmundodelosnegocios.com.do\/v1\/wp-json\/wp\/v2\/media\/70654"}],"wp:attachment":[{"href":"https:\/\/elmundodelosnegocios.com.do\/v1\/wp-json\/wp\/v2\/media?parent=70653"}],"wp:term":[{"taxonomy":"category","embeddable":true,"href":"https:\/\/elmundodelosnegocios.com.do\/v1\/wp-json\/wp\/v2\/categories?post=70653"},{"taxonomy":"post_tag","embeddable":true,"href":"https:\/\/elmundodelosnegocios.com.do\/v1\/wp-json\/wp\/v2\/tags?post=70653"}],"curies":[{"name":"wp","href":"https:\/\/api.w.org\/{rel}","templated":true}]}}