{"id":70662,"date":"2025-04-09T09:01:36","date_gmt":"2025-04-09T13:31:36","guid":{"rendered":"https:\/\/www.elmundodelosnegocios.com.do\/v1\/?p=70662"},"modified":"2025-04-09T09:01:36","modified_gmt":"2025-04-09T13:31:36","slug":"la-salud-visual-clave-para-el-bienestar-en-cada-etapa-de-la-vida","status":"publish","type":"post","link":"https:\/\/elmundodelosnegocios.com.do\/v1\/la-salud-visual-clave-para-el-bienestar-en-cada-etapa-de-la-vida\/","title":{"rendered":"La salud visual: clave para el bienestar en cada etapa de la vida"},"content":{"rendered":"<p><strong>Especialistas exhortan a la poblaci\u00f3n a priorizar la prevenci\u00f3n y el cuidado ocular para evitar problemas irreversibles<\/strong><\/p>\n<p><strong>Santo Domingo, abril de 2025<\/strong>\u00a0\u2013 La salud visual es un pilar esencial en la calidad de vida de las personas, influyendo en la seguridad, el rendimiento acad\u00e9mico y profesional, as\u00ed como en la capacidad de disfrutar plenamente las actividades diarias. Ante esta realidad, el\u00a0<strong>Instituto Espaillat Cabral<\/strong>, reconocido centro oftalmol\u00f3gico de la Rep\u00fablica Dominicana, hace un llamado a la poblaci\u00f3n para que adopte medidas preventivas y realice chequeos regulares, independientemente de la edad o la presencia de s\u00edntomas.<\/p>\n<p><img loading=\"lazy\" decoding=\"async\" class=\"aligncenter size-full\" src=\"https:\/\/diariosocialrd.com\/wp-content\/uploads\/2025\/04\/IMG_1172-scaled.jpeg\" width=\"2560\" height=\"1707\" \/><\/p>\n<p>Desde la infancia hasta la vejez, los ojos est\u00e1n expuestos a diversos factores que pueden comprometer su funci\u00f3n y bienestar. La detecci\u00f3n temprana de enfermedades visuales y el seguimiento m\u00e9dico adecuado son fundamentales para prevenir problemas irreversibles que afectan la autonom\u00eda y calidad de vida de los pacientes.<\/p>\n<p><strong>Infancia: la base del desarrollo visual y el aprendizaje<\/strong><\/p>\n<p>En la ni\u00f1ez, una visi\u00f3n saludable es determinante para el proceso de aprendizaje. Diversos estudios han demostrado que los problemas visuales no diagnosticados pueden estar relacionados con dificultades en la lectura, la escritura y el rendimiento acad\u00e9mico.<\/p>\n<p>Entre las afecciones m\u00e1s comunes en esta etapa se encuentran los\u00a0<strong>defectos refractivos<\/strong>, como la\u00a0<strong>miop\u00eda<\/strong>\u00a0(dificultad para ver de lejos), la\u00a0<strong>hipermetrop\u00eda<\/strong>\u00a0(dificultad para ver de cerca) y el\u00a0<strong>astigmatismo<\/strong>\u00a0(visi\u00f3n borrosa o distorsionada). Tambi\u00e9n es crucial detectar a tiempo la\u00a0<strong>ambliop\u00eda<\/strong>\u00a0(ojo vago) y el\u00a0<strong>estrabismo<\/strong>\u00a0(desviaci\u00f3n ocular), ya que, de no ser tratados en la infancia, pueden comprometer la visi\u00f3n binocular y afectar el desarrollo visual a largo plazo.<\/p>\n<p><strong>Adultez: el impacto del estilo de vida en la salud ocular<\/strong><\/p>\n<p>En la edad adulta, la exposici\u00f3n prolongada a pantallas digitales, la falta de protecci\u00f3n ocular ante la luz ultravioleta y el uso inadecuado de lentes de contacto pueden generar\u00a0<strong>fatiga visual, sequedad ocular y visi\u00f3n borrosa<\/strong>. Estos s\u00edntomas, aunque inicialmente pueden parecer inofensivos, pueden derivar en afecciones m\u00e1s graves si no se toman medidas preventivas.<\/p>\n<p>Adem\u00e1s, el\u00a0<strong>uso indiscriminado de medicamentos oft\u00e1lmicos sin prescripci\u00f3n m\u00e9dica<\/strong>, como gotas vasoconstrictoras, puede generar dependencia y agravar problemas preexistentes. \u201cAs\u00ed como controlamos la presi\u00f3n arterial o realizamos chequeos cardiol\u00f3gicos, nuestros ojos tambi\u00e9n necesitan atenci\u00f3n m\u00e9dica peri\u00f3dica\u201d, se\u00f1ala el Instituto Espaillat Cabral en su comunicado.<\/p>\n<p><strong>Tercera edad: prevenci\u00f3n de enfermedades oculares degenerativas<\/strong><\/p>\n<p>Con el envejecimiento, aumentan los riesgos de padecer enfermedades oftalmol\u00f3gicas progresivas que pueden causar\u00a0<strong>p\u00e9rdida de visi\u00f3n irreversible<\/strong>. Entre las m\u00e1s frecuentes se encuentran:<\/p>\n<p>\u2022\u00a0<strong>Cataratas:<\/strong>\u00a0opacidad del cristalino que nubla la visi\u00f3n y puede requerir cirug\u00eda para restaurarla.<\/p>\n<p>\u2022\u00a0<strong>Glaucoma:<\/strong>\u00a0enfermedad del nervio \u00f3ptico asociada a una presi\u00f3n intraocular elevada, que puede causar ceguera si no se trata a tiempo.<\/p>\n<p>\u2022\u00a0<strong>Degeneraci\u00f3n macular relacionada con la edad (DMRE):<\/strong>\u00a0deterioro progresivo de la retina que afecta la visi\u00f3n central y limita actividades como la lectura y la conducci\u00f3n.<\/p>\n<p>Muchas de estas condiciones son\u00a0<strong>silenciosas en sus etapas iniciales<\/strong>, por lo que los especialistas recomiendan realizar\u00a0<strong>ex\u00e1menes visuales preventivos<\/strong>\u00a0al menos una vez al a\u00f1o a partir de los 40 a\u00f1os, especialmente si hay antecedentes familiares de enfermedades oculares.<\/p>\n<p><strong>La prevenci\u00f3n como inversi\u00f3n en calidad de vida<\/strong><\/p>\n<p>El Instituto Espaillat Cabral enfatiza la importancia de la\u00a0<strong>concienciaci\u00f3n sobre el cuidado ocular en todas las edades<\/strong>, promoviendo la adopci\u00f3n de h\u00e1bitos saludables como:<\/p>\n<p>\u2022 Uso de\u00a0<strong>lentes con filtro UV<\/strong>\u00a0para proteger los ojos de la radiaci\u00f3n solar.<\/p>\n<p>\u2022 Reducci\u00f3n del\u00a0<strong>tiempo de exposici\u00f3n a pantallas digitales<\/strong>\u00a0y aplicaci\u00f3n de la regla 20-20-20 (descansar la vista cada 20 minutos, mirando a 20 pies de distancia por 20 segundos).<\/p>\n<p>\u2022 Evitar la\u00a0<strong>automedicaci\u00f3n<\/strong>\u00a0y acudir a consultas oftalmol\u00f3gicas regulares.<\/p>\n<p>\u2022 Mantener una\u00a0<strong>alimentaci\u00f3n balanceada<\/strong>, rica en antioxidantes y vitaminas A, C y E, esenciales para la salud ocular.<\/p>\n<p><em>\u201cProteger la salud visual es una inversi\u00f3n en bienestar, sin importar la edad. La detecci\u00f3n temprana y el tratamiento oportuno son clave para evitar complicaciones que pueden afectar de manera irreversible la calidad de vida\u201d<\/em>, concluye el comunicado del Instituto Espaillat Cabral.<\/p>\n<p>El llamado de los especialistas es claro: el cuidado de la visi\u00f3n no debe ser una prioridad solo cuando aparecen los s\u00edntomas, sino una pr\u00e1ctica constante a lo largo de toda la vida.<\/p>\n","protected":false},"excerpt":{"rendered":"<p>Especialistas exhortan a la poblaci\u00f3n a priorizar la prevenci\u00f3n y el cuidado ocular para evitar problemas irreversibles Santo Domingo, abril de 2025\u00a0\u2013 La salud visual es un pilar esencial en&hellip; <\/p>\n","protected":false},"author":2,"featured_media":70663,"comment_status":"closed","ping_status":"closed","sticky":false,"template":"","format":"standard","meta":{"fifu_image_url":"https:\/\/diariosocialrd.com\/wp-content\/uploads\/2025\/04\/IMG_1172-scaled.jpeg","fifu_image_alt":"","footnotes":""},"categories":[80],"tags":[],"class_list":["post-70662","post","type-post","status-publish","format-standard","has-post-thumbnail","hentry","category-salud"],"_links":{"self":[{"href":"https:\/\/elmundodelosnegocios.com.do\/v1\/wp-json\/wp\/v2\/posts\/70662","targetHints":{"allow":["GET"]}}],"collection":[{"href":"https:\/\/elmundodelosnegocios.com.do\/v1\/wp-json\/wp\/v2\/posts"}],"about":[{"href":"https:\/\/elmundodelosnegocios.com.do\/v1\/wp-json\/wp\/v2\/types\/post"}],"author":[{"embeddable":true,"href":"https:\/\/elmundodelosnegocios.com.do\/v1\/wp-json\/wp\/v2\/users\/2"}],"replies":[{"embeddable":true,"href":"https:\/\/elmundodelosnegocios.com.do\/v1\/wp-json\/wp\/v2\/comments?post=70662"}],"version-history":[{"count":1,"href":"https:\/\/elmundodelosnegocios.com.do\/v1\/wp-json\/wp\/v2\/posts\/70662\/revisions"}],"predecessor-version":[{"id":70664,"href":"https:\/\/elmundodelosnegocios.com.do\/v1\/wp-json\/wp\/v2\/posts\/70662\/revisions\/70664"}],"wp:featuredmedia":[{"embeddable":true,"href":"https:\/\/elmundodelosnegocios.com.do\/v1\/wp-json\/wp\/v2\/media\/70663"}],"wp:attachment":[{"href":"https:\/\/elmundodelosnegocios.com.do\/v1\/wp-json\/wp\/v2\/media?parent=70662"}],"wp:term":[{"taxonomy":"category","embeddable":true,"href":"https:\/\/elmundodelosnegocios.com.do\/v1\/wp-json\/wp\/v2\/categories?post=70662"},{"taxonomy":"post_tag","embeddable":true,"href":"https:\/\/elmundodelosnegocios.com.do\/v1\/wp-json\/wp\/v2\/tags?post=70662"}],"curies":[{"name":"wp","href":"https:\/\/api.w.org\/{rel}","templated":true}]}}