{"id":70694,"date":"2025-04-14T09:13:28","date_gmt":"2025-04-14T13:43:28","guid":{"rendered":"https:\/\/www.elmundodelosnegocios.com.do\/v1\/?p=70694"},"modified":"2025-04-14T09:17:19","modified_gmt":"2025-04-14T13:47:19","slug":"air-century-pone-en-marcha-nuevo-vuelo-entre-santo-domingo-y-bonaire","status":"publish","type":"post","link":"https:\/\/elmundodelosnegocios.com.do\/v1\/air-century-pone-en-marcha-nuevo-vuelo-entre-santo-domingo-y-bonaire\/","title":{"rendered":"Air Century pone en marcha nuevo vuelo entre Santo Domingo y Bonaire"},"content":{"rendered":"<p>La nueva conexi\u00f3n representa una mejora importante en la accesibilidad entre la Rep\u00fablica Dominicana y Bonaire<\/p>\n<p>Air Century anunci\u00f3 el lanzamiento de una nueva ruta a\u00e9rea estacional que conectar\u00e1 el Aeropuerto Internacional La Isabela, en Santo Domingo, con el Aeropuerto Internacional Flamingo en Bonaire. Este nuevo servicio busca fortalecer la conectividad regional en el Caribe.<\/p>\n<p><img loading=\"lazy\" decoding=\"async\" class=\"aligncenter size-full\" src=\"https:\/\/www.avionrevue.com\/wp-content\/uploads\/2023\/12\/air-centuri.jpg\" width=\"1024\" height=\"576\" \/><\/p>\n<p>A partir del pr\u00f3ximo 18 de junio, Air Century operar\u00e1 un vuelo semanal todos los mi\u00e9rcoles entre ambos destinos. La ruta ser\u00e1 servida por sus MHI CRJ-200, con capacidad para 50 pasajeros. Seg\u00fan el anuncio, las tarifas promocionales iniciar\u00e1n desde los $199 USD por trayecto.<\/p>\n<p>La nueva conexi\u00f3n representa una mejora importante en la accesibilidad entre la Rep\u00fablica Dominicana y Bonaire, ofreciendo una opci\u00f3n asequible tanto para viajeros de placer como para aquellos que visitan a amigos y familiares en la isla caribe\u00f1a neerlandesa.<\/p>\n<p>En ese sentido, Gregorio Matthew, gerente de Operaciones Aeroportuarias de BIA, coment\u00f3 que \u00abcon Air Century, abrimos nuevas puertas al Caribe con la calidez y alegr\u00eda que los dominicanos saben ofrecer\u00bb.<\/p>\n<p>De su lado, Maarten van der Scheer, director de BIA, dijo que, \u00abesperamos que las tarifas competitivas de Air Century hagan que viajar a la Rep\u00fablica Dominicana sea m\u00e1s accesible para nuestra comunidad\u00bb.<\/p>\n<p>El lanzamiento de esta ruta es fruto de la colaboraci\u00f3n entre Air Century y la Corporaci\u00f3n de Turismo de Bonaire, ambas entidades ven con optimismo el potencial de este nuevo enlace a\u00e9reo para fomentar el intercambio tur\u00edstico y cultural entre las dos islas.<\/p>\n","protected":false},"excerpt":{"rendered":"<p>La nueva conexi\u00f3n representa una mejora importante en la accesibilidad entre la Rep\u00fablica Dominicana y Bonaire Air Century anunci\u00f3 el lanzamiento de una nueva ruta a\u00e9rea estacional que conectar\u00e1 el&hellip; <\/p>\n","protected":false},"author":2,"featured_media":70695,"comment_status":"closed","ping_status":"closed","sticky":false,"template":"","format":"standard","meta":{"fifu_image_url":"https:\/\/www.avionrevue.com\/wp-content\/uploads\/2023\/12\/air-centuri.jpg","fifu_image_alt":"","footnotes":""},"categories":[169],"tags":[],"class_list":["post-70694","post","type-post","status-publish","format-standard","has-post-thumbnail","hentry","category-transporte-internacional"],"_links":{"self":[{"href":"https:\/\/elmundodelosnegocios.com.do\/v1\/wp-json\/wp\/v2\/posts\/70694","targetHints":{"allow":["GET"]}}],"collection":[{"href":"https:\/\/elmundodelosnegocios.com.do\/v1\/wp-json\/wp\/v2\/posts"}],"about":[{"href":"https:\/\/elmundodelosnegocios.com.do\/v1\/wp-json\/wp\/v2\/types\/post"}],"author":[{"embeddable":true,"href":"https:\/\/elmundodelosnegocios.com.do\/v1\/wp-json\/wp\/v2\/users\/2"}],"replies":[{"embeddable":true,"href":"https:\/\/elmundodelosnegocios.com.do\/v1\/wp-json\/wp\/v2\/comments?post=70694"}],"version-history":[{"count":1,"href":"https:\/\/elmundodelosnegocios.com.do\/v1\/wp-json\/wp\/v2\/posts\/70694\/revisions"}],"predecessor-version":[{"id":70696,"href":"https:\/\/elmundodelosnegocios.com.do\/v1\/wp-json\/wp\/v2\/posts\/70694\/revisions\/70696"}],"wp:featuredmedia":[{"embeddable":true,"href":"https:\/\/elmundodelosnegocios.com.do\/v1\/wp-json\/wp\/v2\/media\/70695"}],"wp:attachment":[{"href":"https:\/\/elmundodelosnegocios.com.do\/v1\/wp-json\/wp\/v2\/media?parent=70694"}],"wp:term":[{"taxonomy":"category","embeddable":true,"href":"https:\/\/elmundodelosnegocios.com.do\/v1\/wp-json\/wp\/v2\/categories?post=70694"},{"taxonomy":"post_tag","embeddable":true,"href":"https:\/\/elmundodelosnegocios.com.do\/v1\/wp-json\/wp\/v2\/tags?post=70694"}],"curies":[{"name":"wp","href":"https:\/\/api.w.org\/{rel}","templated":true}]}}