{"id":70718,"date":"2025-04-16T09:01:22","date_gmt":"2025-04-16T13:31:22","guid":{"rendered":"https:\/\/www.elmundodelosnegocios.com.do\/v1\/?p=70718"},"modified":"2025-04-16T09:01:22","modified_gmt":"2025-04-16T13:31:22","slug":"informa-mirex-situacion-consulado-dominicano-en-mirebalais-haiti","status":"publish","type":"post","link":"https:\/\/elmundodelosnegocios.com.do\/v1\/informa-mirex-situacion-consulado-dominicano-en-mirebalais-haiti\/","title":{"rendered":"Informa MIREX situaci\u00f3n Consulado Dominicano en Mirebalais, Hait\u00ed."},"content":{"rendered":"<p><span style=\"font-weight: 400;\">Santo Domingo de Guzm\u00e1n, Rep\u00fablica Dominicana.- El Ministerio de Relaciones Exteriores informa que, en la tarde del mi\u00e9rcoles 9 de abril, bandas criminales tomaron el control de la comuna haitiana de Mirebalais, donde se encontraba ubicado un edificio que albergaba el Consulado Dominicano en esa zona.<\/span><\/p>\n<p><a href=\"http:\/\/elmundodelosnegocios.com.do\/v1\/wp-content\/uploads\/2025\/04\/cancilleria.jpeg\"><img loading=\"lazy\" decoding=\"async\" class=\"aligncenter size-full wp-image-70719\" src=\"http:\/\/elmundodelosnegocios.com.do\/v1\/wp-content\/uploads\/2025\/04\/cancilleria.jpeg\" alt=\"\" width=\"696\" height=\"464\" srcset=\"https:\/\/elmundodelosnegocios.com.do\/v1\/wp-content\/uploads\/2025\/04\/cancilleria.jpeg 696w, https:\/\/elmundodelosnegocios.com.do\/v1\/wp-content\/uploads\/2025\/04\/cancilleria-300x200.jpeg 300w\" sizes=\"auto, (max-width: 696px) 100vw, 696px\" \/><\/a><\/p>\n<p><span style=\"font-weight: 400;\">En una nota de prensa, la instituci\u00f3n detall\u00f3 que, gracias a las medidas preventivas adoptadas por el MIREX, todo el personal dominicano ya hab\u00eda sido evacuado d\u00edas antes, y el local estaba cerrado al momento de la ocupaci\u00f3n del poblado por las pandillas.<\/span><\/p>\n<p><span style=\"font-weight: 400;\">La Canciller\u00eda agreg\u00f3 que \u201csi bien es un hecho condenable, el inmueble es alquilado, y en su interior no hab\u00eda ni estampillas de visado, ni libretas de pasaporte, ni ning\u00fan otro documento oficial, por lo que no hay afectaci\u00f3n de inter\u00e9s nacional alguno\u201d, explic\u00f3.\u00a0<\/span><\/p>\n","protected":false},"excerpt":{"rendered":"<p>Santo Domingo de Guzm\u00e1n, Rep\u00fablica Dominicana.- El Ministerio de Relaciones Exteriores informa que, en la tarde del mi\u00e9rcoles 9 de abril, bandas criminales tomaron el control de la comuna haitiana&hellip; <\/p>\n","protected":false},"author":2,"featured_media":70719,"comment_status":"closed","ping_status":"closed","sticky":false,"template":"","format":"standard","meta":{"fifu_image_url":"","fifu_image_alt":"","footnotes":""},"categories":[235],"tags":[],"class_list":["post-70718","post","type-post","status-publish","format-standard","has-post-thumbnail","hentry","category-politica-exterior"],"_links":{"self":[{"href":"https:\/\/elmundodelosnegocios.com.do\/v1\/wp-json\/wp\/v2\/posts\/70718","targetHints":{"allow":["GET"]}}],"collection":[{"href":"https:\/\/elmundodelosnegocios.com.do\/v1\/wp-json\/wp\/v2\/posts"}],"about":[{"href":"https:\/\/elmundodelosnegocios.com.do\/v1\/wp-json\/wp\/v2\/types\/post"}],"author":[{"embeddable":true,"href":"https:\/\/elmundodelosnegocios.com.do\/v1\/wp-json\/wp\/v2\/users\/2"}],"replies":[{"embeddable":true,"href":"https:\/\/elmundodelosnegocios.com.do\/v1\/wp-json\/wp\/v2\/comments?post=70718"}],"version-history":[{"count":1,"href":"https:\/\/elmundodelosnegocios.com.do\/v1\/wp-json\/wp\/v2\/posts\/70718\/revisions"}],"predecessor-version":[{"id":70720,"href":"https:\/\/elmundodelosnegocios.com.do\/v1\/wp-json\/wp\/v2\/posts\/70718\/revisions\/70720"}],"wp:featuredmedia":[{"embeddable":true,"href":"https:\/\/elmundodelosnegocios.com.do\/v1\/wp-json\/wp\/v2\/media\/70719"}],"wp:attachment":[{"href":"https:\/\/elmundodelosnegocios.com.do\/v1\/wp-json\/wp\/v2\/media?parent=70718"}],"wp:term":[{"taxonomy":"category","embeddable":true,"href":"https:\/\/elmundodelosnegocios.com.do\/v1\/wp-json\/wp\/v2\/categories?post=70718"},{"taxonomy":"post_tag","embeddable":true,"href":"https:\/\/elmundodelosnegocios.com.do\/v1\/wp-json\/wp\/v2\/tags?post=70718"}],"curies":[{"name":"wp","href":"https:\/\/api.w.org\/{rel}","templated":true}]}}