{"id":70735,"date":"2025-04-17T15:19:03","date_gmt":"2025-04-17T19:49:03","guid":{"rendered":"https:\/\/www.elmundodelosnegocios.com.do\/v1\/?p=70735"},"modified":"2025-04-17T15:19:03","modified_gmt":"2025-04-17T19:49:03","slug":"asociacion-turismo-salud-ve-importante-atencion-centrada-en-paciente","status":"publish","type":"post","link":"https:\/\/elmundodelosnegocios.com.do\/v1\/asociacion-turismo-salud-ve-importante-atencion-centrada-en-paciente\/","title":{"rendered":"Asociaci\u00f3n Turismo Salud ve importante atenci\u00f3n centrada en paciente"},"content":{"rendered":"<p>Santo Domingo. \u2013 La Asociaci\u00f3n Dominicana de Turismo de Salud destac\u00f3 la importancia de consolidar una atenci\u00f3n m\u00e9dica internacional centrada en la persona, sostenible, culturalmente competente y transparente.<\/p>\n<p>El doctor Alejandro Cambiaso, su presidente, asegur\u00f3 que esta atenci\u00f3n debe estar orientada a responder a las expectativas del paciente global y fortalecer la calidad de los servicios de salud en los pa\u00edses receptores.<\/p>\n<p><a href=\"http:\/\/elmundodelosnegocios.com.do\/v1\/wp-content\/uploads\/2025\/04\/panel-sobre-pacientes-en-colombia.jpg\"><img loading=\"lazy\" decoding=\"async\" class=\"aligncenter size-full wp-image-70736\" src=\"http:\/\/elmundodelosnegocios.com.do\/v1\/wp-content\/uploads\/2025\/04\/panel-sobre-pacientes-en-colombia.jpg\" alt=\"\" width=\"936\" height=\"746\" srcset=\"https:\/\/elmundodelosnegocios.com.do\/v1\/wp-content\/uploads\/2025\/04\/panel-sobre-pacientes-en-colombia.jpg 936w, https:\/\/elmundodelosnegocios.com.do\/v1\/wp-content\/uploads\/2025\/04\/panel-sobre-pacientes-en-colombia-300x239.jpg 300w, https:\/\/elmundodelosnegocios.com.do\/v1\/wp-content\/uploads\/2025\/04\/panel-sobre-pacientes-en-colombia-768x612.jpg 768w\" sizes=\"auto, (max-width: 936px) 100vw, 936px\" \/><\/a><\/p>\n<p>Al disertar en un evento internacional en Cali, Colombia, destac\u00f3 la necesidad de impulsar sinergias p\u00fablico-privadas multisectoriales y fomentar la cooperaci\u00f3n regional para fortalecer capacidades locales en \u00e1reas como formaci\u00f3n profesional, acreditaci\u00f3n de centros, conectividad a\u00e9rea, tecnolog\u00eda y alianzas estrat\u00e9gicas.<\/p>\n<p>Mencion\u00f3 tambi\u00e9n los avances regulatorios de Rep\u00fablica Dominicana, como el decreto 787-21, que establece el turismo de salud como prioridad nacional, y el Proyecto de Ley de Turismo de Salud, recientemente aprobado en el Senado, que promueve la transparencia, sostenibilidad y regulaci\u00f3n del sector.<\/p>\n<p>Llam\u00f3 a integrar al sector tur\u00edstico como aliado estrat\u00e9gico para potenciar nichos emergentes como el turismo de retiro y bienestar, con alto impacto en la generaci\u00f3n de empleos, divisas, transferencia de conocimiento e innovaci\u00f3n en modelos de atenci\u00f3n.<\/p>\n<p>\u201cEl turismo de salud no solo debe verse como una fuente de ingresos, sino como una oportunidad para elevar los est\u00e1ndares de nuestros sistemas sanitarios, impulsar la innovaci\u00f3n en los modelos de atenci\u00f3n y generar bienestar compartido\u201d, coment\u00f3.<\/p>\n<p>El doctor Cambiaso fue uno de los panelistas del Simposio Internacional de Calidad y Seguridad del Paciente, organizado por la Cl\u00ednica Imbanaco Grupo Quir\u00f3nslud, en la colombiana ciudad de Cali.<\/p>\n<p>Cambiaso particip\u00f3 como panelista internacional en el conversatorio \u201cCuidar de la salud global brindando una atenci\u00f3n m\u00e9dica internacional de alta calidad\u201d, moderado por la Dra. Liliana Pati\u00f1o, gerente comercial de Cl\u00ednica Imbanaco.<\/p>\n<p>El evento reuni\u00f3 a expertos y l\u00edderes del sector salud de Chile, Panam\u00e1, Costa Rica, Argentina, Colombia y Rep\u00fablica Dominicana, fomentando un valioso intercambio de experiencias y buenas pr\u00e1cticas enfocadas en elevar la calidad, la seguridad y la experiencia del paciente en Latinoam\u00e9rica.<\/p>\n<p>La jornada inaugural estuvo presidida por el Dr. Rafael Gonz\u00e1lez Molina, director general de la Cl\u00ednica Imbanaco, y cont\u00f3 con una conferencia magistral del Dr. Germ\u00e1n Escobar, secretario de Salud de Cali, quien destac\u00f3 la importancia de construir sistemas sanitarios resilientes, accesibles y centrados en la calidad.<\/p>\n","protected":false},"excerpt":{"rendered":"<p>Santo Domingo. \u2013 La Asociaci\u00f3n Dominicana de Turismo de Salud destac\u00f3 la importancia de consolidar una atenci\u00f3n m\u00e9dica internacional centrada en la persona, sostenible, culturalmente competente y transparente. El doctor&hellip; <\/p>\n","protected":false},"author":2,"featured_media":70736,"comment_status":"closed","ping_status":"closed","sticky":false,"template":"","format":"standard","meta":{"fifu_image_url":"","fifu_image_alt":"","footnotes":""},"categories":[172],"tags":[],"class_list":["post-70735","post","type-post","status-publish","format-standard","has-post-thumbnail","hentry","category-turismo"],"_links":{"self":[{"href":"https:\/\/elmundodelosnegocios.com.do\/v1\/wp-json\/wp\/v2\/posts\/70735","targetHints":{"allow":["GET"]}}],"collection":[{"href":"https:\/\/elmundodelosnegocios.com.do\/v1\/wp-json\/wp\/v2\/posts"}],"about":[{"href":"https:\/\/elmundodelosnegocios.com.do\/v1\/wp-json\/wp\/v2\/types\/post"}],"author":[{"embeddable":true,"href":"https:\/\/elmundodelosnegocios.com.do\/v1\/wp-json\/wp\/v2\/users\/2"}],"replies":[{"embeddable":true,"href":"https:\/\/elmundodelosnegocios.com.do\/v1\/wp-json\/wp\/v2\/comments?post=70735"}],"version-history":[{"count":1,"href":"https:\/\/elmundodelosnegocios.com.do\/v1\/wp-json\/wp\/v2\/posts\/70735\/revisions"}],"predecessor-version":[{"id":70737,"href":"https:\/\/elmundodelosnegocios.com.do\/v1\/wp-json\/wp\/v2\/posts\/70735\/revisions\/70737"}],"wp:featuredmedia":[{"embeddable":true,"href":"https:\/\/elmundodelosnegocios.com.do\/v1\/wp-json\/wp\/v2\/media\/70736"}],"wp:attachment":[{"href":"https:\/\/elmundodelosnegocios.com.do\/v1\/wp-json\/wp\/v2\/media?parent=70735"}],"wp:term":[{"taxonomy":"category","embeddable":true,"href":"https:\/\/elmundodelosnegocios.com.do\/v1\/wp-json\/wp\/v2\/categories?post=70735"},{"taxonomy":"post_tag","embeddable":true,"href":"https:\/\/elmundodelosnegocios.com.do\/v1\/wp-json\/wp\/v2\/tags?post=70735"}],"curies":[{"name":"wp","href":"https:\/\/api.w.org\/{rel}","templated":true}]}}