{"id":70785,"date":"2025-04-27T13:04:14","date_gmt":"2025-04-27T17:34:14","guid":{"rendered":"https:\/\/www.elmundodelosnegocios.com.do\/v1\/?p=70785"},"modified":"2025-04-27T13:04:14","modified_gmt":"2025-04-27T17:34:14","slug":"grupo-popular-celebra-asamblea-de-accionistas-4","status":"publish","type":"post","link":"https:\/\/elmundodelosnegocios.com.do\/v1\/grupo-popular-celebra-asamblea-de-accionistas-4\/","title":{"rendered":"Grupo Popular celebra asamblea de accionistas"},"content":{"rendered":"<h2><span class=\"ms-rteFontSize-3\">Primer grupo de capital privado en superar el bill\u00f3n en activos<\/span><\/h2>\n<p>\u200bSanto Domingo, D.N. \u2013 El Grupo Popular celebr\u00f3 su Asamblea General Ordinaria Anual de Accionistas, presidida por el se\u00f1or Manuel A. Grull\u00f3n, en la cual se inform\u00f3 sobre el excelente desempe\u00f1o obtenido por sus empresas filiales durante el pasado a\u00f1o, reafirmando su compromiso con el desarrollo econ\u00f3mico, social y medioambiental del pa\u00eds, y posicion\u00e1ndose como un motor clave en la transformaci\u00f3n del ecosistema econ\u00f3mico y financiero nacional.<\/p>\n<p><a href=\"http:\/\/elmundodelosnegocios.com.do\/v1\/wp-content\/uploads\/2025\/04\/BPD-slider-Principal.jpg\"><img loading=\"lazy\" decoding=\"async\" class=\"aligncenter wp-image-70786 size-full\" src=\"http:\/\/elmundodelosnegocios.com.do\/v1\/wp-content\/uploads\/2025\/04\/BPD-slider-Principal.jpg\" alt=\"\" width=\"850\" height=\"450\" srcset=\"https:\/\/elmundodelosnegocios.com.do\/v1\/wp-content\/uploads\/2025\/04\/BPD-slider-Principal.jpg 850w, https:\/\/elmundodelosnegocios.com.do\/v1\/wp-content\/uploads\/2025\/04\/BPD-slider-Principal-300x159.jpg 300w, https:\/\/elmundodelosnegocios.com.do\/v1\/wp-content\/uploads\/2025\/04\/BPD-slider-Principal-768x407.jpg 768w\" sizes=\"auto, (max-width: 850px) 100vw, 850px\" \/><\/a><\/p>\n<p><strong>Resultados financieros<\/strong><\/p>\n<p>Durante el encuentro, se present\u00f3 el Informe del Consejo de Administraci\u00f3n, a cargo del presidente ejecutivo del Grupo Popular, se\u00f1or Ren\u00e9 Grull\u00f3n Finet, en el cual destac\u00f3 que, al cierre de 2024, los activos totales consolidados del Grupo Popular alcanzaron RD$1,002,513 millones, un crecimiento de 13% respecto al a\u00f1o anterior, siendo el primer grupo empresarial y financiero de capital privado en superar el bill\u00f3n de pesos en activos en la Rep\u00fablica Dominicana.<\/p>\n<p><a href=\"http:\/\/elmundodelosnegocios.com.do\/v1\/wp-content\/uploads\/2025\/04\/BPD-slider-ISM08634.jpg\"><img loading=\"lazy\" decoding=\"async\" class=\"aligncenter size-full wp-image-70787\" src=\"http:\/\/elmundodelosnegocios.com.do\/v1\/wp-content\/uploads\/2025\/04\/BPD-slider-ISM08634.jpg\" alt=\"\" width=\"850\" height=\"450\" srcset=\"https:\/\/elmundodelosnegocios.com.do\/v1\/wp-content\/uploads\/2025\/04\/BPD-slider-ISM08634.jpg 850w, https:\/\/elmundodelosnegocios.com.do\/v1\/wp-content\/uploads\/2025\/04\/BPD-slider-ISM08634-300x159.jpg 300w, https:\/\/elmundodelosnegocios.com.do\/v1\/wp-content\/uploads\/2025\/04\/BPD-slider-ISM08634-768x407.jpg 768w\" sizes=\"auto, (max-width: 850px) 100vw, 850px\" \/><\/a><\/p>\n<p>La cartera de pr\u00e9stamos neta consolidada se elev\u00f3 a RD$604,082 millones con un aumento porcentual de 12%. Mientras los dep\u00f3sitos totales consolidados ascendieron a RD$702,595 millones, reflejando un incremento de 15%.<\/p>\n<p><a href=\"http:\/\/elmundodelosnegocios.com.do\/v1\/wp-content\/uploads\/2025\/04\/BPD-slider-DSC09494.jpg\"><img loading=\"lazy\" decoding=\"async\" class=\"aligncenter size-full wp-image-70788\" src=\"http:\/\/elmundodelosnegocios.com.do\/v1\/wp-content\/uploads\/2025\/04\/BPD-slider-DSC09494.jpg\" alt=\"\" width=\"850\" height=\"450\" srcset=\"https:\/\/elmundodelosnegocios.com.do\/v1\/wp-content\/uploads\/2025\/04\/BPD-slider-DSC09494.jpg 850w, https:\/\/elmundodelosnegocios.com.do\/v1\/wp-content\/uploads\/2025\/04\/BPD-slider-DSC09494-300x159.jpg 300w, https:\/\/elmundodelosnegocios.com.do\/v1\/wp-content\/uploads\/2025\/04\/BPD-slider-DSC09494-768x407.jpg 768w\" sizes=\"auto, (max-width: 850px) 100vw, 850px\" \/><\/a><\/p>\n<p>El Grupo Popular present\u00f3 utilidades brutas consolidadas por RD$41,642 millones, que resultaron en utilidades netas consolidadas de RD$31,264 millones, tras el pago de RD$10,378 millones por concepto de Impuesto sobre la Renta.<\/p>\n<p><a href=\"http:\/\/elmundodelosnegocios.com.do\/v1\/wp-content\/uploads\/2025\/04\/BPD-slider-DSC09240.jpg\"><img loading=\"lazy\" decoding=\"async\" class=\"aligncenter size-full wp-image-70789\" src=\"http:\/\/elmundodelosnegocios.com.do\/v1\/wp-content\/uploads\/2025\/04\/BPD-slider-DSC09240.jpg\" alt=\"\" width=\"850\" height=\"450\" srcset=\"https:\/\/elmundodelosnegocios.com.do\/v1\/wp-content\/uploads\/2025\/04\/BPD-slider-DSC09240.jpg 850w, https:\/\/elmundodelosnegocios.com.do\/v1\/wp-content\/uploads\/2025\/04\/BPD-slider-DSC09240-300x159.jpg 300w, https:\/\/elmundodelosnegocios.com.do\/v1\/wp-content\/uploads\/2025\/04\/BPD-slider-DSC09240-768x407.jpg 768w\" sizes=\"auto, (max-width: 850px) 100vw, 850px\" \/><\/a><\/p>\n<p>Por su parte, los fondos patrimoniales que respaldan las operaciones del Grupo Popular se ubicaron en RD$181,728 millones, tras un crecimiento de RD$26,623 millones.<\/p>\n<p>\u201cEste desempe\u00f1o fue respaldado por una estrategia innovadora y una visi\u00f3n sostenible que han definido la identidad del grupo durante d\u00e9cadas\u00bb, subray\u00f3 el se\u00f1or Grull\u00f3n Finet, quien a\u00f1adi\u00f3 que durante 2024 la organizaci\u00f3n reafirm\u00f3 su compromiso de \u201cser un motor clave para el desarrollo del pa\u00eds, impactando positivamente tanto en el bienestar social como en el crecimiento econ\u00f3mico. Nuestra apuesta por la innovaci\u00f3n y la eficiencia nos ha permitido seguir transformando el ecosistema financiero nacional\u00bb.<\/p>\n<p><strong>Desempe\u00f1o de las filiales<\/strong><\/p>\n<p>La asamblea de accionistas conoci\u00f3 el desempe\u00f1o de las principales filiales del Grupo Popular. Entre estas, el Banco Popular Dominicano, que celebr\u00f3 su 60.\u00ba aniversario, cerr\u00f3 el a\u00f1o con RD$849,557 millones en activos, superando en 12.5% el periodo anterior.<\/p>\n<p>Por su parte, la Administradora de Fondos de Pensiones Popular (AFP Popular) se consolid\u00f3 como l\u00edder del sistema previsional con 1,523,195 afiliados y 684,959 cotizantes, lo que representa una participaci\u00f3n de mercado de 31.79% y 33.48%, respectivamente. En ese mismo orden, los fondos administrados ascendieron a RD$376,686 millones, representando una participaci\u00f3n de mercado de 33.48% al finalizar el a\u00f1o.<\/p>\n<p>Entretanto, AZUL, marca comercial de Servicios Digitales Popular, registr\u00f3 un incremento de 16.3% en facturaci\u00f3n y 29% en n\u00famero de transacciones procesadas. Su compa\u00f1\u00eda subsidiaria AVANCE realiz\u00f3 5,458 facilidades crediticias, un crecimiento de 16.3% respecto al a\u00f1o anterior.<\/p>\n<p>En cuanto a las filiales que operan en el mercado de valores, el puesto de bolsa Inversiones Popular logr\u00f3 aumentar sus activos en 23%, mientras que los activos de la Administradora de Fondos de Inversi\u00f3n Popular (AFI Popular) crecieron un 66% sobre el a\u00f1o anterior. Fiduciaria Popular firm\u00f3 60 nuevos contratos, superando los 400 fideicomisos activos y logrando un incremento de activos de 37.7%.<\/p>\n<p>Sobre Popular Bank Ltd., filial con licencia bancaria internacional en Panam\u00e1, cerr\u00f3 el a\u00f1o con activos por US$1,593 millones, representando un incremento de 8%, gracias a mejorar la eficiencia en la administraci\u00f3n de los gastos financieros y operativos.<\/p>\n<p>En tanto, Qik Banco Digital, primer banco 100% digital en el pa\u00eds, celebr\u00f3 su segundo aniversario con m\u00e1s de 600,000 clientes, RD$4,955 millones en dep\u00f3sitos y 99,781 tarjetas de cr\u00e9dito aprobadas, posicion\u00e1ndose como el tercer mayor emisor de nuevas tarjetas de cr\u00e9dito del pa\u00eds.<\/p>\n<p>Respecto a GCS International, report\u00f3 a trav\u00e9s de su plataforma tPago 116,000 nuevos afiliados y 19.8 millones de transacciones, mientras que su red de subagentes bancarios Mi Punto super\u00f3 las 5.7 millones de operaciones y una cobertura nacional que alcanza los 688 comercios.<\/p>\n<p>Finalmente, la Fundaci\u00f3n Popular celebr\u00f3 el noveno aniversario de la C\u00e1tedra de Sostenibilidad \u201cAlejandro E. Grull\u00f3n E.\u00bb, un referente en la formaci\u00f3n de l\u00edderes comprometidos con el desarrollo sostenible.<\/p>\n<p><strong>Asamblea General Ordinaria Anual<\/strong><\/p>\n<p>Al sesionar como Asamblea General Ordinaria Anual, la asamblea de accionistas tom\u00f3 acta de las acciones suscritas y pagadas con cargo al capital social autorizado. Se procedi\u00f3 a conocer y aprobar el Informe de Gesti\u00f3n del Consejo de Administraci\u00f3n, as\u00ed como los estados financieros correspondientes al a\u00f1o 2024 y el informe del Comisario de Cuentas.<\/p>\n<p>Los accionistas aprobaron los estados financieros auditados y la gesti\u00f3n del Consejo de Administraci\u00f3n. Tambi\u00e9n dispusieron el destino de las utilidades, autorizando la distribuci\u00f3n de dividendos conforme a la pol\u00edtica institucional y los resultados obtenidos.<\/p>\n<p><strong>Nombramientos y ratificaciones<\/strong><\/p>\n<p>Asimismo, la asamblea de accionistas conoci\u00f3 los nombramientos y ratificaciones de los miembros del Consejo de Administraci\u00f3n. El se\u00f1or Manuel A. Grull\u00f3n fue confirmado como presidente del Consejo de Administraci\u00f3n del Grupo Popular y el se\u00f1or Felipe Vicini, como vicepresidente, ocupando esta posici\u00f3n ante el retiro voluntario del se\u00f1or Marino D. Espinal como vicepresidente y miembro de este consejo, luego de haberse desempe\u00f1ado por m\u00e1s de cuatro d\u00e9cadas como consejero.<\/p>\n<p>En reconocimiento a sus aportes y trayectoria, el se\u00f1or Espinal fue nominado como consejero em\u00e9rito, el m\u00e1s alto honor concedido por la sociedad en atenci\u00f3n a su labor.<\/p>\n<p>Asimismo, se ratificaron los miembros que integran el Grupo I, por el per\u00edodo de tres a\u00f1os, los se\u00f1ores Andr\u00e9s E. Bobadilla, Alex Pimentel M., Jos\u00e9 Armando Berm\u00fadez Madera, Manuel E. Tavares S\u00e1nchez y A. Alejandro Santelises, y se incluy\u00f3 al se\u00f1or Pr\u00e1xedes J. Castillo B\u00e1ez como miembro en funciones dentro del Grupo III por el periodo de tres a\u00f1os.<\/p>\n<p>Los asamble\u00edstas conocieron tambi\u00e9n el nombramiento de tres miembros adicionales por el periodo de un a\u00f1o: los se\u00f1ores Manuel E. Jim\u00e9nez F., Dolores Pozo Perell\u00f3 y Mar\u00eda Jes\u00fas Fern\u00e1ndez.<\/p>\n<p>De acuerdo con lo dispuesto tras los cambios organizacionales del pasado 20 de febrero, el se\u00f1or Manuel E. Jim\u00e9nez F. se retir\u00f3 de sus funciones ejecutivas al frente de la Presidencia Ejecutiva del Grupo Popular. Durante una trayectoria de 58 a\u00f1os, el se\u00f1or Jim\u00e9nez F. realiz\u00f3 relevantes aportes al posicionamiento y fortaleza de la organizaci\u00f3n, destac\u00e1ndose su liderazgo, profesionalidad y calidad humana.<\/p>\n<p>Al frente de esta funci\u00f3n ejecutiva del Grupo Popular, se aprob\u00f3 el nombramiento del se\u00f1or Ren\u00e9 Grull\u00f3n como nuevo presidente ejecutivo de la organizaci\u00f3n.<\/p>\n<p>Se procedi\u00f3 igualmente con el nombramiento del Comisario de Cuentas y su suplente para los pr\u00f3ximos dos ejercicios sociales, se\u00f1ores Miguel Antonio Lueje Cheas y Mario Savi\u00f1\u00f3n Mera, respectivamente, y se design\u00f3 a KPMG Dominicana, S. A. como la firma de auditores externos para los ejercicios fiscales de 2025, 2026 y 2027.<\/p>\n<p>Adem\u00e1s, fue aprobado el presupuesto para el ejercicio 2025, sometido por el Consejo de Administraci\u00f3n<strong>.<\/strong><\/p>\n<p><span data-teams=\"true\">Al cierre de 2024, el Grupo Popular contaba con 13,868 accionistas, aumentando desde los 13,380 que ten\u00eda un a\u00f1o antes.<\/span><\/p>\n","protected":false},"excerpt":{"rendered":"<p>Primer grupo de capital privado en superar el bill\u00f3n en activos \u200bSanto Domingo, D.N. \u2013 El Grupo Popular celebr\u00f3 su Asamblea General Ordinaria Anual de Accionistas, presidida por el se\u00f1or&hellip; <\/p>\n","protected":false},"author":2,"featured_media":70786,"comment_status":"closed","ping_status":"closed","sticky":false,"template":"","format":"standard","meta":{"fifu_image_url":"","fifu_image_alt":"","footnotes":""},"categories":[180],"tags":[],"class_list":["post-70785","post","type-post","status-publish","format-standard","has-post-thumbnail","hentry","category-banca"],"_links":{"self":[{"href":"https:\/\/elmundodelosnegocios.com.do\/v1\/wp-json\/wp\/v2\/posts\/70785","targetHints":{"allow":["GET"]}}],"collection":[{"href":"https:\/\/elmundodelosnegocios.com.do\/v1\/wp-json\/wp\/v2\/posts"}],"about":[{"href":"https:\/\/elmundodelosnegocios.com.do\/v1\/wp-json\/wp\/v2\/types\/post"}],"author":[{"embeddable":true,"href":"https:\/\/elmundodelosnegocios.com.do\/v1\/wp-json\/wp\/v2\/users\/2"}],"replies":[{"embeddable":true,"href":"https:\/\/elmundodelosnegocios.com.do\/v1\/wp-json\/wp\/v2\/comments?post=70785"}],"version-history":[{"count":1,"href":"https:\/\/elmundodelosnegocios.com.do\/v1\/wp-json\/wp\/v2\/posts\/70785\/revisions"}],"predecessor-version":[{"id":70790,"href":"https:\/\/elmundodelosnegocios.com.do\/v1\/wp-json\/wp\/v2\/posts\/70785\/revisions\/70790"}],"wp:featuredmedia":[{"embeddable":true,"href":"https:\/\/elmundodelosnegocios.com.do\/v1\/wp-json\/wp\/v2\/media\/70786"}],"wp:attachment":[{"href":"https:\/\/elmundodelosnegocios.com.do\/v1\/wp-json\/wp\/v2\/media?parent=70785"}],"wp:term":[{"taxonomy":"category","embeddable":true,"href":"https:\/\/elmundodelosnegocios.com.do\/v1\/wp-json\/wp\/v2\/categories?post=70785"},{"taxonomy":"post_tag","embeddable":true,"href":"https:\/\/elmundodelosnegocios.com.do\/v1\/wp-json\/wp\/v2\/tags?post=70785"}],"curies":[{"name":"wp","href":"https:\/\/api.w.org\/{rel}","templated":true}]}}