{"id":70791,"date":"2025-04-27T13:06:25","date_gmt":"2025-04-27T17:36:25","guid":{"rendered":"https:\/\/www.elmundodelosnegocios.com.do\/v1\/?p=70791"},"modified":"2025-04-27T13:06:25","modified_gmt":"2025-04-27T17:36:25","slug":"indusnig-alcanza-el-millon-una-empresa-dominicana-convierte-la-conciencia-ambiental-en-legado-corporativo","status":"publish","type":"post","link":"https:\/\/elmundodelosnegocios.com.do\/v1\/indusnig-alcanza-el-millon-una-empresa-dominicana-convierte-la-conciencia-ambiental-en-legado-corporativo\/","title":{"rendered":"Indusnig alcanza el mill\u00f3n: una empresa dominicana convierte la conciencia ambiental en legado corporativo"},"content":{"rendered":"<p><strong>Santo Domingo, abril de 2025.<\/strong>\u00a0\u2014 En un tiempo donde los titulares globales alertan sobre la creciente crisis ambiental, una empresa dominicana marca un precedente ejemplar desde su propia casa. Indusnig ha anunciado con orgullo que ha alcanzado la recolecci\u00f3n de\u00a0<strong>1,044,775 botellas pl\u00e1sticas<\/strong>, una cifra que no solo simboliza compromiso, sino que tambi\u00e9n representa un esfuerzo sostenido de m\u00e1s de tres a\u00f1os a trav\u00e9s de su programa interno\u00a0<em>Ser Mejores Ciudadanos<\/em>.<\/p>\n<p>La empresa, con esta iniciativa liderada por sus colaboradores y apoyada por la asociaci\u00f3n NUVI, ha evitado que\u00a0<strong>m\u00e1s de un mill\u00f3n de botellas<\/strong>\u00a0terminen contaminando r\u00edos y playas del pa\u00eds. Este hito es parte de una trayectoria ambiental que comenz\u00f3 en 2021, sumando ya\u00a0<strong>2,137,896 botellas recolectadas<\/strong>\u00a0en total, un ejemplo de continuidad y visi\u00f3n a largo plazo.<\/p>\n<figure class=\"wp-block-image size-large\"><a href=\"https:\/\/diariosocialrd.com\/wp-content\/uploads\/2025\/04\/IMG_7543.jpeg\" data-rel=\"penci-gallery-image-content\"><img loading=\"lazy\" decoding=\"async\" class=\"wp-image-228903\" src=\"https:\/\/diariosocialrd.com\/wp-content\/uploads\/2025\/04\/IMG_7543-1024x701.jpeg\" sizes=\"auto, (max-width: 1024px) 100vw, 1024px\" srcset=\"https:\/\/diariosocialrd.com\/wp-content\/uploads\/2025\/04\/IMG_7543-1024x701.jpeg 1024w, https:\/\/diariosocialrd.com\/wp-content\/uploads\/2025\/04\/IMG_7543-300x206.jpeg 300w, https:\/\/diariosocialrd.com\/wp-content\/uploads\/2025\/04\/IMG_7543-768x526.jpeg 768w, https:\/\/diariosocialrd.com\/wp-content\/uploads\/2025\/04\/IMG_7543-1536x1052.jpeg 1536w, https:\/\/diariosocialrd.com\/wp-content\/uploads\/2025\/04\/IMG_7543-1170x801.jpeg 1170w, https:\/\/diariosocialrd.com\/wp-content\/uploads\/2025\/04\/IMG_7543-585x401.jpeg 585w, https:\/\/diariosocialrd.com\/wp-content\/uploads\/2025\/04\/IMG_7543.jpeg 1600w\" alt=\"\" width=\"1024\" height=\"701\" \/><\/a><\/figure>\n<p><strong>M\u00e1s que reciclaje: formaci\u00f3n para la ciudadan\u00eda<\/strong><\/p>\n<p>Yandra Portela, presidenta de Indusnig, describe esta haza\u00f1a como parte de una filosof\u00eda m\u00e1s amplia.\u00a0<em>\u201cLa decisi\u00f3n fue dejar una impronta, no solo por nuestras marcas, sino como una empresa que impulsa la conciencia c\u00edvica y medioambiental desde dentro\u201d<\/em>, afirm\u00f3.<\/p>\n<p>La ejecutiva explic\u00f3 que el proyecto no se limita al reciclaje. Es una estrategia integral de formaci\u00f3n en valores, con actividades educativas que involucran tanto a colaboradores como a sus familias.\u00a0<em>\u201cEstamos sembrando una cultura de respeto, responsabilidad y compromiso con el bien com\u00fan. Porque solo los buenos ciudadanos construyen mejores democracias\u201d<\/em>, expres\u00f3.<\/p>\n<p><strong>De la botella al ciclo productivo<\/strong><\/p>\n<p>La operaci\u00f3n de reciclaje se realiza con el acompa\u00f1amiento de\u00a0<strong>NUVI<\/strong>, una asociaci\u00f3n sin fines de lucro que lidera la implementaci\u00f3n de sistemas de econom\u00eda circular en Rep\u00fablica Dominicana. Las botellas recolectadas no son solo residuos gestionados: se transforman en materia prima para nuevos productos, cerrando el ciclo del pl\u00e1stico de forma responsable y sostenible.<\/p>\n<figure class=\"wp-block-image size-large\"><a href=\"https:\/\/diariosocialrd.com\/wp-content\/uploads\/2025\/04\/IMG_7544.jpeg\" data-rel=\"penci-gallery-image-content\"><img loading=\"lazy\" decoding=\"async\" class=\"wp-image-228904\" src=\"https:\/\/diariosocialrd.com\/wp-content\/uploads\/2025\/04\/IMG_7544-1024x682.jpeg\" sizes=\"auto, (max-width: 1024px) 100vw, 1024px\" srcset=\"https:\/\/diariosocialrd.com\/wp-content\/uploads\/2025\/04\/IMG_7544-1024x682.jpeg 1024w, https:\/\/diariosocialrd.com\/wp-content\/uploads\/2025\/04\/IMG_7544-300x200.jpeg 300w, https:\/\/diariosocialrd.com\/wp-content\/uploads\/2025\/04\/IMG_7544-768x512.jpeg 768w, https:\/\/diariosocialrd.com\/wp-content\/uploads\/2025\/04\/IMG_7544-1536x1023.jpeg 1536w, https:\/\/diariosocialrd.com\/wp-content\/uploads\/2025\/04\/IMG_7544-1170x780.jpeg 1170w, https:\/\/diariosocialrd.com\/wp-content\/uploads\/2025\/04\/IMG_7544-585x390.jpeg 585w, https:\/\/diariosocialrd.com\/wp-content\/uploads\/2025\/04\/IMG_7544-263x175.jpeg 263w, https:\/\/diariosocialrd.com\/wp-content\/uploads\/2025\/04\/IMG_7544.jpeg 1600w\" alt=\"\" width=\"1024\" height=\"682\" \/><\/a><\/figure>\n<p>Este modelo de econom\u00eda circular permite reducir la demanda de recursos v\u00edrgenes y mitigar el impacto ambiental, al tiempo que promueve una industria del reciclaje cada vez m\u00e1s s\u00f3lida y eficiente.<\/p>\n<p><strong>El Legado: visi\u00f3n a largo plazo<\/strong><\/p>\n<p>Esta iniciativa forma parte de un proyecto m\u00e1s ambicioso denominado\u00a0<em>El Legado<\/em>, cuyo objetivo es proyectar el compromiso de Indusnig m\u00e1s all\u00e1 de su entorno inmediato.\u00a0<em>\u201cQueremos que esta cultura de ciudadan\u00eda y sostenibilidad llegue a toda la Rep\u00fablica Dominicana, de la mano de otras empresas que compartan esta visi\u00f3n\u201d<\/em>, subray\u00f3 Portela.<\/p>\n<p>Con esta perspectiva, Indusnig no solo busca un reconocimiento empresarial, sino construir un pa\u00eds m\u00e1s consciente y comprometido.\u00a0<em>\u201cCreemos que un mejor pa\u00eds comienza cuando la mayor\u00eda de su gente conoce y practica sus deberes. Ah\u00ed est\u00e1 nuestro verdadero legado\u201d<\/em>, concluy\u00f3.<\/p>\n<figure class=\"wp-block-image size-large\"><a href=\"https:\/\/diariosocialrd.com\/wp-content\/uploads\/2025\/04\/IMG_7542.jpeg\" data-rel=\"penci-gallery-image-content\"><img loading=\"lazy\" decoding=\"async\" class=\"wp-image-228902\" src=\"https:\/\/diariosocialrd.com\/wp-content\/uploads\/2025\/04\/IMG_7542-1024x663.jpeg\" sizes=\"auto, (max-width: 1024px) 100vw, 1024px\" srcset=\"https:\/\/diariosocialrd.com\/wp-content\/uploads\/2025\/04\/IMG_7542-1024x663.jpeg 1024w, https:\/\/diariosocialrd.com\/wp-content\/uploads\/2025\/04\/IMG_7542-300x194.jpeg 300w, https:\/\/diariosocialrd.com\/wp-content\/uploads\/2025\/04\/IMG_7542-768x497.jpeg 768w, https:\/\/diariosocialrd.com\/wp-content\/uploads\/2025\/04\/IMG_7542-1536x995.jpeg 1536w, https:\/\/diariosocialrd.com\/wp-content\/uploads\/2025\/04\/IMG_7542-1170x758.jpeg 1170w, https:\/\/diariosocialrd.com\/wp-content\/uploads\/2025\/04\/IMG_7542-585x379.jpeg 585w, https:\/\/diariosocialrd.com\/wp-content\/uploads\/2025\/04\/IMG_7542.jpeg 1600w\" alt=\"\" width=\"1024\" height=\"663\" \/><\/a><\/figure>\n<p><strong>Un mill\u00f3n\u2026 y contando<\/strong><\/p>\n<p>El logro de Indusnig no es solo una cifra simb\u00f3lica. Es un llamado a la acci\u00f3n, una demostraci\u00f3n de que el cambio ambiental comienza desde adentro, desde cada botella recogida, desde cada empleado que asume la responsabilidad de su entorno.<\/p>\n<p>En tiempos donde los problemas ambientales parecen inabarcables, empresas como Indusnig demuestran que el impacto positivo es posible cuando se trabaja con prop\u00f3sito, constancia y visi\u00f3n colectiva.<\/p>\n","protected":false},"excerpt":{"rendered":"<p>Santo Domingo, abril de 2025.\u00a0\u2014 En un tiempo donde los titulares globales alertan sobre la creciente crisis ambiental, una empresa dominicana marca un precedente ejemplar desde su propia casa. Indusnig&hellip; <\/p>\n","protected":false},"author":2,"featured_media":70792,"comment_status":"closed","ping_status":"closed","sticky":false,"template":"","format":"standard","meta":{"fifu_image_url":"https:\/\/diariosocialrd.com\/wp-content\/uploads\/2025\/04\/IMG_7541-1170x780.jpeg","fifu_image_alt":"","footnotes":""},"categories":[83],"tags":[],"class_list":["post-70791","post","type-post","status-publish","format-standard","has-post-thumbnail","hentry","category-empresariales-empresariales"],"_links":{"self":[{"href":"https:\/\/elmundodelosnegocios.com.do\/v1\/wp-json\/wp\/v2\/posts\/70791","targetHints":{"allow":["GET"]}}],"collection":[{"href":"https:\/\/elmundodelosnegocios.com.do\/v1\/wp-json\/wp\/v2\/posts"}],"about":[{"href":"https:\/\/elmundodelosnegocios.com.do\/v1\/wp-json\/wp\/v2\/types\/post"}],"author":[{"embeddable":true,"href":"https:\/\/elmundodelosnegocios.com.do\/v1\/wp-json\/wp\/v2\/users\/2"}],"replies":[{"embeddable":true,"href":"https:\/\/elmundodelosnegocios.com.do\/v1\/wp-json\/wp\/v2\/comments?post=70791"}],"version-history":[{"count":1,"href":"https:\/\/elmundodelosnegocios.com.do\/v1\/wp-json\/wp\/v2\/posts\/70791\/revisions"}],"predecessor-version":[{"id":70793,"href":"https:\/\/elmundodelosnegocios.com.do\/v1\/wp-json\/wp\/v2\/posts\/70791\/revisions\/70793"}],"wp:featuredmedia":[{"embeddable":true,"href":"https:\/\/elmundodelosnegocios.com.do\/v1\/wp-json\/wp\/v2\/media\/70792"}],"wp:attachment":[{"href":"https:\/\/elmundodelosnegocios.com.do\/v1\/wp-json\/wp\/v2\/media?parent=70791"}],"wp:term":[{"taxonomy":"category","embeddable":true,"href":"https:\/\/elmundodelosnegocios.com.do\/v1\/wp-json\/wp\/v2\/categories?post=70791"},{"taxonomy":"post_tag","embeddable":true,"href":"https:\/\/elmundodelosnegocios.com.do\/v1\/wp-json\/wp\/v2\/tags?post=70791"}],"curies":[{"name":"wp","href":"https:\/\/api.w.org\/{rel}","templated":true}]}}