{"id":70920,"date":"2025-05-10T09:06:41","date_gmt":"2025-05-10T13:36:41","guid":{"rendered":"https:\/\/www.elmundodelosnegocios.com.do\/v1\/?p=70920"},"modified":"2025-05-12T09:08:41","modified_gmt":"2025-05-12T13:38:41","slug":"cultura-y-cine-se-dan-cita-en-banreservas-inicia-el-cuarto-ciclo-de-cine-dominicano-con-proyecciones-talleres-y-conferencias","status":"publish","type":"post","link":"https:\/\/elmundodelosnegocios.com.do\/v1\/cultura-y-cine-se-dan-cita-en-banreservas-inicia-el-cuarto-ciclo-de-cine-dominicano-con-proyecciones-talleres-y-conferencias\/","title":{"rendered":"Cultura y cine se dan cita en Banreservas: Inicia el cuarto ciclo de cine dominicano con proyecciones, talleres y conferencias"},"content":{"rendered":"<p><strong>SANTO DOMINGO.<\/strong>\u00a0\u2013 Con un firme compromiso hacia la promoci\u00f3n de la identidad cultural y la industria cinematogr\u00e1fica nacional, el\u00a0<strong>Centro Cultural Banreservas<\/strong>\u00a0inaugurar\u00e1 este jueves 8 de mayo su\u00a0<strong>cuarto ciclo de cine dominicano<\/strong>, una programaci\u00f3n que se extender\u00e1 durante tres meses e incluir\u00e1\u00a0<strong>12 largometrajes<\/strong>,\u00a0<strong>tres talleres formativos<\/strong>\u00a0y\u00a0<strong>dos conferencias abiertas al p\u00fablico<\/strong>.<\/p>\n<p>La iniciativa, que busca fomentar la apreciaci\u00f3n cr\u00edtica del s\u00e9ptimo arte nacional, se desarrollar\u00e1\u00a0<strong>cada jueves a las 7:00 p.m., hasta el 31 de julio<\/strong>, en la sede del centro. Las funciones ser\u00e1n seguidas por\u00a0<strong>foros participativos<\/strong>\u00a0que permitir\u00e1n el intercambio entre el p\u00fablico, los realizadores y expertos del cine.<\/p>\n<figure class=\"wp-block-image size-large\"><a href=\"https:\/\/diariosocialrd.com\/wp-content\/uploads\/2025\/05\/IMG_1868-scaled.jpeg\" data-rel=\"penci-gallery-image-content\"><img loading=\"lazy\" decoding=\"async\" class=\"wp-image-229820\" src=\"https:\/\/diariosocialrd.com\/wp-content\/uploads\/2025\/05\/IMG_1868-1024x681.jpeg\" sizes=\"auto, (max-width: 1024px) 100vw, 1024px\" srcset=\"https:\/\/diariosocialrd.com\/wp-content\/uploads\/2025\/05\/IMG_1868-1024x681.jpeg 1024w, https:\/\/diariosocialrd.com\/wp-content\/uploads\/2025\/05\/IMG_1868-300x200.jpeg 300w, https:\/\/diariosocialrd.com\/wp-content\/uploads\/2025\/05\/IMG_1868-768x511.jpeg 768w, https:\/\/diariosocialrd.com\/wp-content\/uploads\/2025\/05\/IMG_1868-1536x1022.jpeg 1536w, https:\/\/diariosocialrd.com\/wp-content\/uploads\/2025\/05\/IMG_1868-2048x1362.jpeg 2048w, https:\/\/diariosocialrd.com\/wp-content\/uploads\/2025\/05\/IMG_1868-1920x1277.jpeg 1920w, https:\/\/diariosocialrd.com\/wp-content\/uploads\/2025\/05\/IMG_1868-1170x778.jpeg 1170w, https:\/\/diariosocialrd.com\/wp-content\/uploads\/2025\/05\/IMG_1868-585x389.jpeg 585w, https:\/\/diariosocialrd.com\/wp-content\/uploads\/2025\/05\/IMG_1868-263x175.jpeg 263w\" alt=\"\" width=\"1024\" height=\"681\" \/><\/a><\/figure>\n<p><strong>Una cartelera diversa y representativa<\/strong><\/p>\n<p>La curadur\u00eda de esta cuarta edici\u00f3n re\u00fane obras de distintos g\u00e9neros \u2014documentales, ficciones y cine familiar\u2014 reflejando tanto el pluralismo tem\u00e1tico como la evoluci\u00f3n t\u00e9cnica y est\u00e9tica del cine dominicano contempor\u00e1neo. Los t\u00edtulos seleccionados incluyen:<\/p>\n<p>\u2022\u00a0<em>Por eso vengo al r\u00edo<\/em>, de Fernando Blanco<\/p>\n<p>\u2022\u00a0<em>La cig\u00fce\u00f1a<\/em>, de Alejandro And\u00fajar<\/p>\n<p>\u2022\u00a0<em>P\u00e9rez Rodr\u00edguez<\/em>, de Humberto Tav\u00e1rez<\/p>\n<p>\u2022\u00a0<em>Canta y no llores<\/em>, de F\u00e9lix Sabroso<\/p>\n<p>\u2022\u00a0<em>Aire<\/em>, de Leticia Tonos<\/p>\n<p>\u2022\u00a0<em>El fot\u00f3grafo de la 40<\/em>, de Orlando Barr\u00eda y Erika Santelices<\/p>\n<p>\u2022\u00a0<em>El trayecto<\/em>, de Francisco Valdez<\/p>\n<p>\u2022\u00a0<em>Insular<\/em>, de H\u00e9ctor Manuel Valdez<\/p>\n<p>\u2022\u00a0<em>Capit\u00e1n Avispa<\/em>, de Jean Guerra y Jonathan Mel\u00e9ndez<\/p>\n<p>\u2022\u00a0<em>Safari<\/em>, de Juan Antonio Bison\u00f3<\/p>\n<p>\u2022\u00a0<em>Boca Chica<\/em>, de Gabriella Moses<\/p>\n<p>\u2022\u00a0<em>La Grande<\/em>, de Tito Rodr\u00edguez<\/p>\n<p>Cada proyecci\u00f3n se convierte no solo en una oportunidad de disfrute cinematogr\u00e1fico, sino tambi\u00e9n en un espacio para el\u00a0<strong>an\u00e1lisis reflexivo<\/strong>\u00a0y la conexi\u00f3n directa con las narrativas y problem\u00e1ticas que reflejan las pel\u00edculas.<\/p>\n<p><strong>Formaci\u00f3n para futuros cineastas y cin\u00e9filos<\/strong><\/p>\n<p>Complementando las exhibiciones, el Centro Cultural ha dise\u00f1ado una\u00a0<strong>agenda educativa<\/strong>que incluye tres talleres esenciales para quienes desean profundizar en el lenguaje y los procesos del cine:<\/p>\n<p>\u2022\u00a0<em>La continuidad es un arte<\/em>, por Lety Rojas (17, 24 y 31 de mayo)<\/p>\n<p>\u2022\u00a0<em>Dramaturgia escrita<\/em>, con Carlos Castro (todos los lunes de junio)<\/p>\n<p>\u2022\u00a0<em>Apreciaci\u00f3n cinematogr\u00e1fica<\/em>, a cargo de Dahianna Acosta (s\u00e1bado 14 de junio)<\/p>\n<p>Asimismo, se ofrecer\u00e1n dos conferencias claves para entender el contexto y los desaf\u00edos del cine dominicano actual:<\/p>\n<p>\u2022\u00a0<em>Los ni\u00f1os de la casa \u2013 Notas sobre el cine dominicano contempor\u00e1neo<\/em>, con Diego Cepeda (mi\u00e9rcoles 11 de junio)<\/p>\n<p>\u2022\u00a0<em>El circo como puente<\/em>, dirigida por Dahianna Acosta (martes 16 de julio)<\/p>\n<p><strong>Acceso y participaci\u00f3n<\/strong><\/p>\n<p>Todas las actividades del ciclo \u2014tanto proyecciones como formaciones\u2014 est\u00e1n\u00a0<strong>abiertas al p\u00fablico de manera gratuita<\/strong>, hasta completar aforo. El Centro Cultural Banreservas invita a los ciudadanos a mantenerse informados a trav\u00e9s de su cuenta de Instagram:\u00a0<strong>@centroculturalbr<\/strong>, donde se actualiza la programaci\u00f3n semanalmente.<\/p>\n<p><strong>Una apuesta sostenida por el cine nacional<\/strong><\/p>\n<p>Este ciclo de cine dominicano no solo da visibilidad a obras de realizadores locales, sino que tambi\u00e9n refuerza el v\u00ednculo entre la audiencia y los creadores. La apuesta del Centro Cultural Banreservas se inscribe dentro de una visi\u00f3n a largo plazo:\u00a0<strong>convertir al cine en un motor de cultura, reflexi\u00f3n y desarrollo nacional<\/strong>.<\/p>\n<p>Con esta cuarta entrega, la instituci\u00f3n reafirma su misi\u00f3n de ser un espacio activo para la educaci\u00f3n art\u00edstica, la difusi\u00f3n de contenidos locales de calidad y la consolidaci\u00f3n del cine como lenguaje fundamental de la identidad dominicana.<\/p>\n","protected":false},"excerpt":{"rendered":"<p>SANTO DOMINGO.\u00a0\u2013 Con un firme compromiso hacia la promoci\u00f3n de la identidad cultural y la industria cinematogr\u00e1fica nacional, el\u00a0Centro Cultural Banreservas\u00a0inaugurar\u00e1 este jueves 8 de mayo su\u00a0cuarto ciclo de cine&hellip; <\/p>\n","protected":false},"author":2,"featured_media":70921,"comment_status":"closed","ping_status":"closed","sticky":false,"template":"","format":"standard","meta":{"fifu_image_url":"https:\/\/diariosocialrd.com\/wp-content\/uploads\/2025\/05\/IMG_1867-scaled.jpeg","fifu_image_alt":"","footnotes":""},"categories":[148],"tags":[],"class_list":["post-70920","post","type-post","status-publish","format-standard","has-post-thumbnail","hentry","category-cultura"],"_links":{"self":[{"href":"https:\/\/elmundodelosnegocios.com.do\/v1\/wp-json\/wp\/v2\/posts\/70920","targetHints":{"allow":["GET"]}}],"collection":[{"href":"https:\/\/elmundodelosnegocios.com.do\/v1\/wp-json\/wp\/v2\/posts"}],"about":[{"href":"https:\/\/elmundodelosnegocios.com.do\/v1\/wp-json\/wp\/v2\/types\/post"}],"author":[{"embeddable":true,"href":"https:\/\/elmundodelosnegocios.com.do\/v1\/wp-json\/wp\/v2\/users\/2"}],"replies":[{"embeddable":true,"href":"https:\/\/elmundodelosnegocios.com.do\/v1\/wp-json\/wp\/v2\/comments?post=70920"}],"version-history":[{"count":1,"href":"https:\/\/elmundodelosnegocios.com.do\/v1\/wp-json\/wp\/v2\/posts\/70920\/revisions"}],"predecessor-version":[{"id":70922,"href":"https:\/\/elmundodelosnegocios.com.do\/v1\/wp-json\/wp\/v2\/posts\/70920\/revisions\/70922"}],"wp:featuredmedia":[{"embeddable":true,"href":"https:\/\/elmundodelosnegocios.com.do\/v1\/wp-json\/wp\/v2\/media\/70921"}],"wp:attachment":[{"href":"https:\/\/elmundodelosnegocios.com.do\/v1\/wp-json\/wp\/v2\/media?parent=70920"}],"wp:term":[{"taxonomy":"category","embeddable":true,"href":"https:\/\/elmundodelosnegocios.com.do\/v1\/wp-json\/wp\/v2\/categories?post=70920"},{"taxonomy":"post_tag","embeddable":true,"href":"https:\/\/elmundodelosnegocios.com.do\/v1\/wp-json\/wp\/v2\/tags?post=70920"}],"curies":[{"name":"wp","href":"https:\/\/api.w.org\/{rel}","templated":true}]}}