{"id":70923,"date":"2025-05-12T09:10:11","date_gmt":"2025-05-12T13:40:11","guid":{"rendered":"https:\/\/www.elmundodelosnegocios.com.do\/v1\/?p=70923"},"modified":"2025-05-12T09:18:32","modified_gmt":"2025-05-12T13:48:32","slug":"realizan-foro-de-transformacion-digital-sostenible-para-america-latina","status":"publish","type":"post","link":"https:\/\/elmundodelosnegocios.com.do\/v1\/realizan-foro-de-transformacion-digital-sostenible-para-america-latina\/","title":{"rendered":"Realizan foro de transformaci\u00f3n digital sostenible para Am\u00e9rica Latina"},"content":{"rendered":"<p dir=\"ltr\">Santo Domingo.- La Uni\u00f3n Internacional de Telecomunicaciones\u00a0<strong>(UIT)<\/strong>, en colaboraci\u00f3n con el Instituto Dominicano de las Telecomunicaciones\u00a0<strong>(Indotel)<\/strong>, la Comisi\u00f3n T\u00e9cnica Regional de Telecomunicaciones (<strong>Comtelca<\/strong>) y el Cap\u00edtulo Dominicano de Internet Society\u00a0<strong>(ISOC)<\/strong>, realiz\u00f3 el<strong>\u00a0\u201cForo de Transformaci\u00f3n Digital Sostenible en Am\u00e9rica Latina\u201d,<\/strong>\u00a0para buscar acciones que contribuyan a acelerar los procesos de dicha transformaci\u00f3n con un enfoque sostenible.<\/p>\n<p dir=\"ltr\"><a href=\"http:\/\/elmundodelosnegocios.com.do\/v1\/wp-content\/uploads\/2025\/05\/IMG_6414.jpeg\"><img loading=\"lazy\" decoding=\"async\" class=\"aligncenter size-full wp-image-70924\" src=\"http:\/\/elmundodelosnegocios.com.do\/v1\/wp-content\/uploads\/2025\/05\/IMG_6414.jpeg\" alt=\"\" width=\"1300\" height=\"731\" srcset=\"https:\/\/elmundodelosnegocios.com.do\/v1\/wp-content\/uploads\/2025\/05\/IMG_6414.jpeg 1300w, https:\/\/elmundodelosnegocios.com.do\/v1\/wp-content\/uploads\/2025\/05\/IMG_6414-300x169.jpeg 300w, https:\/\/elmundodelosnegocios.com.do\/v1\/wp-content\/uploads\/2025\/05\/IMG_6414-1024x576.jpeg 1024w, https:\/\/elmundodelosnegocios.com.do\/v1\/wp-content\/uploads\/2025\/05\/IMG_6414-768x432.jpeg 768w\" sizes=\"auto, (max-width: 1300px) 100vw, 1300px\" \/><\/a><\/p>\n<p dir=\"ltr\">Durante el evento, que se efectu\u00f3 abierto a p\u00fablico, los participantes conocieron\u00a0<strong>iniciativas pioneras<\/strong>\u00a0orientadas a reducir la\u00a0<strong>huella ambiental<\/strong>\u00a0del sector de tecnolog\u00edas de la informaci\u00f3n y comunicaci\u00f3n\u00a0<strong>(TIC)<\/strong>.<\/p>\n<p dir=\"ltr\">Tras un debate entre actores nacionales e internacionales, se presentaron avances hacia la creaci\u00f3n de\u00a0<strong>bases de datos<\/strong>\u00a0especializadas sobre\u00a0<strong>emisiones<\/strong>, soluciones innovadoras de econom\u00eda circular para la\u00a0<strong>gesti\u00f3n de residuos electr\u00f3nicos<\/strong>\u00a0y experiencias concretas de\u00a0<strong>ciudades inteligentes y sostenibles,<\/strong>\u00a0destacando la implementaci\u00f3n de los indicadores clave\u00a0<strong>(KPI)<\/strong>\u00a0de la iniciativa United for Smart Sustainable Cities\u00a0<strong>(U4SSC)<\/strong><\/p>\n<p dir=\"ltr\">Asimismo, se abord\u00f3 el papel transformador de la\u00a0<strong>agricultura inteligente<\/strong>\u00a0y el rol estrat\u00e9gico de las\u00a0<strong>universidades<\/strong>\u00a0en el desarrollo de\u00a0<strong>soluciones digitales inclusivas, eficientes y sostenibles.<\/strong><\/p>\n<p dir=\"ltr\">El presidente del Consejo Directivo del Indotel,\u00a0<strong>Guido G\u00f3mez Mazara<\/strong>, en sus palabras de apertura del evento, enfatiz\u00f3 c\u00f3mo las tecnolog\u00edas pueden ser una\u00a0<strong>herramienta aliada<\/strong>\u00a0en la\u00a0<strong>reducci\u00f3n del impacto ambiental del sector TIC\u00a0<\/strong>y promover una transformaci\u00f3n digital realmente sostenible.<\/p>\n<p dir=\"ltr\"><em>\u201cLes invito a compartir experiencias, aprender de los avances regionales y construir un futuro donde la tecnolog\u00eda sea sin\u00f3nimo de progreso equitativo. Que este foro marque un hito para Am\u00e9rica Latina como l\u00edder en transformaci\u00f3n digital sostenible\u201d,<\/em>\u00a0puntualiz\u00f3.<\/p>\n<p dir=\"ltr\">Adem\u00e1s, G\u00f3mez Mazara subray\u00f3 la importancia del encuentro como punto para plantear el\u00a0<strong>desaf\u00edo de usar la tecnolog\u00eda de manera responsable<\/strong>\u00a0y explorar c\u00f3mo reducir la huella ambiental del sector TIC, desde el consumo energ\u00e9tico hasta la gesti\u00f3n de residuos electr\u00f3nicos.<\/p>\n<p dir=\"ltr\">De su lado, el director de Sector de Normalizaci\u00f3n de las Telecomunicaciones de la UIT,\u00a0<strong>Seizo Onoe<\/strong>, manifest\u00f3 que este evento es un mensaje de que Am\u00e9rica Latina est\u00e1 preparada para liderar un\u00a0<strong>futuro digital m\u00e1s inclusivo, innovador y resiliente.<\/strong><\/p>\n<p dir=\"ltr\"><em>\u201cEl Pacto para el Futuro y el Pacto Digital Global de las Naciones Unidas nos recuerdan que las tecnolog\u00edas, entre ellas IA, IoT, los gemelos digitales y los mundos virtuales deben estar al servicio de las personas, e impulsar las econom\u00edas y crear sociedad inclusivas y receptivas, pero al mismo tiempo, se deben velar por que el desarrollo digital sea sostenible\u201d<\/em>, indic\u00f3.<\/p>\n<p dir=\"ltr\">En el foro participaron como panelistas\u00a0<strong>Hiroshi Yamamoto<\/strong>, director de la Oficina de Normalizaci\u00f3n Nippon Telegraph and Telephone Corporation (NTT) de Jap\u00f3n;\u00a0<strong>Lina Zuluaga<\/strong>, directora de la Oficina de Relaciones Internacionales de la Agencia Nacional del Espectro de Colombia, y\u00a0<strong>Jean-Manuel Canet<\/strong>, vicepresidente del WP2\/5, UIT-T.<\/p>\n<p dir=\"ltr\">Tambi\u00e9n\u00a0<strong>Kathia Orozco<\/strong>, especialista en Gesti\u00f3n Sostenible de RAEE;\u00a0<strong>Cristina Bueti,<\/strong>\u00a0consejera de la Comisi\u00f3n de Estudio 20 del UIT-T;\u00a0<strong>Juan Pablo Mart\u00edn<\/strong>, presidente del Grupo Regional para Am\u00e9rica Latina de la Comisi\u00f3n de Estudio 20 del UIT-T;\u00a0<strong>Armando Manzueta<\/strong>, viceministro de Innovaci\u00f3n y Tecnolog\u00eda del Ministerio de Administraci\u00f3n P\u00fablica (MAP), e\u00a0<strong>Itai Green<\/strong>, fundador y\u00a0 CEO de Innovate Israel.<\/p>\n<p dir=\"ltr\">El foro se desarroll\u00f3 en el marco de la reuni\u00f3n del\u00a0<strong>Grupo Regional de Estudio 5 de la UIT-T\u00a0<\/strong>y de la<strong>\u00a0Reuni\u00f3n del Grupo Regional de Estudio 20 de la UIT-T<\/strong>, los cuales abordaron temas como\u00a0<strong>cambio clim\u00e1tico, econom\u00eda circular, Internet de las Cosas (IoT) y ciudades inteligentes<\/strong>, entre otros.<\/p>\n<p dir=\"ltr\">Estos encuentros tuvieron como objetivo fortalecer la\u00a0<strong>participaci\u00f3n de los pa\u00edses latinoamericanos<\/strong>\u00a0en los procesos de\u00a0<strong>normalizaci\u00f3n tecnol\u00f3gica<\/strong>\u00a0a nivel mundial. Adem\u00e1s, se celebr\u00f3 la\u00a0<strong>159.\u00aa reuni\u00f3n ordinaria de la Junta Directiva de Comtelca.<\/strong><\/p>\n<p dir=\"ltr\">Por el Indotel, estuvieron presentes el miembro del Consejo Directivo,\u00a0<strong>Juan Taveras Hern\u00e1ndez<\/strong>; la directora ejecutiva,\u00a0<strong>Julissa Cruz<\/strong>; la directora de Relaciones Internacionales,\u00a0<strong>Amparo Arango<\/strong>, y el director de Despacho de Presidencia,\u00a0<strong>Alfredo L\u00f3pez Ariza<\/strong>, entre otros colaboradores de la instituci\u00f3n.<\/p>\n<p>Tambi\u00e9n participaron la secretaria ejecutiva en Comisi\u00f3n T\u00e9cnica Regional de Telecomunicaciones (Comtelca),\u00a0<strong>Lizania P\u00e9rez<\/strong>, y la secretaria adjunta de Comtelca,\u00a0<strong>\u00c1ngeles Ayala<\/strong>, entre otros invitados.<\/p>\n","protected":false},"excerpt":{"rendered":"<p>Santo Domingo.- La Uni\u00f3n Internacional de Telecomunicaciones\u00a0(UIT), en colaboraci\u00f3n con el Instituto Dominicano de las Telecomunicaciones\u00a0(Indotel), la Comisi\u00f3n T\u00e9cnica Regional de Telecomunicaciones (Comtelca) y el Cap\u00edtulo Dominicano de Internet Society\u00a0(ISOC),&hellip; <\/p>\n","protected":false},"author":2,"featured_media":70924,"comment_status":"closed","ping_status":"closed","sticky":false,"template":"","format":"standard","meta":{"fifu_image_url":"","fifu_image_alt":"","footnotes":""},"categories":[64],"tags":[],"class_list":["post-70923","post","type-post","status-publish","format-standard","has-post-thumbnail","hentry","category-telecomunicaciones"],"_links":{"self":[{"href":"https:\/\/elmundodelosnegocios.com.do\/v1\/wp-json\/wp\/v2\/posts\/70923","targetHints":{"allow":["GET"]}}],"collection":[{"href":"https:\/\/elmundodelosnegocios.com.do\/v1\/wp-json\/wp\/v2\/posts"}],"about":[{"href":"https:\/\/elmundodelosnegocios.com.do\/v1\/wp-json\/wp\/v2\/types\/post"}],"author":[{"embeddable":true,"href":"https:\/\/elmundodelosnegocios.com.do\/v1\/wp-json\/wp\/v2\/users\/2"}],"replies":[{"embeddable":true,"href":"https:\/\/elmundodelosnegocios.com.do\/v1\/wp-json\/wp\/v2\/comments?post=70923"}],"version-history":[{"count":1,"href":"https:\/\/elmundodelosnegocios.com.do\/v1\/wp-json\/wp\/v2\/posts\/70923\/revisions"}],"predecessor-version":[{"id":70925,"href":"https:\/\/elmundodelosnegocios.com.do\/v1\/wp-json\/wp\/v2\/posts\/70923\/revisions\/70925"}],"wp:featuredmedia":[{"embeddable":true,"href":"https:\/\/elmundodelosnegocios.com.do\/v1\/wp-json\/wp\/v2\/media\/70924"}],"wp:attachment":[{"href":"https:\/\/elmundodelosnegocios.com.do\/v1\/wp-json\/wp\/v2\/media?parent=70923"}],"wp:term":[{"taxonomy":"category","embeddable":true,"href":"https:\/\/elmundodelosnegocios.com.do\/v1\/wp-json\/wp\/v2\/categories?post=70923"},{"taxonomy":"post_tag","embeddable":true,"href":"https:\/\/elmundodelosnegocios.com.do\/v1\/wp-json\/wp\/v2\/tags?post=70923"}],"curies":[{"name":"wp","href":"https:\/\/api.w.org\/{rel}","templated":true}]}}