{"id":7100,"date":"2021-06-18T12:06:48","date_gmt":"2021-06-18T16:36:48","guid":{"rendered":"http:\/\/elmundodelosnegocios.com.do\/v1\/?p=7100"},"modified":"2021-06-18T12:06:48","modified_gmt":"2021-06-18T16:36:48","slug":"articulo-el-mundo-debe-hacer-mas-por-las-personas-refugiadas-y-migrantes-venezolanas-y-sus-comunidades-receptoras","status":"publish","type":"post","link":"https:\/\/elmundodelosnegocios.com.do\/v1\/articulo-el-mundo-debe-hacer-mas-por-las-personas-refugiadas-y-migrantes-venezolanas-y-sus-comunidades-receptoras\/","title":{"rendered":"ARTICULO: El mundo debe hacer m\u00e1s por las personas refugiadas y migrantes venezolanas y sus comunidades receptoras"},"content":{"rendered":"<p><strong>Firmantes:<\/strong><br \/>\nKarina Gould, Ministra de Desarrollo Internacional de Canad\u00e1.<br \/>\nArancha Gonz\u00e1lez Laya, Ministra de Asuntos Exteriores, Uni\u00f3n Europea y Cooperaci\u00f3n de Espa\u00f1a.<br \/>\nJosep Borrell, Alto Representante de la Uni\u00f3n Europea para Asuntos Exteriores y Pol\u00edtica de Seguridad y Vicepresidente de la Comisi\u00f3n Europea.<br \/>\nEduardo Stein, Representante Especial Conjunto de ACNUR y OIM para los Refugiados y Migrantes Venezolanos. <\/p>\n<p>\u00bfSe imaginan caminar m\u00e1s de 1.000 km con sus hijos y una maleta con sus pertenencias? Esa es la maratoniana traves\u00eda que han realizado muchos refugiados y migrantes venezolanos que huyen de la crisis que sufre su pa\u00eds para llegar a un refugio seguro en otros pa\u00edses de Am\u00e9rica Latina y el Caribe. <\/p>\n<p>Se trata de la segunda mayor crisis de desplazamiento forzado de una poblaci\u00f3n fuera de su pa\u00eds en el mundo, despu\u00e9s de la de Siria. Con m\u00e1s de 5,6 millones de personas afectadas, el \u00e9xodo venezolano equivale a la poblaci\u00f3n de Dinamarca  desplaz\u00e1ndose al resto de la Uni\u00f3n Europea. Sin embargo, esta crisis pasa en gran medida desapercibida y apenas se informa de ella en el resto del mundo. <\/p>\n<p>La pandemia ha a\u00f1adido a\u00fan m\u00e1s dificultades, aumentando los numerosos riesgos que corren las personas venezolanas al tratar de llegar a un lugar seguro. Las prolongadas medidas de confinamiento obstaculizan los esfuerzos de los refugiados y migrantes para encontrar trabajo. Las mujeres y las ni\u00f1as, en particular, est\u00e1n expuestas a riesgos a\u00fan mayores de explotaci\u00f3n y xenofobia. Y el impacto de la pandemia no solo afecta a los refugiados y los migrantes: en toda la regi\u00f3n, las comunidades locales est\u00e1n sufriendo mucho. <\/p>\n<p>A pesar de las dificultades que atraviesan en este momento, los pa\u00edses de Am\u00e9rica Latina y el Caribe han hecho frente a este reto silenciosa y generosamente, atendiendo a las necesidades inmediatas y comprometi\u00e9ndose a la integraci\u00f3n social y econ\u00f3mica. Los pa\u00edses de acogida est\u00e1n haciendo todo lo que pueden por ofrecer a sus hermanas y hermanos venezolanos una vida digna. Algunos ya han otorgado a las personas desplazadas un estatus legal para que puedan acceder a servicios de salud y educaci\u00f3n, vivienda y trabajo formal. De manera crucial, durante la pandemia, muchos han sido incluidos en las campa\u00f1as nacionales de vacunaci\u00f3n contra la COVID-19. Hemos visto iniciativas audaces y valientes para dar protecci\u00f3n a millones de personas que est\u00e1n en situaci\u00f3n irregular. Sin embargo, estos esfuerzos est\u00e1n superando la capacidad de la regi\u00f3n, y es necesaria ayuda. <\/p>\n<p>Mientras los pa\u00edses de acogida intentan asumir esta enorme responsabilidad, el apoyo internacional en esta crisis resulta insuficiente. El llamamiento de financiaci\u00f3n de las Naciones Unidas del a\u00f1o pasado solo obtuvo la mitad de la cantidad precisa para apoyar a los necesitados. La pandemia de la COVID-19 ha atra\u00eddo tanta atenci\u00f3n y tantos recursos del mundo que ha eclipsado esta crisis. La comunidad internacional debe hacer m\u00e1s. <\/p>\n<p>No actuar sin demora podr\u00eda poner en peligro la estabilidad regional. Adem\u00e1s, un n\u00famero elevado de refugiados y migrantes sin vacunar agravar\u00eda la severa crisis econ\u00f3mica y de salud p\u00fablica de la regi\u00f3n. <\/p>\n<p>Si establecemos colectivamente las condiciones adecuadas, esta crisis podr\u00eda convertirse en una oportunidad. Los venezolanos aportan habilidades, conocimientos y un esp\u00edritu emprendedor que puede ayudar a impulsar la recuperaci\u00f3n econ\u00f3mica de la regi\u00f3n tras la crisis de la COVID. <\/p>\n<p>Por ello, Canad\u00e1, siguiendo los pasos de la Conferencia de 2020 organizada por Espa\u00f1a y la Uni\u00f3n Europea, acoge el 17 de junio una Conferencia virtual internacional de donantes de alto nivel en solidaridad con los refugiados y migrantes venezolanos, en colaboraci\u00f3n con la Agencia de la ONU para los Refugiados (ACNUR) y la Organizaci\u00f3n Internacional para las Migraciones (OIM). Queremos visibilizar el impacto que est\u00e1 teniendo esta crisis y la carga que est\u00e1n asumiendo principalmente los pa\u00edses de acogida de la regi\u00f3n. Se trata nada menos que de generar un sentido de urgencia, para que gobiernos, organizaciones multilaterales, instituciones financieras internacionales, sector privado y sociedad civil demuestren su solidaridad. <\/p>\n<p>Ya es hora de que tanto los refugiados y emigrantes venezolanos como sus comunidades receptoras sepan que al mundo le importan.<\/p>\n","protected":false},"excerpt":{"rendered":"<p>Firmantes: Karina Gould, Ministra de Desarrollo Internacional de Canad\u00e1. Arancha Gonz\u00e1lez Laya, Ministra de Asuntos Exteriores, Uni\u00f3n Europea y Cooperaci\u00f3n de Espa\u00f1a. Josep Borrell, Alto Representante de la Uni\u00f3n Europea&hellip; <\/p>\n","protected":false},"author":2,"featured_media":7102,"comment_status":"open","ping_status":"open","sticky":false,"template":"","format":"standard","meta":{"fifu_image_url":"","fifu_image_alt":"","footnotes":""},"categories":[233,235],"tags":[],"class_list":["post-7100","post","type-post","status-publish","format-standard","has-post-thumbnail","hentry","category-articulo","category-politica-exterior"],"_links":{"self":[{"href":"https:\/\/elmundodelosnegocios.com.do\/v1\/wp-json\/wp\/v2\/posts\/7100","targetHints":{"allow":["GET"]}}],"collection":[{"href":"https:\/\/elmundodelosnegocios.com.do\/v1\/wp-json\/wp\/v2\/posts"}],"about":[{"href":"https:\/\/elmundodelosnegocios.com.do\/v1\/wp-json\/wp\/v2\/types\/post"}],"author":[{"embeddable":true,"href":"https:\/\/elmundodelosnegocios.com.do\/v1\/wp-json\/wp\/v2\/users\/2"}],"replies":[{"embeddable":true,"href":"https:\/\/elmundodelosnegocios.com.do\/v1\/wp-json\/wp\/v2\/comments?post=7100"}],"version-history":[{"count":0,"href":"https:\/\/elmundodelosnegocios.com.do\/v1\/wp-json\/wp\/v2\/posts\/7100\/revisions"}],"wp:featuredmedia":[{"embeddable":true,"href":"https:\/\/elmundodelosnegocios.com.do\/v1\/wp-json\/wp\/v2\/media\/7102"}],"wp:attachment":[{"href":"https:\/\/elmundodelosnegocios.com.do\/v1\/wp-json\/wp\/v2\/media?parent=7100"}],"wp:term":[{"taxonomy":"category","embeddable":true,"href":"https:\/\/elmundodelosnegocios.com.do\/v1\/wp-json\/wp\/v2\/categories?post=7100"},{"taxonomy":"post_tag","embeddable":true,"href":"https:\/\/elmundodelosnegocios.com.do\/v1\/wp-json\/wp\/v2\/tags?post=7100"}],"curies":[{"name":"wp","href":"https:\/\/api.w.org\/{rel}","templated":true}]}}