{"id":71133,"date":"2025-05-27T08:27:43","date_gmt":"2025-05-27T12:57:43","guid":{"rendered":"https:\/\/www.elmundodelosnegocios.com.do\/v1\/?p=71133"},"modified":"2025-05-27T08:27:43","modified_gmt":"2025-05-27T12:57:43","slug":"idac-fortalecera-seguridad-y-modernizacion-de-la-aviacion-civil-con-plan-estrategico-institucional","status":"publish","type":"post","link":"https:\/\/elmundodelosnegocios.com.do\/v1\/idac-fortalecera-seguridad-y-modernizacion-de-la-aviacion-civil-con-plan-estrategico-institucional\/","title":{"rendered":"IDAC fortalecer\u00e1 seguridad y modernizaci\u00f3n de la aviaci\u00f3n civil con Plan Estrat\u00e9gico Institucional"},"content":{"rendered":"<p>Santo Domingo.- Con entusiasmo y firme compromiso con la excelencia, el Instituto Dominicano de Aviaci\u00f3n Civil (IDAC) presenta oficialmente su Plan Estrat\u00e9gico Institucional (PEI) 2025\u20132028, concebido como un instrumento clave para reforzar la seguridad operacional y mantener el liderazgo que en materia de aviaci\u00f3n ostenta en la regi\u00f3n.<\/p>\n<p><a href=\"http:\/\/elmundodelosnegocios.com.do\/v1\/wp-content\/uploads\/2025\/05\/05.jpg\"><img loading=\"lazy\" decoding=\"async\" class=\"aligncenter size-full wp-image-71135\" src=\"http:\/\/elmundodelosnegocios.com.do\/v1\/wp-content\/uploads\/2025\/05\/05.jpg\" alt=\"\" width=\"1024\" height=\"669\" srcset=\"https:\/\/elmundodelosnegocios.com.do\/v1\/wp-content\/uploads\/2025\/05\/05.jpg 1024w, https:\/\/elmundodelosnegocios.com.do\/v1\/wp-content\/uploads\/2025\/05\/05-300x196.jpg 300w, https:\/\/elmundodelosnegocios.com.do\/v1\/wp-content\/uploads\/2025\/05\/05-768x502.jpg 768w\" sizes=\"auto, (max-width: 1024px) 100vw, 1024px\" \/><\/a><\/p>\n<p><strong>Santo Domingo.-<\/strong>\u00a0Con entusiasmo y firme compromiso con la excelencia, el\u00a0<a href=\"https:\/\/www.idac.gob.do\/es\/idac-inaugura-radar-meteorologico-en-loma-isabel-de-torres\/\">Instituto Dominicano de Aviaci\u00f3n Civil (IDAC)<\/a>\u00a0presenta oficialmente su Plan Estrat\u00e9gico Institucional (PEI) 2025\u20132028, concebido como un instrumento clave para reforzar la seguridad operacional y mantener el liderazgo que en materia de aviaci\u00f3n ostenta en la regi\u00f3n.<\/p>\n<p>El referido plan constituye una hoja de ruta en la cual se establecen los lineamientos estrat\u00e9gicos y program\u00e1ticos que guiar\u00e1n la gesti\u00f3n del \u00f3rgano rector de la aviaci\u00f3n civil en la Rep\u00fablica Dominicana durante los cuatro a\u00f1os pr\u00f3ximos.<\/p>\n<p>\u201cEste plan no es solo un documento t\u00e9cnico; es una declaraci\u00f3n de principios y un compromiso institucional con la seguridad operacional, la sostenibilidad y la innovaci\u00f3n tecnol\u00f3gica en el sector aeron\u00e1utico\u201d, ha expresado Igor Rodr\u00edguez Dur\u00e1n, Director General del IDAC, durante la presentaci\u00f3n oficial del plan.<\/p>\n<p>A trav\u00e9s del PEI 2025\u20132028, el IDAC impulsar\u00e1 profundas transformaciones en el contexto de la supervisi\u00f3n, regulaci\u00f3n y modernizaci\u00f3n de la aviaci\u00f3n civil dominicana, promoviendo una gesti\u00f3n alineada con est\u00e1ndares internacionales de excelencia y con las metas de desarrollo nacional.<\/p>\n<figure id=\"attachment_71134\" aria-describedby=\"caption-attachment-71134\" style=\"width: 1024px\" class=\"wp-caption aligncenter\"><a href=\"http:\/\/elmundodelosnegocios.com.do\/v1\/wp-content\/uploads\/2025\/05\/07.jpeg\"><img loading=\"lazy\" decoding=\"async\" class=\"size-full wp-image-71134\" src=\"http:\/\/elmundodelosnegocios.com.do\/v1\/wp-content\/uploads\/2025\/05\/07.jpeg\" alt=\"Igor Rodr\u00edguez Dur\u00e1n director general del Instituto Dominicano de Aviaci\u00f3n Civil y Paola Aim\u00e9e Pl\u00e1 Puello subdirectora del IDAC, durante la presentaci\u00f3n del Plan Estrategico Institucional 2025-2028 del IDAC\" width=\"1024\" height=\"665\" srcset=\"https:\/\/elmundodelosnegocios.com.do\/v1\/wp-content\/uploads\/2025\/05\/07.jpeg 1024w, https:\/\/elmundodelosnegocios.com.do\/v1\/wp-content\/uploads\/2025\/05\/07-300x195.jpeg 300w, https:\/\/elmundodelosnegocios.com.do\/v1\/wp-content\/uploads\/2025\/05\/07-768x499.jpeg 768w\" sizes=\"auto, (max-width: 1024px) 100vw, 1024px\" \/><\/a><figcaption id=\"caption-attachment-71134\" class=\"wp-caption-text\">Igor Rodr\u00edguez Dur\u00e1n director general del Instituto Dominicano de Aviaci\u00f3n Civil y Paola Aim\u00e9e Pl\u00e1 Puello subdirectora del IDAC, durante la presentaci\u00f3n del Plan Estrategico Institucional 2025-2028 del IDAC<\/figcaption><\/figure>\n<p>El Plan Estrat\u00e9gico Institucional 2025\u20132028 ha sido el resultado de un proceso participativo, transparente y metodol\u00f3gicamente riguroso, en el que fueron integrados colaboradores de las \u00e1reas administrativas y t\u00e9cnicas, adem\u00e1s de diversos grupos de inter\u00e9s vinculados al sector a\u00e9reo, explica Rodr\u00edguez Dur\u00e1n.<\/p>\n<p>La implementaci\u00f3n del PEI se produce en un contexto estrat\u00e9gico para la aviaci\u00f3n dominicana, marcado por tres hitos recientes: la actualizaci\u00f3n de la Ley 491-06 de Aviaci\u00f3n Civil, la auditor\u00eda IASA por parte de la FAA y la firma del Acuerdo de Cielos Abiertos con los Estados Unidos. \u00a0 Acontecimientos que representan un impulso significativo para la conectividad a\u00e9rea del pa\u00eds, el posicionamiento regional del sector y la atracci\u00f3n de nuevas oportunidades de inversi\u00f3n.<\/p>\n<p>El plan ha sido elaborado conforme a la nueva metodolog\u00eda establecida por el Ministerio de Econom\u00eda, Planificaci\u00f3n y Desarrollo (MEPyD) para los instrumentos estrat\u00e9gicos del sector p\u00fablico, garantizando su alineaci\u00f3n con los objetivos de la Estrategia Nacional de Desarrollo 2030 y el Plan de Gobierno 2024\u20132028.<\/p>\n<p>De igual manera, este plan cumple con los principales est\u00e1ndares internacionales en materia de aviaci\u00f3n civil establecidos por la Organizaci\u00f3n de Aviaci\u00f3n Civil Internacional (OACI) y dem\u00e1s organismos especializados, integrando iniciativas orientadas a la transformaci\u00f3n y modernizaci\u00f3n del sector.<\/p>\n<p>\u201cCon este plan, reafirmamos nuestra responsabilidad de liderar el desarrollo de una aviaci\u00f3n civil moderna, eficiente y sostenible. Agradecemos profundamente a cada colaborador, t\u00e9cnico y aliado estrat\u00e9gico que aport\u00f3 su conocimiento y compromiso en este proceso transformador\u201d, puntualiz\u00f3 Rodr\u00edguez Dur\u00e1n.<\/p>\n<figure class=\"wp-block-image size-large\"><\/figure>\n","protected":false},"excerpt":{"rendered":"<p>Santo Domingo.- Con entusiasmo y firme compromiso con la excelencia, el Instituto Dominicano de Aviaci\u00f3n Civil (IDAC) presenta oficialmente su Plan Estrat\u00e9gico Institucional (PEI) 2025\u20132028, concebido como un instrumento clave&hellip; <\/p>\n","protected":false},"author":2,"featured_media":71135,"comment_status":"closed","ping_status":"closed","sticky":false,"template":"","format":"standard","meta":{"fifu_image_url":"","fifu_image_alt":"","footnotes":""},"categories":[169],"tags":[],"class_list":["post-71133","post","type-post","status-publish","format-standard","has-post-thumbnail","hentry","category-transporte-internacional"],"_links":{"self":[{"href":"https:\/\/elmundodelosnegocios.com.do\/v1\/wp-json\/wp\/v2\/posts\/71133","targetHints":{"allow":["GET"]}}],"collection":[{"href":"https:\/\/elmundodelosnegocios.com.do\/v1\/wp-json\/wp\/v2\/posts"}],"about":[{"href":"https:\/\/elmundodelosnegocios.com.do\/v1\/wp-json\/wp\/v2\/types\/post"}],"author":[{"embeddable":true,"href":"https:\/\/elmundodelosnegocios.com.do\/v1\/wp-json\/wp\/v2\/users\/2"}],"replies":[{"embeddable":true,"href":"https:\/\/elmundodelosnegocios.com.do\/v1\/wp-json\/wp\/v2\/comments?post=71133"}],"version-history":[{"count":1,"href":"https:\/\/elmundodelosnegocios.com.do\/v1\/wp-json\/wp\/v2\/posts\/71133\/revisions"}],"predecessor-version":[{"id":71136,"href":"https:\/\/elmundodelosnegocios.com.do\/v1\/wp-json\/wp\/v2\/posts\/71133\/revisions\/71136"}],"wp:featuredmedia":[{"embeddable":true,"href":"https:\/\/elmundodelosnegocios.com.do\/v1\/wp-json\/wp\/v2\/media\/71135"}],"wp:attachment":[{"href":"https:\/\/elmundodelosnegocios.com.do\/v1\/wp-json\/wp\/v2\/media?parent=71133"}],"wp:term":[{"taxonomy":"category","embeddable":true,"href":"https:\/\/elmundodelosnegocios.com.do\/v1\/wp-json\/wp\/v2\/categories?post=71133"},{"taxonomy":"post_tag","embeddable":true,"href":"https:\/\/elmundodelosnegocios.com.do\/v1\/wp-json\/wp\/v2\/tags?post=71133"}],"curies":[{"name":"wp","href":"https:\/\/api.w.org\/{rel}","templated":true}]}}