{"id":71139,"date":"2025-05-27T12:12:43","date_gmt":"2025-05-27T16:42:43","guid":{"rendered":"https:\/\/www.elmundodelosnegocios.com.do\/v1\/?p=71139"},"modified":"2025-05-27T12:12:43","modified_gmt":"2025-05-27T16:42:43","slug":"vicepresidenta-pena-destaca-los-lazos-que-fortalecen-la-cooperacion-entre-republica-dominicana-y-la-union-europea","status":"publish","type":"post","link":"https:\/\/elmundodelosnegocios.com.do\/v1\/vicepresidenta-pena-destaca-los-lazos-que-fortalecen-la-cooperacion-entre-republica-dominicana-y-la-union-europea\/","title":{"rendered":"Vicepresidenta Pe\u00f1a destaca los lazos que fortalecen la cooperaci\u00f3n entre Rep\u00fablica Dominicana y la Uni\u00f3n Europea"},"content":{"rendered":"<p dir=\"ltr\">Santo Domingo. \u2013 La vicepresidenta de la Rep\u00fablica,\u00a0<strong>Raquel Pe\u00f1a<\/strong>, encabez\u00f3 este mi\u00e9rcoles la apertura del conversatorio\u00a0<strong>\u201cRep\u00fablica Dominicana \u2013 Uni\u00f3n Europea, una alianza que construye el futuro\u201d<\/strong>, celebrado en la Pontificia Universidad Cat\u00f3lica Madre y Maestra\u00a0<strong>(PUCMM)<\/strong>, en coordinaci\u00f3n con la\u00a0<strong>delegaci\u00f3n de la Uni\u00f3n Europea y sus Estados miembros.<\/strong><\/p>\n<p dir=\"ltr\"><a href=\"http:\/\/elmundodelosnegocios.com.do\/v1\/wp-content\/uploads\/2025\/05\/WhatsApp-Image-2025-05-27-at-11.59.22-AM.jpeg\"><img loading=\"lazy\" decoding=\"async\" class=\"aligncenter size-full wp-image-71140\" src=\"http:\/\/elmundodelosnegocios.com.do\/v1\/wp-content\/uploads\/2025\/05\/WhatsApp-Image-2025-05-27-at-11.59.22-AM.jpeg\" alt=\"\" width=\"1300\" height=\"731\" srcset=\"https:\/\/elmundodelosnegocios.com.do\/v1\/wp-content\/uploads\/2025\/05\/WhatsApp-Image-2025-05-27-at-11.59.22-AM.jpeg 1300w, https:\/\/elmundodelosnegocios.com.do\/v1\/wp-content\/uploads\/2025\/05\/WhatsApp-Image-2025-05-27-at-11.59.22-AM-300x169.jpeg 300w, https:\/\/elmundodelosnegocios.com.do\/v1\/wp-content\/uploads\/2025\/05\/WhatsApp-Image-2025-05-27-at-11.59.22-AM-1024x576.jpeg 1024w, https:\/\/elmundodelosnegocios.com.do\/v1\/wp-content\/uploads\/2025\/05\/WhatsApp-Image-2025-05-27-at-11.59.22-AM-768x432.jpeg 768w\" sizes=\"auto, (max-width: 1300px) 100vw, 1300px\" \/><\/a><\/p>\n<p dir=\"ltr\">Durante su discurso, la vicemandataria afirm\u00f3 que la relaci\u00f3n entre la Rep\u00fablica Dominicana y la Uni\u00f3n Europea est\u00e1 cimentada en valores comunes, como la defensa del\u00a0<strong>Estado de derecho<\/strong>, la promoci\u00f3n de los\u00a0<strong>derechos humanos, la igualdad de g\u00e9nero<\/strong>\u00a0y el compromiso con el\u00a0<strong>multilateralismo<\/strong>.<\/p>\n<p dir=\"ltr\"><em>\u201cEstos valores son la hoja de ruta que, como ha expresado el presidente Luis Abinader, han orientado una cooperaci\u00f3n que entrega resultados visibles y transformadores para nuestras sociedades\u201d<\/em>, expres\u00f3 Pe\u00f1a.<\/p>\n<p dir=\"ltr\">La vicepresidenta tambi\u00e9n destac\u00f3 los avances impulsados gracias al respaldo europeo en\u00a0<strong>sectores estrat\u00e9gicos como agua y residuos s\u00f3lidos<\/strong>, se\u00f1alando la rehabilitaci\u00f3n de infraestructuras h\u00eddricas, el abastecimiento en zonas cr\u00edticas y el interceptor Ozama-Isabela, desarrollado en coordinaci\u00f3n con el Ministerio de la Presidencia y el de Medio Ambiente.<\/p>\n<p><img loading=\"lazy\" decoding=\"async\" src=\"https:\/\/presidencia.gob.do\/sites\/default\/files\/inline-images\/WhatsApp%20Image%202025-05-27%20at%2011.59.22%20AM%20%281%29.jpeg\" width=\"4095\" height=\"2730\" data-entity-uuid=\"2a8fbf6b-bb61-4a71-b022-ef63dfd762d6\" data-entity-type=\"file\" \/><\/p>\n<p dir=\"ltr\">En materia medioambiental, Pe\u00f1a resalt\u00f3 el\u00a0<strong>apoyo a proyectos de investigaci\u00f3n y mitigaci\u00f3n del sargazo<\/strong>, programas de protecci\u00f3n de la\u00a0<strong>biodiversidad<\/strong>, restauraci\u00f3n de\u00a0<strong>manglares<\/strong>\u00a0y recuperaci\u00f3n de\u00a0<strong>arrecifes<\/strong>, en l\u00ednea con las\u00a0<strong>prioridades nacionales<\/strong>\u00a0y con respaldo de iniciativas como\u00a0<strong>Euroclima<\/strong>.<\/p>\n<p dir=\"ltr\">Asimismo, valor\u00f3 los esfuerzos conjuntos en la\u00a0<strong>revitalizaci\u00f3n de la Ciudad Colonial<\/strong>, con el apoyo de pa\u00edses como\u00a0<strong>Italia, Espa\u00f1a y Alemania<\/strong>, y la creaci\u00f3n de una\u00a0<strong>Escuela Superior de Restauraci\u00f3n<\/strong>\u00a0para asegurar la sostenibilidad del patrimonio cultural.<\/p>\n<p dir=\"ltr\">En su rol como presidenta del\u00a0<strong>Gabinete de Educaci\u00f3n<\/strong>, Pe\u00f1a reafirm\u00f3 su apuesta por la\u00a0<strong>internacionalizaci\u00f3n universitaria<\/strong>, destacando d\u00e9cadas de\u00a0<strong>intercambios<\/strong>\u00a0acad\u00e9micos, programas de\u00a0<strong>investigaci\u00f3n y becas<\/strong>\u00a0apoyadas por la Uni\u00f3n Europea.<\/p>\n<p dir=\"ltr\"><strong>Relaci\u00f3n estrat\u00e9gica<\/strong><\/p>\n<p dir=\"ltr\">Desde la firma del\u00a0<strong>Acuerdo de Asociaci\u00f3n Econ\u00f3mica (EPA)<\/strong>\u00a0hace m\u00e1s de 15 a\u00f1os, el\u00a0<strong>comercio bilateral<\/strong>\u00a0entre Rep\u00fablica Dominicana y la Uni\u00f3n Europea se ha\u00a0<strong>triplicado<\/strong>, permitiendo diversificar las exportaciones hacia\u00a0<strong>productos de mayor valor agregado<\/strong>, como equipos m\u00e9dicos y cosm\u00e9ticos, al tiempo que protege sectores sensibles como el arroz y las habichuelas.<\/p>\n<p dir=\"ltr\"><strong>En 2024<\/strong>, la Uni\u00f3n Europea fue el\u00a0<strong>primer inversionista\u00a0<\/strong>en el pa\u00eds, con presencia destacada en\u00a0<strong>turismo, energ\u00eda renovable y transporte sostenible<\/strong>. Entre los proyectos emblem\u00e1ticos figura el aumento de la capacidad del\u00a0<strong>Metro de Santo Domingo<\/strong>, con la movilizaci\u00f3n de expertos, financiamiento y tecnolog\u00eda.<\/p>\n<p dir=\"ltr\">Durante el evento tambi\u00e9n se reiteraron los principios que sostienen esta alianza: la democracia, los derechos humanos y el multilateralismo, conforme a los\u00a0<strong>valores de la Carta de las Naciones Unidas.<\/strong><\/p>\n<p>El conversatorio cont\u00f3 con la participaci\u00f3n de los embajadores\u00a0<strong>Katja Afheldt<\/strong>\u00a0(UE),\u00a0<strong>Antonio P\u00e9rez-Hern\u00e1ndez\u00a0<\/strong>(Espa\u00f1a),\u00a0<strong>Stefano Queirolo<\/strong>\u00a0(Italia),\u00a0<strong>Maike Friedrichsen<\/strong>\u00a0(Alemania),\u00a0<strong>Frank Keurhorst<\/strong>\u00a0(Pa\u00edses Bajos) y\u00a0<strong>Sonia Barbry<\/strong>\u00a0(Francia).<\/p>\n","protected":false},"excerpt":{"rendered":"<p>Santo Domingo. \u2013 La vicepresidenta de la Rep\u00fablica,\u00a0Raquel Pe\u00f1a, encabez\u00f3 este mi\u00e9rcoles la apertura del conversatorio\u00a0\u201cRep\u00fablica Dominicana \u2013 Uni\u00f3n Europea, una alianza que construye el futuro\u201d, celebrado en la Pontificia&hellip; <\/p>\n","protected":false},"author":2,"featured_media":71140,"comment_status":"closed","ping_status":"closed","sticky":false,"template":"","format":"standard","meta":{"fifu_image_url":"","fifu_image_alt":"","footnotes":""},"categories":[254],"tags":[],"class_list":["post-71139","post","type-post","status-publish","format-standard","has-post-thumbnail","hentry","category-relaciones-internacionales"],"_links":{"self":[{"href":"https:\/\/elmundodelosnegocios.com.do\/v1\/wp-json\/wp\/v2\/posts\/71139","targetHints":{"allow":["GET"]}}],"collection":[{"href":"https:\/\/elmundodelosnegocios.com.do\/v1\/wp-json\/wp\/v2\/posts"}],"about":[{"href":"https:\/\/elmundodelosnegocios.com.do\/v1\/wp-json\/wp\/v2\/types\/post"}],"author":[{"embeddable":true,"href":"https:\/\/elmundodelosnegocios.com.do\/v1\/wp-json\/wp\/v2\/users\/2"}],"replies":[{"embeddable":true,"href":"https:\/\/elmundodelosnegocios.com.do\/v1\/wp-json\/wp\/v2\/comments?post=71139"}],"version-history":[{"count":1,"href":"https:\/\/elmundodelosnegocios.com.do\/v1\/wp-json\/wp\/v2\/posts\/71139\/revisions"}],"predecessor-version":[{"id":71141,"href":"https:\/\/elmundodelosnegocios.com.do\/v1\/wp-json\/wp\/v2\/posts\/71139\/revisions\/71141"}],"wp:featuredmedia":[{"embeddable":true,"href":"https:\/\/elmundodelosnegocios.com.do\/v1\/wp-json\/wp\/v2\/media\/71140"}],"wp:attachment":[{"href":"https:\/\/elmundodelosnegocios.com.do\/v1\/wp-json\/wp\/v2\/media?parent=71139"}],"wp:term":[{"taxonomy":"category","embeddable":true,"href":"https:\/\/elmundodelosnegocios.com.do\/v1\/wp-json\/wp\/v2\/categories?post=71139"},{"taxonomy":"post_tag","embeddable":true,"href":"https:\/\/elmundodelosnegocios.com.do\/v1\/wp-json\/wp\/v2\/tags?post=71139"}],"curies":[{"name":"wp","href":"https:\/\/api.w.org\/{rel}","templated":true}]}}