{"id":71158,"date":"2025-05-29T11:05:38","date_gmt":"2025-05-29T15:35:38","guid":{"rendered":"https:\/\/www.elmundodelosnegocios.com.do\/v1\/?p=71158"},"modified":"2025-05-29T11:05:38","modified_gmt":"2025-05-29T15:35:38","slug":"presentan-nueva-junta-directiva-adeimo-para-2025-2027","status":"publish","type":"post","link":"https:\/\/elmundodelosnegocios.com.do\/v1\/presentan-nueva-junta-directiva-adeimo-para-2025-2027\/","title":{"rendered":"Presentan nueva Junta Directiva ADEIMO para 2025-2027"},"content":{"rendered":"<p><b>SANTO DOMINGO,<\/b> R.D. Mayo, 2025.- La Asociaci\u00f3n Dominicana de Empresas de Investigaci\u00f3n de Mercado y Opini\u00f3n (ADEIMO) present\u00f3 su nueva Directiva para el periodo 2025-2027, con el firme compromiso de velar por el crecimiento y profesionalizaci\u00f3n del sector y al mismo tiempo, de apoyar y acompa\u00f1ar todas las iniciativas p\u00fablicas y privadas que tiendan a fortalecer la integridad de la industria en el pa\u00eds. Un ejemplo de esto es el apoyo a la Junta Central Electoral en el <i>Proyecto de reglamento que establece el procedimiento para el registro de las firmas o empresas encuestadoras y la publicaci\u00f3n de encuestas en materia electoral<\/i>, as\u00ed como otros retos institucionales que se estar\u00e1n accionando en los pr\u00f3ximos dos a\u00f1os.<\/p>\n<figure id=\"attachment_71159\" aria-describedby=\"caption-attachment-71159\" style=\"width: 800px\" class=\"wp-caption aligncenter\"><a href=\"http:\/\/elmundodelosnegocios.com.do\/v1\/wp-content\/uploads\/2025\/05\/01-1.jpg\"><img loading=\"lazy\" decoding=\"async\" class=\"size-full wp-image-71159\" src=\"http:\/\/elmundodelosnegocios.com.do\/v1\/wp-content\/uploads\/2025\/05\/01-1.jpg\" alt=\"EQUIPO DIRECTIVO Noel Flores, Leny Matos, Wanda Montero, Myajo Guti\u00e9rrez, Mart\u00edn C\u00f3rdova\" width=\"800\" height=\"533\" srcset=\"https:\/\/elmundodelosnegocios.com.do\/v1\/wp-content\/uploads\/2025\/05\/01-1.jpg 800w, https:\/\/elmundodelosnegocios.com.do\/v1\/wp-content\/uploads\/2025\/05\/01-1-300x200.jpg 300w, https:\/\/elmundodelosnegocios.com.do\/v1\/wp-content\/uploads\/2025\/05\/01-1-768x512.jpg 768w\" sizes=\"auto, (max-width: 800px) 100vw, 800px\" \/><\/a><figcaption id=\"caption-attachment-71159\" class=\"wp-caption-text\">EQUIPO DIRECTIVO Noel Flores, Leny Matos, Wanda Montero, Myajo Guti\u00e9rrez, Mart\u00edn C\u00f3rdova<\/figcaption><\/figure>\n<p>\u201cEs de suma importancia para nuestro sector que se est\u00e9n dando los pasos correctos para asegurar que s\u00f3lo empresas que se apeguen a la \u00e9tica e integridad en la ejecuci\u00f3n de sus proyectos de opini\u00f3n p\u00fablica puedan ser reconocidas oficialmente como tales\u201d, afirm\u00f3\u00a0<a name=\"m_-1633404847434057713_x_m_-6582852490494611896_m_-6389153238618527568_m_-8084216688082624662_m_1379566976944292315_m_-5069057610587616364_m_-7013722112361774222__Hlk198794370\"><\/a>Wanda Montero, presidenta de ADEIMO, y junto a ella integran esta Junta Directiva Leny Matos, vicepresidenta; Noel Flores, secretario; Mayjo Guti\u00e9rrez, tesorera, y Mart\u00edn C\u00f3rdova, vocal.<\/p>\n<p>De acuerdo con la Sra. Montero, desde ADEIMO se trabajar\u00e1 en pro de la capacitaci\u00f3n de asociados, empresas y p\u00fablico en general, acerca de las t\u00e9cnicas de investigaci\u00f3n de mercados y temas de vanguardia relativos al sector, de modo que pueda elevarse el criterio general en beneficio de una mejor comprensi\u00f3n de los datos que son publicados por diversos actores de la sociedad.<\/p>\n<p>\u201cTrabajaremos en pro de la capacitaci\u00f3n t\u00e9cnica tanto del personal que brinda este servicio, como de las nuevas generaciones de investigadores, a trav\u00e9s de asociaciones con prestigiosas universidades nacionales y gremios ampliamente reconocidos\u201d, destac\u00f3.<\/p>\n<p>Manifest\u00f3 que esta nueva directiva tiene por inter\u00e9s aportar a la naci\u00f3n, a trav\u00e9s de la publicaci\u00f3n y promoci\u00f3n de datos de opini\u00f3n p\u00fablica de calidad, que reflejen la importancia de contar con informaci\u00f3n veraz y que permita seguir construyendo un pa\u00eds m\u00e1s informado, capaz de crear sus propias conclusiones con base en conocimiento.<\/p>\n<p>La Asociaci\u00f3n Dominicana de Empresas de Investigaci\u00f3n de Mercado y de Opini\u00f3n P\u00fablica (ADEIMO) es una entidad que agrupa y representa a las empresas que se dedican y especializan en la realizaci\u00f3n de estudios de mercado y de opini\u00f3n en la Rep\u00fablica Dominicana.<\/p>\n<p>Este gremio cuenta con 16 empresas de renombre que se dedican a realizar encuestas de manera cient\u00edfica, objetiva, confiable, veraz, sistem\u00e1tica y confidencial, utilizando m\u00e9todos estad\u00edsticos, anal\u00edticos y t\u00e9cnicas de las ciencias sociales aplicadas para aportar informaci\u00f3n e inteligencia de apoyo a las tomas de decisiones en diferentes \u00e1mbitos del quehacer empresarial, organizacional, pol\u00edtico y social.\u00a0<a id=\"m_-1633404847434057713OWA1c2f1646-222b-1a47-130d-1e4f1a723d65\" href=\"https:\/\/adeimo.org\/\" target=\"_blank\" rel=\"noopener\" data-saferedirecturl=\"https:\/\/www.google.com\/url?q=https:\/\/adeimo.org\/&amp;source=gmail&amp;ust=1748617386925000&amp;usg=AOvVaw1l-ZBlRFipMGmR2SkjjwWy\">https:\/\/adeimo.org\/<\/a><\/p>\n","protected":false},"excerpt":{"rendered":"<p>SANTO DOMINGO, R.D. Mayo, 2025.- La Asociaci\u00f3n Dominicana de Empresas de Investigaci\u00f3n de Mercado y Opini\u00f3n (ADEIMO) present\u00f3 su nueva Directiva para el periodo 2025-2027, con el firme compromiso de&hellip; <\/p>\n","protected":false},"author":2,"featured_media":71159,"comment_status":"closed","ping_status":"closed","sticky":false,"template":"","format":"standard","meta":{"fifu_image_url":"","fifu_image_alt":"","footnotes":""},"categories":[157],"tags":[],"class_list":["post-71158","post","type-post","status-publish","format-standard","has-post-thumbnail","hentry","category-marketing"],"_links":{"self":[{"href":"https:\/\/elmundodelosnegocios.com.do\/v1\/wp-json\/wp\/v2\/posts\/71158","targetHints":{"allow":["GET"]}}],"collection":[{"href":"https:\/\/elmundodelosnegocios.com.do\/v1\/wp-json\/wp\/v2\/posts"}],"about":[{"href":"https:\/\/elmundodelosnegocios.com.do\/v1\/wp-json\/wp\/v2\/types\/post"}],"author":[{"embeddable":true,"href":"https:\/\/elmundodelosnegocios.com.do\/v1\/wp-json\/wp\/v2\/users\/2"}],"replies":[{"embeddable":true,"href":"https:\/\/elmundodelosnegocios.com.do\/v1\/wp-json\/wp\/v2\/comments?post=71158"}],"version-history":[{"count":1,"href":"https:\/\/elmundodelosnegocios.com.do\/v1\/wp-json\/wp\/v2\/posts\/71158\/revisions"}],"predecessor-version":[{"id":71160,"href":"https:\/\/elmundodelosnegocios.com.do\/v1\/wp-json\/wp\/v2\/posts\/71158\/revisions\/71160"}],"wp:featuredmedia":[{"embeddable":true,"href":"https:\/\/elmundodelosnegocios.com.do\/v1\/wp-json\/wp\/v2\/media\/71159"}],"wp:attachment":[{"href":"https:\/\/elmundodelosnegocios.com.do\/v1\/wp-json\/wp\/v2\/media?parent=71158"}],"wp:term":[{"taxonomy":"category","embeddable":true,"href":"https:\/\/elmundodelosnegocios.com.do\/v1\/wp-json\/wp\/v2\/categories?post=71158"},{"taxonomy":"post_tag","embeddable":true,"href":"https:\/\/elmundodelosnegocios.com.do\/v1\/wp-json\/wp\/v2\/tags?post=71158"}],"curies":[{"name":"wp","href":"https:\/\/api.w.org\/{rel}","templated":true}]}}