{"id":71161,"date":"2025-05-29T11:13:45","date_gmt":"2025-05-29T15:43:45","guid":{"rendered":"https:\/\/www.elmundodelosnegocios.com.do\/v1\/?p=71161"},"modified":"2025-05-29T11:13:45","modified_gmt":"2025-05-29T15:43:45","slug":"con-tecnologia-innovacion-y-emocion-fue-epica-celebracion-30-anos-de-bahia-principe-hotels-resorts","status":"publish","type":"post","link":"https:\/\/elmundodelosnegocios.com.do\/v1\/con-tecnologia-innovacion-y-emocion-fue-epica-celebracion-30-anos-de-bahia-principe-hotels-resorts\/","title":{"rendered":"Con tecnolog\u00eda, innovaci\u00f3n y emoci\u00f3n fue \u00e9pica celebraci\u00f3n 30 a\u00f1os de Bah\u00eda Pr\u00edncipe Hotels &#038; Resorts"},"content":{"rendered":"<ul>\n<li style=\"font-weight: 400;\" aria-level=\"1\"><i><span style=\"font-weight: 400;\">La celebraci\u00f3n se convirti\u00f3 en un espect\u00e1culo inmersivo apoyado por alta tecnolog\u00eda, elementos culturales y un line up de artistas locales e internaciones.<\/span><\/i><\/li>\n<\/ul>\n<p>&nbsp;<\/p>\n<ul>\n<li style=\"font-weight: 400;\" aria-level=\"1\"><i><span style=\"font-weight: 400;\">En una fusi\u00f3n sin precedentes, la Filarm\u00f3nica Nacional Dominicana, junto a Mark B y Mozart La Para, brindaron un performance musical que sorprendi\u00f3 a los asistentes, bajo una puesta en escena de alt\u00edsimo nivel t\u00e9cnico y emocional.<\/span><\/i><\/li>\n<\/ul>\n<p><b>Santo Domingo, mayo de 2025.<\/b><span>\u00a0 Treinta a\u00f1os despu\u00e9s de su primer amanecer en el Caribe, Bahia Principe Hotels &amp; Resorts no solo celebra un legado: lo reinventa. Con una noche donde la m\u00fasica cl\u00e1sica y urbana dialogaron, la inteligencia artificial cobr\u00f3 vida y la emoci\u00f3n fue protagonista, la cadena hotelera encendi\u00f3 el esp\u00edritu de la Feria DATE 2025 con una fiesta que marc\u00f3 un antes y un despu\u00e9s en los eventos del sector tur\u00edstico dominicano.\u00a0<\/span><i><\/i><\/p>\n<p><a href=\"http:\/\/elmundodelosnegocios.com.do\/v1\/wp-content\/uploads\/2025\/05\/02-1.jpg\"><img loading=\"lazy\" decoding=\"async\" class=\"aligncenter size-full wp-image-71162\" src=\"http:\/\/elmundodelosnegocios.com.do\/v1\/wp-content\/uploads\/2025\/05\/02-1.jpg\" alt=\"\" width=\"800\" height=\"533\" srcset=\"https:\/\/elmundodelosnegocios.com.do\/v1\/wp-content\/uploads\/2025\/05\/02-1.jpg 800w, https:\/\/elmundodelosnegocios.com.do\/v1\/wp-content\/uploads\/2025\/05\/02-1-300x200.jpg 300w, https:\/\/elmundodelosnegocios.com.do\/v1\/wp-content\/uploads\/2025\/05\/02-1-768x512.jpg 768w\" sizes=\"auto, (max-width: 800px) 100vw, 800px\" \/><\/a><\/p>\n<p><span style=\"font-weight: 400;\">Bajo el concepto <\/span><b>\u201cEvolution\u201d<\/b><span style=\"font-weight: 400;\">, desarrollado especialmente para esta ocasi\u00f3n por el equipo corporativo y creativo de Bahia Principe, se propuso una reflexi\u00f3n profunda sobre la transformaci\u00f3n constante, el paso del tiempo y la capacidad de innovar sin perder la esencia. Esta visi\u00f3n cobr\u00f3 vida a trav\u00e9s de una experiencia inmersiva que uni\u00f3 la fuerza de la Filarm\u00f3nica Nacional Dominicana con la energ\u00eda de los artistas urbanos Mozart La Para y Mark B, quienes bajo la direcci\u00f3n del maestro Jos\u00e9 Miguel Taveras, y los arreglos originales del compositor y arreglista Orlando Faxas, ofrecieron un espect\u00e1culo \u00fanico que logr\u00f3 fusionar partituras cl\u00e1sicas con beats modernos, creando un di\u00e1logo sonoro tan poderoso como original.<\/span><\/p>\n<p><a href=\"http:\/\/elmundodelosnegocios.com.do\/v1\/wp-content\/uploads\/2025\/05\/03-2.jpg\"><img loading=\"lazy\" decoding=\"async\" class=\"aligncenter size-full wp-image-71163\" src=\"http:\/\/elmundodelosnegocios.com.do\/v1\/wp-content\/uploads\/2025\/05\/03-2.jpg\" alt=\"\" width=\"800\" height=\"533\" srcset=\"https:\/\/elmundodelosnegocios.com.do\/v1\/wp-content\/uploads\/2025\/05\/03-2.jpg 800w, https:\/\/elmundodelosnegocios.com.do\/v1\/wp-content\/uploads\/2025\/05\/03-2-300x200.jpg 300w, https:\/\/elmundodelosnegocios.com.do\/v1\/wp-content\/uploads\/2025\/05\/03-2-768x512.jpg 768w\" sizes=\"auto, (max-width: 800px) 100vw, 800px\" \/><\/a><\/p>\n<p><span style=\"font-weight: 400;\">En una superficie de 4500 mts cuadrados, m\u00e1s de 1,400 asistentes fueron testigos de una puesta en escena pocas veces vista en el pa\u00eds y donde el ritmo de la noche fue marcado por una cohesi\u00f3n in\u00e9dita que trascendi\u00f3 estilos y generaciones.\u00a0<\/span><\/p>\n<p><a href=\"http:\/\/elmundodelosnegocios.com.do\/v1\/wp-content\/uploads\/2025\/05\/04-1.jpg\"><img loading=\"lazy\" decoding=\"async\" class=\"aligncenter size-full wp-image-71164\" src=\"http:\/\/elmundodelosnegocios.com.do\/v1\/wp-content\/uploads\/2025\/05\/04-1.jpg\" alt=\"\" width=\"800\" height=\"532\" srcset=\"https:\/\/elmundodelosnegocios.com.do\/v1\/wp-content\/uploads\/2025\/05\/04-1.jpg 800w, https:\/\/elmundodelosnegocios.com.do\/v1\/wp-content\/uploads\/2025\/05\/04-1-300x200.jpg 300w, https:\/\/elmundodelosnegocios.com.do\/v1\/wp-content\/uploads\/2025\/05\/04-1-768x511.jpg 768w\" sizes=\"auto, (max-width: 800px) 100vw, 800px\" \/><\/a><\/p>\n<p><span style=\"font-weight: 400;\">Uno de los momentos m\u00e1s innovadores y memorables de la noche fue la presentaci\u00f3n de EVE, una inteligencia artificial creada exclusivamente para el evento. Conectada a una base de datos construida tras meses de investigaci\u00f3n hist\u00f3rica sobre la marca, EVE narr\u00f3 en tiempo real y con voz propia los hitos m\u00e1s significativos de la cadena hotelera, aportando una dimensi\u00f3n emocional y futurista a la experiencia.\u00a0<\/span><\/p>\n<p><a href=\"http:\/\/elmundodelosnegocios.com.do\/v1\/wp-content\/uploads\/2025\/05\/05-1.jpg\"><img loading=\"lazy\" decoding=\"async\" class=\"aligncenter size-full wp-image-71165\" src=\"http:\/\/elmundodelosnegocios.com.do\/v1\/wp-content\/uploads\/2025\/05\/05-1.jpg\" alt=\"\" width=\"800\" height=\"533\" srcset=\"https:\/\/elmundodelosnegocios.com.do\/v1\/wp-content\/uploads\/2025\/05\/05-1.jpg 800w, https:\/\/elmundodelosnegocios.com.do\/v1\/wp-content\/uploads\/2025\/05\/05-1-300x200.jpg 300w, https:\/\/elmundodelosnegocios.com.do\/v1\/wp-content\/uploads\/2025\/05\/05-1-768x512.jpg 768w\" sizes=\"auto, (max-width: 800px) 100vw, 800px\" \/><\/a><\/p>\n<p><span style=\"font-weight: 400;\">Su intervenci\u00f3n, cargada de simbolismo, gener\u00f3 sorpresa y admiraci\u00f3n, dejando una huella profunda en los asistentes y consolidando una conexi\u00f3n aut\u00e9ntica con la audiencia. Los efectos visuales y la iluminaci\u00f3n, cuidadosamente programado, jugaron un papel clave en la atm\u00f3sfera general del evento. Cada color, escena y movimiento fue dise\u00f1ado para evocar emociones y reforzar la identidad visual de EVE, integrando tambi\u00e9n los elementos gr\u00e1ficos del logotipo de los 30 a\u00f1os de la marca.<\/span><\/p>\n<p><b>Una producci\u00f3n internacional de alto nivel<\/b><\/p>\n<p><span style=\"font-weight: 400;\">Detr\u00e1s del espect\u00e1culo, se articularon m\u00faltiples y robustos equipos de montaje, m\u00fasicos, bailarines, managers, visualistas, ingenieros, sonidistas y programadores provenientes de distintos pa\u00edses. El trabajo en equipo y la colaboraci\u00f3n fueron fundamentales para coordinar esta producci\u00f3n de gran escala, que incluy\u00f3 pruebas de carga previas, riggers certificados, equipos antiincendios y el apoyo del cuerpo de bomberos.<\/span><\/p>\n<p><i><span style=\"font-weight: 400;\">\u201cEsta fiesta no solo celebra lo que hemos construido durante estos 30 a\u00f1os, sino tambi\u00e9n el camino que hemos decidido recorrer hacia el futuro. Con \u2018Evolution\u2019 abrimos una nueva brecha creativa que nos permite conectar con las nuevas generaciones sin perder la esencia que nos define. Esa es, precisamente, la evoluci\u00f3n de nuestra historia: mantener nuestras ra\u00edces mientras seguimos innovando con prop\u00f3sito\u201d<\/span><\/i><span style=\"font-weight: 400;\">, asegur\u00f3 Isabel Pi\u00f1ero, presidenta del Consejo de Familia de Grupo Pi\u00f1ero.<\/span><\/p>\n<p><b>Un legado en evoluci\u00f3n<\/b><\/p>\n<p><span style=\"font-weight: 400;\">La fiesta de apertura de DATE 2025 se convirti\u00f3 en una declaraci\u00f3n de visi\u00f3n y compromiso: celebrar tres d\u00e9cadas de experiencias con la mirada puesta en el futuro. Bahia Principe demostr\u00f3 que el turismo tambi\u00e9n puede ser un veh\u00edculo para el arte, la tecnolog\u00eda, la sostenibilidad y la conexi\u00f3n emocional.<\/span><\/p>\n<p><b>Sobre Bahia Principe Hotels &amp; Resorts\u00a0<\/b><\/p>\n<p><span style=\"font-weight: 400;\">Celebrando 30 a\u00f1os de excelencia en hospitalidad, Bahia Principe Hotels &amp; Resorts se ha consolidado como un referente en la industria de los resorts todo incluido, con 22 propiedades en el Caribe y Espa\u00f1a. La marca ahora forma parte de una joint venture entre Hyatt y Grupo Pi\u00f1ero, fortaleciendo su posici\u00f3n en el sector y ampliando las oportunidades para los viajeros a trav\u00e9s de la Inclusive Collection de Hyatt. Esta colaboraci\u00f3n permitir\u00e1 a Bahia Principe llegar a m\u00e1s personas y ofrecer a los miembros de World of Hyatt nuevas formas de disfrutar su reconocida hospitalidad en destinos como Rep\u00fablica Dominicana, M\u00e9xico, Jamaica y Espa\u00f1a, incluyendo el exclusivo Cayo Levantado Resort en Rep\u00fablica Dominicana.\u00a0<\/span><\/p>\n<p><span style=\"font-weight: 400;\">Fundada en 1995 como parte de Grupo Pi\u00f1ero, un grupo tur\u00edstico familiar espa\u00f1ol que este a\u00f1o celebra su 50\u00ba aniversario, Bahia Principe sigue comprometida con ofrecer experiencias de viaje inolvidables, apostando siempre por la sostenibilidad y el turismo responsable. A trav\u00e9s de su Fundaci\u00f3n Eco Bahia, el grupo y Bahia Principe impulsa diversas iniciativas ecol\u00f3gicas en M\u00e9xico y Rep\u00fablica Dominicana, reafirmando as\u00ed su compromiso con la protecci\u00f3n del medioambiente.\u00a0\u00a0<\/span><\/p>\n<p><b>Sobre Grupo Pi\u00f1ero<\/b><\/p>\n<p><span style=\"font-weight: 400;\">Grupo Pi\u00f1ero es un grupo de origen tur\u00edstico espa\u00f1ol de esencia familiar fundado en 1975 por Pablo Pi\u00f1ero. Actualmente presidido por Isabel Garc\u00eda Lorca y liderado desde 2017 por Encarna Pi\u00f1ero, como CEO Global, junto con sus hermanas Isabel y Lydia. Con 50 a\u00f1os de historia, el Grupo lleva a cabo una gesti\u00f3n responsable con un plan estrat\u00e9gico cuyo eje transversal es la sostenibilidad. Esta visi\u00f3n tiene como principal objetivo el cuidado de las personas, el medio ambiente y la promoci\u00f3n de un turismo que aporte riqueza desde el respeto a los destinos donde opera.\u00a0<\/span><\/p>\n<p><span style=\"font-weight: 400;\">Su actividad contempla cuatro divisiones: la Hotelera que cuenta con resorts en Rep\u00fablica Dominicana (primer grupo hotelero con mayor n\u00famero de establecimientos en propiedad) M\u00e9xico, Jamaica y Espa\u00f1a; Residences &amp; Golf que cuenta con complejos residenciales en Rep\u00fablica Dominicana y M\u00e9xico; la divisi\u00f3n de Touroperaci\u00f3n, integrada por Soltour, turoperador independiente l\u00edder en Espa\u00f1a y Portugal en el segmento vacacional, y la divisi\u00f3n Mobility Incoming &amp; Leisure, que complementa la oferta a trav\u00e9s de servicios de transporte terrestre y mar\u00edtimo, destacando su apuesta por la movilidad sostenible.<\/span><span style=\"font-weight: 400;\"><br \/>\n<\/span><span style=\"font-weight: 400;\"><br \/>\n<\/span><b>Sobre Hyatt Hotels Corporation<\/b><\/p>\n<p><span style=\"font-weight: 400;\">Hyatt Hotels Corporation, con sede en Chicago, es una empresa hotelera l\u00edder a nivel mundial, guiada por su prop\u00f3sito: cuidar de las personas para que puedan alcanzar su m\u00e1ximo potencial. Al 31 de marzo de 2025, la cartera de la Compa\u00f1\u00eda inclu\u00eda m\u00e1s de 1450 hoteles y propiedades all-inclusive en 79 pa\u00edses de seis continentes. La oferta de la Compa\u00f1\u00eda incluye marcas de <\/span><i><span style=\"font-weight: 400;\">Luxury Portfolio<\/span><\/i><span style=\"font-weight: 400;\">, como<\/span><b> Park Hyatt\u00ae, Alila\u00ae, Miraval\u00ae, Impression by Secrets<\/b><span style=\"font-weight: 400;\"> y <\/span><b>The Unbound Collection by Hyatt\u00ae<\/b><span style=\"font-weight: 400;\">; el <\/span><i><span style=\"font-weight: 400;\">Portfolio Lisfestyle,<\/span><\/i><span style=\"font-weight: 400;\"> que incluye <\/span><b>Andaz\u00ae, Thompson Hotels\u00ae, The Standard\u00ae, Dream\u00ae Hotels, The StandardX, Breathless Resorts &amp; Spas\u00ae, JdV by Hyatt\u00ae, Bunkhouse\u00ae Hotels <\/b><span style=\"font-weight: 400;\">y <\/span><b>Me and All Hotels<\/b><span style=\"font-weight: 400;\">; la <\/span><i><span style=\"font-weight: 400;\">Inclusive Collection<\/span><\/i><span style=\"font-weight: 400;\">, que incluye <\/span><b>Zo\u00ebtry\u00ae Wellness &amp; Spa Resorts, Hyatt Ziva\u00ae, Hyatt Zilara\u00ae, Secrets\u00ae Resorts &amp; Spas, Dreams\u00ae Resorts &amp; Spas, Hyatt Vivid Hotels &amp; Resorts, Sunscape\u00ae Resorts &amp; Spas, Alua Hotels &amp; Resorts\u00ae<\/b><span style=\"font-weight: 400;\"> y <\/span><b>Bahia Principe Hotels &amp; Resorts<\/b><span style=\"font-weight: 400;\">; el <\/span><i><span style=\"font-weight: 400;\">Classics Portfolio<\/span><\/i><span style=\"font-weight: 400;\">, que incluye <\/span><b>Grand Hyatt\u00ae, Hyatt Regency\u00ae, Destination by Hyatt\u00ae, Hyatt Centric\u00ae, Hyatt Vacation Club\u00ae <\/b><span style=\"font-weight: 400;\">y <\/span><b>Hyatt\u00ae<\/b><span style=\"font-weight: 400;\">; y el <\/span><i><span style=\"font-weight: 400;\">Essentials Portfolio<\/span><\/i><span style=\"font-weight: 400;\">, que incluye <\/span><b>Caption by Hyatt\u00ae, Hyatt Place\u00ae, Hyatt House\u00ae, Hyatt Studios, Hyatt Select <\/b><span style=\"font-weight: 400;\">y <\/span><b>UrCove<\/b><span style=\"font-weight: 400;\">. Las filiales de la Compa\u00f1\u00eda operan el programa de fidelizaci\u00f3n World of Hyatt\u00ae, ALG Vacations\u00ae, Mr &amp; Mrs Smith, Unlimited Vacation Club\u00ae, los servicios de gesti\u00f3n de destinos Amstar\u00ae DMC y los servicios tecnol\u00f3gicos Trisept Solutions\u00ae. Para obtener m\u00e1s informaci\u00f3n, visite <\/span><a href=\"https:\/\/www.hyatt.com\"><i><span style=\"font-weight: 400;\">www.hyatt.com<\/span><\/i><\/a><span style=\"font-weight: 400;\">.<\/span><\/p>\n","protected":false},"excerpt":{"rendered":"<p>La celebraci\u00f3n se convirti\u00f3 en un espect\u00e1culo inmersivo apoyado por alta tecnolog\u00eda, elementos culturales y un line up de artistas locales e internaciones. &nbsp; En una fusi\u00f3n sin precedentes, la&hellip; <\/p>\n","protected":false},"author":2,"featured_media":71165,"comment_status":"closed","ping_status":"closed","sticky":false,"template":"","format":"standard","meta":{"fifu_image_url":"","fifu_image_alt":"","footnotes":""},"categories":[172],"tags":[],"class_list":["post-71161","post","type-post","status-publish","format-standard","has-post-thumbnail","hentry","category-turismo"],"_links":{"self":[{"href":"https:\/\/elmundodelosnegocios.com.do\/v1\/wp-json\/wp\/v2\/posts\/71161","targetHints":{"allow":["GET"]}}],"collection":[{"href":"https:\/\/elmundodelosnegocios.com.do\/v1\/wp-json\/wp\/v2\/posts"}],"about":[{"href":"https:\/\/elmundodelosnegocios.com.do\/v1\/wp-json\/wp\/v2\/types\/post"}],"author":[{"embeddable":true,"href":"https:\/\/elmundodelosnegocios.com.do\/v1\/wp-json\/wp\/v2\/users\/2"}],"replies":[{"embeddable":true,"href":"https:\/\/elmundodelosnegocios.com.do\/v1\/wp-json\/wp\/v2\/comments?post=71161"}],"version-history":[{"count":1,"href":"https:\/\/elmundodelosnegocios.com.do\/v1\/wp-json\/wp\/v2\/posts\/71161\/revisions"}],"predecessor-version":[{"id":71166,"href":"https:\/\/elmundodelosnegocios.com.do\/v1\/wp-json\/wp\/v2\/posts\/71161\/revisions\/71166"}],"wp:featuredmedia":[{"embeddable":true,"href":"https:\/\/elmundodelosnegocios.com.do\/v1\/wp-json\/wp\/v2\/media\/71165"}],"wp:attachment":[{"href":"https:\/\/elmundodelosnegocios.com.do\/v1\/wp-json\/wp\/v2\/media?parent=71161"}],"wp:term":[{"taxonomy":"category","embeddable":true,"href":"https:\/\/elmundodelosnegocios.com.do\/v1\/wp-json\/wp\/v2\/categories?post=71161"},{"taxonomy":"post_tag","embeddable":true,"href":"https:\/\/elmundodelosnegocios.com.do\/v1\/wp-json\/wp\/v2\/tags?post=71161"}],"curies":[{"name":"wp","href":"https:\/\/api.w.org\/{rel}","templated":true}]}}