{"id":71170,"date":"2025-05-29T11:19:28","date_gmt":"2025-05-29T15:49:28","guid":{"rendered":"https:\/\/www.elmundodelosnegocios.com.do\/v1\/?p=71170"},"modified":"2025-05-29T11:19:28","modified_gmt":"2025-05-29T15:49:28","slug":"congreso-cifa-selatca-2025-pondra-bajo-la-lupa-los-desafios-de-la-auditoria-y-las-finanzas-en-tiempos-de-cambios","status":"publish","type":"post","link":"https:\/\/elmundodelosnegocios.com.do\/v1\/congreso-cifa-selatca-2025-pondra-bajo-la-lupa-los-desafios-de-la-auditoria-y-las-finanzas-en-tiempos-de-cambios\/","title":{"rendered":"Congreso CIFA-SELATCA 2025 pondr\u00e1 bajo la lupa los desaf\u00edos de la auditor\u00eda y las finanzas en tiempos de cambios"},"content":{"rendered":"<p class=\"m_1756487848269568367MsoNoSpacing\"><i>Temas retadores para estos sectores, como mark to market y la pol\u00edtica arancelaria de Estados Unidos, forman parte de la agenda que dieron a conocer la ABA y BDO Escuela de Negocios, entidades organizadoras del evento.<\/i><u><\/u><u><\/u><\/p>\n<figure id=\"attachment_71171\" aria-describedby=\"caption-attachment-71171\" style=\"width: 800px\" class=\"wp-caption aligncenter\"><a href=\"http:\/\/elmundodelosnegocios.com.do\/v1\/wp-content\/uploads\/2025\/05\/CIFA-SELATCA-ha-acogido-unos-3000-participantes-en-mais-de-20-anTHos.jpg\"><img loading=\"lazy\" decoding=\"async\" class=\"size-full wp-image-71171\" src=\"http:\/\/elmundodelosnegocios.com.do\/v1\/wp-content\/uploads\/2025\/05\/CIFA-SELATCA-ha-acogido-unos-3000-participantes-en-mais-de-20-anTHos.jpg\" alt=\"CIFA-SELATCA ha acogido unos 3,000 participantes en m\u00e1s de 20 a\u00f1os\" width=\"800\" height=\"533\" srcset=\"https:\/\/elmundodelosnegocios.com.do\/v1\/wp-content\/uploads\/2025\/05\/CIFA-SELATCA-ha-acogido-unos-3000-participantes-en-mais-de-20-anTHos.jpg 800w, https:\/\/elmundodelosnegocios.com.do\/v1\/wp-content\/uploads\/2025\/05\/CIFA-SELATCA-ha-acogido-unos-3000-participantes-en-mais-de-20-anTHos-300x200.jpg 300w, https:\/\/elmundodelosnegocios.com.do\/v1\/wp-content\/uploads\/2025\/05\/CIFA-SELATCA-ha-acogido-unos-3000-participantes-en-mais-de-20-anTHos-768x512.jpg 768w\" sizes=\"auto, (max-width: 800px) 100vw, 800px\" \/><\/a><figcaption id=\"caption-attachment-71171\" class=\"wp-caption-text\">CIFA-SELATCA ha acogido unos 3,000 participantes en m\u00e1s de 20 a\u00f1os<\/figcaption><\/figure>\n<p class=\"m_1756487848269568367MsoNoSpacing\">Santo Domingo, Rep. Dom.-\u00a0 L\u00edderes del sector financiero, bancario y de auditor\u00eda de Am\u00e9rica Latina y el Caribe profundizar\u00e1n sobre los principales retos y transformaciones que enfrenta la industria en un entorno global desafiante, durante el XVIII Congreso Internacional de Finanzas y Auditoria (CIFA) y el XXIII Seminario Latinoamericano de Contadores y Auditores (SELATCA).<u><\/u><u><\/u>\u00a0<u><\/u><u><\/u><\/p>\n<figure id=\"attachment_71172\" aria-describedby=\"caption-attachment-71172\" style=\"width: 800px\" class=\"wp-caption aligncenter\"><a href=\"http:\/\/elmundodelosnegocios.com.do\/v1\/wp-content\/uploads\/2025\/05\/Gustavo-Ortega-y-Rosanna-Ruiz-presidentes-de-BDO-y-ABA-respectivamente.jpg\"><img loading=\"lazy\" decoding=\"async\" class=\"size-full wp-image-71172\" src=\"http:\/\/elmundodelosnegocios.com.do\/v1\/wp-content\/uploads\/2025\/05\/Gustavo-Ortega-y-Rosanna-Ruiz-presidentes-de-BDO-y-ABA-respectivamente.jpg\" alt=\"Gustavo Ortega y Rosanna Ruiz, presidentes de BDO y ABA, respectivamente\" width=\"800\" height=\"533\" srcset=\"https:\/\/elmundodelosnegocios.com.do\/v1\/wp-content\/uploads\/2025\/05\/Gustavo-Ortega-y-Rosanna-Ruiz-presidentes-de-BDO-y-ABA-respectivamente.jpg 800w, https:\/\/elmundodelosnegocios.com.do\/v1\/wp-content\/uploads\/2025\/05\/Gustavo-Ortega-y-Rosanna-Ruiz-presidentes-de-BDO-y-ABA-respectivamente-300x200.jpg 300w, https:\/\/elmundodelosnegocios.com.do\/v1\/wp-content\/uploads\/2025\/05\/Gustavo-Ortega-y-Rosanna-Ruiz-presidentes-de-BDO-y-ABA-respectivamente-768x512.jpg 768w\" sizes=\"auto, (max-width: 800px) 100vw, 800px\" \/><\/a><figcaption id=\"caption-attachment-71172\" class=\"wp-caption-text\">Gustavo Ortega y Rosanna Ruiz, presidentes de BDO y ABA, respectivamente<\/figcaption><\/figure>\n<p class=\"m_1756487848269568367MsoNoSpacing\">El evento simult\u00e1neo, que organiza la Asociaci\u00f3n de Bancos M\u00faltiples de la Rep\u00fablica Dominicana (ABA) y BDO Escuela de Negocios tiene el lema \u201cDel riesgo a la resiliencia: estrategias clave para la evoluci\u00f3n financiera y la auditor\u00eda moderna\u201d y tendr\u00e1 lugar del 10 al 13 de julio en el Live Aqua Beach Resort, ubicado en Uvero Alto, provincia La Altagracia.<u><\/u><u><\/u>\u00a0<u><\/u><u><\/u><\/p>\n<p class=\"m_1756487848269568367MsoNoSpacing\">\u201cEl CIFA-SELATCA est\u00e1 dise\u00f1ado para fomentar el di\u00e1logo interinstitucional y fortalecer capacidades t\u00e9cnicas y estrat\u00e9gicas ante un entorno financiero cada vez m\u00e1s complejo, exigente y regulado\u201d, expusieron las instituciones organizadoras en un documento de prensa.<u><\/u><u><\/u>\u00a0<u><\/u><u><\/u><\/p>\n<p class=\"m_1756487848269568367MsoNoSpacing\">Entre las principales l\u00edneas tem\u00e1ticas que se desarrollar\u00e1n a trav\u00e9s de conferencias magistrales, paneles tem\u00e1ticos y sesiones paralelas, figuran: la transformaci\u00f3n de la auditor\u00eda interna; riesgos financieros modernos y lucha contra el crimen organizado;\u00a0 innovaci\u00f3n y regulaci\u00f3n; psicolog\u00eda, \u00e9tica y habilidades blandas en la auditor\u00eda interna.<u><\/u><u><\/u>\u00a0<u><\/u><u><\/u><\/p>\n<p class=\"m_1756487848269568367MsoNoSpacing\">La agenda, que est\u00e1 disponible en la p\u00e1gina\u00a0<a href=\"https:\/\/cifaselatca.com.do\/\" target=\"_blank\" rel=\"noopener\" data-saferedirecturl=\"https:\/\/www.google.com\/url?q=https:\/\/cifaselatca.com.do\/&amp;source=gmail&amp;ust=1748619907450000&amp;usg=AOvVaw1LdW1B3CsnFEPoxhNcWTxz\">www.cifaselatca.com.do<\/a>, incluye la conferencia inaugural del ministro de Turismo, David Collado, quien disertar\u00e1 sobre el impacto del sector financiero en el desarrollo tur\u00edstico y econ\u00f3mico regional.<u><\/u><u><\/u>\u00a0<u><\/u><u><\/u><\/p>\n<p class=\"m_1756487848269568367MsoNoSpacing\">Un tema de relevancia coyuntural, como las implicaciones en Latinoam\u00e9rica de las pol\u00edticas econ\u00f3micas y arancelarias de Estados Unidos, ser\u00e1 analizado por Joel Gonz\u00e1lez, jefe del Departamento de Pol\u00edtica Monetaria, Banco Central de la Rep\u00fablica Dominicana.\u00a0 Asimismo, Yamileh Garc\u00eda de Kuhnert, especialista de XOLVER, expondr\u00e1 sobre los retos del mark to market para los intermediarios financieros, de valores y de pensiones en el contexto actual.<u><\/u><u><\/u>\u00a0<u><\/u><u><\/u><\/p>\n<p class=\"m_1756487848269568367MsoNoSpacing\">ABA y BDO Escuela de Negocios informaron que el temario tambi\u00e9n incluye el impacto del soborno transnacional en los sistemas financieros de la regi\u00f3n, con la exposici\u00f3n de Gustavo Flores Oviedo, auditor General del Banco Hipotecario de la Vivienda de Costa Rica.<u><\/u><u><\/u>\u00a0<u><\/u><u><\/u><\/p>\n<p class=\"m_1756487848269568367MsoNoSpacing\">Otra de las ponencias centradas en los adelantos en la lucha contra el crimen organizado y la buena gobernanza, estar\u00e1 a cargo de Luis Fernando Garc\u00eda, presidente Comit\u00e9 de Lavado de Activos de la International Association for Identification, con el t\u00edtulo Transversalidad forense: Innovaci\u00f3n en delitos econ\u00f3micos, tributarios y financieros\u201d.<u><\/u><u><\/u>\u00a0<u><\/u><u><\/u><\/p>\n<p class=\"m_1756487848269568367MsoNoSpacing\">El congreso CIFA-SELATCA cerrar\u00e1 con la conferencia magistral de Nahun Frett, vicepresidente de Auditor\u00eda Interna del Central Romana Ltd, que versar\u00e1 sobre la auditor\u00eda interna c\u00f3mo catalizador de valor.<u><\/u><u><\/u>\u00a0<u><\/u><u><\/u><\/p>\n<p class=\"m_1756487848269568367MsoNoSpacing\">El evento ha impactado positivamente en la formaci\u00f3n de unos 3,000 profesionales de las finanzas y la auditor\u00eda durante m\u00e1s de 20 a\u00f1os que lleva realiz\u00e1ndose de manera continua, indicaron ABA y BDO Escuela de Negocios en una nota de prensa conjunta.<\/p>\n","protected":false},"excerpt":{"rendered":"<p>Temas retadores para estos sectores, como mark to market y la pol\u00edtica arancelaria de Estados Unidos, forman parte de la agenda que dieron a conocer la ABA y BDO Escuela&hellip; <\/p>\n","protected":false},"author":2,"featured_media":71171,"comment_status":"closed","ping_status":"closed","sticky":false,"template":"","format":"standard","meta":{"fifu_image_url":"","fifu_image_alt":"","footnotes":""},"categories":[94],"tags":[],"class_list":["post-71170","post","type-post","status-publish","format-standard","has-post-thumbnail","hentry","category-finanzas"],"_links":{"self":[{"href":"https:\/\/elmundodelosnegocios.com.do\/v1\/wp-json\/wp\/v2\/posts\/71170","targetHints":{"allow":["GET"]}}],"collection":[{"href":"https:\/\/elmundodelosnegocios.com.do\/v1\/wp-json\/wp\/v2\/posts"}],"about":[{"href":"https:\/\/elmundodelosnegocios.com.do\/v1\/wp-json\/wp\/v2\/types\/post"}],"author":[{"embeddable":true,"href":"https:\/\/elmundodelosnegocios.com.do\/v1\/wp-json\/wp\/v2\/users\/2"}],"replies":[{"embeddable":true,"href":"https:\/\/elmundodelosnegocios.com.do\/v1\/wp-json\/wp\/v2\/comments?post=71170"}],"version-history":[{"count":1,"href":"https:\/\/elmundodelosnegocios.com.do\/v1\/wp-json\/wp\/v2\/posts\/71170\/revisions"}],"predecessor-version":[{"id":71173,"href":"https:\/\/elmundodelosnegocios.com.do\/v1\/wp-json\/wp\/v2\/posts\/71170\/revisions\/71173"}],"wp:featuredmedia":[{"embeddable":true,"href":"https:\/\/elmundodelosnegocios.com.do\/v1\/wp-json\/wp\/v2\/media\/71171"}],"wp:attachment":[{"href":"https:\/\/elmundodelosnegocios.com.do\/v1\/wp-json\/wp\/v2\/media?parent=71170"}],"wp:term":[{"taxonomy":"category","embeddable":true,"href":"https:\/\/elmundodelosnegocios.com.do\/v1\/wp-json\/wp\/v2\/categories?post=71170"},{"taxonomy":"post_tag","embeddable":true,"href":"https:\/\/elmundodelosnegocios.com.do\/v1\/wp-json\/wp\/v2\/tags?post=71170"}],"curies":[{"name":"wp","href":"https:\/\/api.w.org\/{rel}","templated":true}]}}