{"id":71207,"date":"2025-06-02T08:48:56","date_gmt":"2025-06-02T13:18:56","guid":{"rendered":"https:\/\/www.elmundodelosnegocios.com.do\/v1\/?p=71207"},"modified":"2025-06-02T08:48:56","modified_gmt":"2025-06-02T13:18:56","slug":"dominicana-y-bid-seran-anfitriones-cumbre-empresarial-las-americas","status":"publish","type":"post","link":"https:\/\/elmundodelosnegocios.com.do\/v1\/dominicana-y-bid-seran-anfitriones-cumbre-empresarial-las-americas\/","title":{"rendered":"Dominicana y BID ser\u00e1n anfitriones Cumbre Empresarial las Am\u00e9ricas"},"content":{"rendered":"<p>SANTO DOMINGO, R.D.\u2013 El Gobierno de la Rep\u00fablica Dominicana y el Banco Interamericano de Desarrollo (BID) ser\u00e1n coanfitriones de la 5\u00aa Cumbre Empresarial de las Am\u00e9ricas los d\u00edas 3 y 4 de diciembre en Punta Cana.<\/p>\n<p><a href=\"http:\/\/elmundodelosnegocios.com.do\/v1\/wp-content\/uploads\/2025\/06\/ABD-mayo-2025-5.jpg\"><img loading=\"lazy\" decoding=\"async\" class=\"aligncenter size-full wp-image-71208\" src=\"http:\/\/elmundodelosnegocios.com.do\/v1\/wp-content\/uploads\/2025\/06\/ABD-mayo-2025-5.jpg\" alt=\"\" width=\"800\" height=\"599\" srcset=\"https:\/\/elmundodelosnegocios.com.do\/v1\/wp-content\/uploads\/2025\/06\/ABD-mayo-2025-5.jpg 800w, https:\/\/elmundodelosnegocios.com.do\/v1\/wp-content\/uploads\/2025\/06\/ABD-mayo-2025-5-300x225.jpg 300w, https:\/\/elmundodelosnegocios.com.do\/v1\/wp-content\/uploads\/2025\/06\/ABD-mayo-2025-5-768x575.jpg 768w\" sizes=\"auto, (max-width: 800px) 100vw, 800px\" \/><\/a><\/p>\n<p>El evento, que se celebrar\u00e1 en la v\u00edspera de la 10\u00aa Cumbre de las Am\u00e9ricas, reunir\u00e1 a destacados l\u00edderes empresariales y Jefes de Estado de toda la regi\u00f3n, con el objetivo de impulsar el desarrollo liderado por el sector privado. Las discusiones se centrar\u00e1n en temas clave como la gesti\u00f3n responsable de minerales cr\u00edticos, las condiciones que alientan la inversi\u00f3n \u2014incluida la seguridad\u2014 y el futuro de los sistemas financieros en Am\u00e9rica Latina y el Caribe.<\/p>\n<p>\u201cNos complace anunciar que, cumpliendo nuestro compromiso de ofrecer un espacio de di\u00e1logo entre los gobiernos y el sector privado, trabajaremos junto al Banco Interamericano de Desarrollo para ser anfitriones de la 5\u00aa Cumbre Empresarial de las Am\u00e9ricas\u201d, expres\u00f3 Roberto \u00c1lvarez, ministro de Relaciones Exteriores de la Rep\u00fablica Dominicana.<\/p>\n<p>\u201cLa colaboraci\u00f3n s\u00f3lida entre las empresas y los gobiernos es esencial para fomentar el desarrollo liderado por el sector privado. La Cumbre Empresarial de las Am\u00e9ricas es una plataforma \u00fanica para convertir el di\u00e1logo en oportunidades concretas en \u00e1reas clave de potencial para la regi\u00f3n. Es un honor coorganizar este evento con el Gobierno de la Rep\u00fablica Dominicana\u201d, afirm\u00f3 Ilan Goldfajn, presidente del BID.<\/p>\n<p>Previo al evento, m\u00e1s de 70 empresas y asociaciones empresariales se reunieron en Santo Domingo como parte del Di\u00e1logo Empresarial de las Am\u00e9ricas (ABD, seg\u00fan sus siglas en ingl\u00e9s), una iniciativa liderada por el sector privado y facilitada por el BID para promover el intercambio de alto nivel entre gobiernos y empresas de la regi\u00f3n. La reuni\u00f3n se centr\u00f3 en finalizar recomendaciones para la Cumbre Empresarial y la Cumbre de las Am\u00e9ricas en general. Esta ser\u00e1 la cuarta Cumbre Empresarial organizada por el BID.<\/p>\n<p><strong>Sobre el BID<\/strong><\/p>\n<p>El Banco Interamericano de Desarrollo (BID) tiene como objetivo mejorar vidas en Am\u00e9rica Latina y el Caribe. Fundado en 1959, el BID trabaja con el sector p\u00fablico de la regi\u00f3n para dise\u00f1ar y facilitar soluciones innovadoras de impacto para el desarrollo sostenible e inclusivo. Apalancando el financiamiento, la experiencia t\u00e9cnica y el conocimiento, promueve el crecimiento y el bienestar en 26 pa\u00edses. Visita nuestro sitio web https:\/\/www.iadb.org\/es.<\/p>\n","protected":false},"excerpt":{"rendered":"<p>SANTO DOMINGO, R.D.\u2013 El Gobierno de la Rep\u00fablica Dominicana y el Banco Interamericano de Desarrollo (BID) ser\u00e1n coanfitriones de la 5\u00aa Cumbre Empresarial de las Am\u00e9ricas los d\u00edas 3 y&hellip; <\/p>\n","protected":false},"author":2,"featured_media":71208,"comment_status":"closed","ping_status":"closed","sticky":false,"template":"","format":"standard","meta":{"fifu_image_url":"","fifu_image_alt":"","footnotes":""},"categories":[74],"tags":[],"class_list":["post-71207","post","type-post","status-publish","format-standard","has-post-thumbnail","hentry","category-comercio-internacional"],"_links":{"self":[{"href":"https:\/\/elmundodelosnegocios.com.do\/v1\/wp-json\/wp\/v2\/posts\/71207","targetHints":{"allow":["GET"]}}],"collection":[{"href":"https:\/\/elmundodelosnegocios.com.do\/v1\/wp-json\/wp\/v2\/posts"}],"about":[{"href":"https:\/\/elmundodelosnegocios.com.do\/v1\/wp-json\/wp\/v2\/types\/post"}],"author":[{"embeddable":true,"href":"https:\/\/elmundodelosnegocios.com.do\/v1\/wp-json\/wp\/v2\/users\/2"}],"replies":[{"embeddable":true,"href":"https:\/\/elmundodelosnegocios.com.do\/v1\/wp-json\/wp\/v2\/comments?post=71207"}],"version-history":[{"count":1,"href":"https:\/\/elmundodelosnegocios.com.do\/v1\/wp-json\/wp\/v2\/posts\/71207\/revisions"}],"predecessor-version":[{"id":71209,"href":"https:\/\/elmundodelosnegocios.com.do\/v1\/wp-json\/wp\/v2\/posts\/71207\/revisions\/71209"}],"wp:featuredmedia":[{"embeddable":true,"href":"https:\/\/elmundodelosnegocios.com.do\/v1\/wp-json\/wp\/v2\/media\/71208"}],"wp:attachment":[{"href":"https:\/\/elmundodelosnegocios.com.do\/v1\/wp-json\/wp\/v2\/media?parent=71207"}],"wp:term":[{"taxonomy":"category","embeddable":true,"href":"https:\/\/elmundodelosnegocios.com.do\/v1\/wp-json\/wp\/v2\/categories?post=71207"},{"taxonomy":"post_tag","embeddable":true,"href":"https:\/\/elmundodelosnegocios.com.do\/v1\/wp-json\/wp\/v2\/tags?post=71207"}],"curies":[{"name":"wp","href":"https:\/\/api.w.org\/{rel}","templated":true}]}}