{"id":71213,"date":"2025-06-02T08:56:51","date_gmt":"2025-06-02T13:26:51","guid":{"rendered":"https:\/\/www.elmundodelosnegocios.com.do\/v1\/?p=71213"},"modified":"2025-06-02T08:56:51","modified_gmt":"2025-06-02T13:26:51","slug":"nombro-globalsuite-solutions-nuevo-consejero-ejecutivo-para-continuar-expansion-latinoamerica-y-europa","status":"publish","type":"post","link":"https:\/\/elmundodelosnegocios.com.do\/v1\/nombro-globalsuite-solutions-nuevo-consejero-ejecutivo-para-continuar-expansion-latinoamerica-y-europa\/","title":{"rendered":"Nombro GlobalSuite Solutions nuevo Consejero Ejecutivo para continuar expansi\u00f3n Latinoam\u00e9rica y Europa"},"content":{"rendered":"<ul>\n<li aria-level=\"1\"><b>Cuenta con 20 a\u00f1os de experiencia en capital privado, operaciones empresariales y emprendimiento, lo que aportar\u00e1 una visi\u00f3n multidisciplinar a la compa\u00f1\u00eda, que est\u00e1 creciendo en Latinoam\u00e9rica y en los principales mercados europeos.<\/b><\/li>\n<\/ul>\n<ul>\n<li aria-level=\"1\"><b>Es licenciado en Derecho y Administraci\u00f3n de Empresas por ICADE, cuenta con un MBA por la Universidad de Chicago, ex CEO de Encarna Group (Capza), ha sido uno de los cofundadores de Moonz (Grupo Donte) y consejero de varias empresas tecnol\u00f3gicas. Actualmente es miembro del Consejo Asesor de Capital Strategies Partners y Zadal Abogados.\u00a0<\/b><\/li>\n<\/ul>\n<ul>\n<li aria-level=\"1\"><b>Con su nombramiento, GlobalSuite Solutions incorpora nuevo talento enfocado en el crecimiento org\u00e1nico e inorg\u00e1nico en un contexto del mercado GRC, que est\u00e1 en plena expansi\u00f3n y con previsiones de alcanzar los 160 000 millones de d\u00f3lares en 2032.<\/b><\/li>\n<\/ul>\n<p><b>Madrid, mayo de 2025 <\/b><span>&#8211; <\/span><a href=\"https:\/\/www.globalsuitesolutions.com\/es\/\"><span>GlobalSuite Solutions<\/span><\/a><span>, compa\u00f1\u00eda multinacional tecnol\u00f3gica experta en soluciones de Gobierno, Riesgo y Cumplimiento (GRC), ha nombrado a Jaime Gir\u00f3n de Velasco como nuevo Consejero Ejecutivo.<\/span><b><\/b><\/p>\n<p><a href=\"http:\/\/elmundodelosnegocios.com.do\/v1\/wp-content\/uploads\/2025\/06\/Jaime-Giron-de-Velasco-nuevo-Consejero-Delegado-de-GlobalSuite-Solutions.jpg\"><img loading=\"lazy\" decoding=\"async\" class=\"aligncenter size-full wp-image-71214\" src=\"http:\/\/elmundodelosnegocios.com.do\/v1\/wp-content\/uploads\/2025\/06\/Jaime-Giron-de-Velasco-nuevo-Consejero-Delegado-de-GlobalSuite-Solutions.jpg\" alt=\"\" width=\"2040\" height=\"1148\" srcset=\"https:\/\/elmundodelosnegocios.com.do\/v1\/wp-content\/uploads\/2025\/06\/Jaime-Giron-de-Velasco-nuevo-Consejero-Delegado-de-GlobalSuite-Solutions.jpg 2040w, https:\/\/elmundodelosnegocios.com.do\/v1\/wp-content\/uploads\/2025\/06\/Jaime-Giron-de-Velasco-nuevo-Consejero-Delegado-de-GlobalSuite-Solutions-300x169.jpg 300w, https:\/\/elmundodelosnegocios.com.do\/v1\/wp-content\/uploads\/2025\/06\/Jaime-Giron-de-Velasco-nuevo-Consejero-Delegado-de-GlobalSuite-Solutions-1024x576.jpg 1024w, https:\/\/elmundodelosnegocios.com.do\/v1\/wp-content\/uploads\/2025\/06\/Jaime-Giron-de-Velasco-nuevo-Consejero-Delegado-de-GlobalSuite-Solutions-768x432.jpg 768w, https:\/\/elmundodelosnegocios.com.do\/v1\/wp-content\/uploads\/2025\/06\/Jaime-Giron-de-Velasco-nuevo-Consejero-Delegado-de-GlobalSuite-Solutions-1536x864.jpg 1536w\" sizes=\"auto, (max-width: 2040px) 100vw, 2040px\" \/><\/a><\/p>\n<p><span style=\"font-weight: 400;\">Con m\u00e1s de 20 a\u00f1os de experiencia en Private Equity, operaciones y emprendimiento, Jaime Gir\u00f3n de Velasco ha sido CEO y CFO de varias empresas de distintos sectores y es uno de los cofundadores de la red de cl\u00ednicas dentales Moonz, con presencia en Espa\u00f1a y Reino Unido (participada por el Grupo Donte, la principal inversi\u00f3n en Espa\u00f1a de Advent International). Adem\u00e1s, ha trabajado en Inova Capital, Oliver Wyman y Bankia, donde particip\u00f3 en la gesti\u00f3n de la cartera industrial (Iberia, Indra y Endesa). Actualmente mantiene el cargo de Advisor en Capital Strategies Partners y Zadal Abogados en paralelo.<\/span><\/p>\n<p><span style=\"font-weight: 400;\">Es licenciado en Derecho y Administraci\u00f3n de Empresas por la Universidad Pontificia Comillas y cuenta con un MBA por la University of Chicago Booth School of Business, donde se gradu\u00f3 con honores. Su formaci\u00f3n y experiencia se traducen en una s\u00f3lida capacidad para el control corporativo, la planificaci\u00f3n financiera empresarial y la definici\u00f3n y ejecuci\u00f3n de estrategias de negocio y crecimiento.<\/span><\/p>\n<p><span style=\"font-weight: 400;\">Su trayectoria permitir\u00e1 a GlobalSuite Solutions contar en sus filas con un prestigioso asesor ejecutivo centrado en la definici\u00f3n y perfeccionamiento de estrategias de negocio para impulsar el crecimiento de la compa\u00f1\u00eda y sus socios, tanto a nivel org\u00e1nico como inorg\u00e1nico.\u00a0<\/span><\/p>\n<p><span style=\"font-weight: 400;\">Asimismo, la experiencia del ejecutivo en el \u00e1mbito del M&amp;A da una nueva visi\u00f3n a esta \u00e1rea de la compa\u00f1\u00eda, en un momento de consolidaci\u00f3n del sector. Adem\u00e1s, su vinculaci\u00f3n con el mundo del emprendimiento y startup permitir\u00e1 a la compa\u00f1\u00eda aplicar nuevos paradigmas para generar valor a trav\u00e9s de nuevos enfoques centrados en el crecimiento y la innovaci\u00f3n.<\/span><\/p>\n<p><i><span style=\"font-weight: 400;\">\u201cAgradezco a Antonio y al Consejo de GlobalSuite la confianza depositada en m\u00ed. Asumo con gran ilusi\u00f3n y sentido de la responsabilidad el reto de incorporarme al proyecto desde una posici\u00f3n ejecutiva, con el objetivo de consolidar su posici\u00f3n de liderazgo y continuar impulsando su crecimiento, tanto org\u00e1nico como inorg\u00e1nico.\u00a0<\/span><\/i><\/p>\n<p><i><span style=\"font-weight: 400;\">No tengo ninguna duda del \u00e9xito de GlobalSuite como plataforma de referencia de gesti\u00f3n GRC, ni de la solidez de su propuesta de valor para aquellas empresas que buscan una soluci\u00f3n \u00e1gil y fiable para la gesti\u00f3n del GRC a nivel de Departamento, Comit\u00e9 de Direcci\u00f3n y Consejo.\u00a0<\/span><\/i><\/p>\n<p><i><span style=\"font-weight: 400;\">En un entorno marcado por la creciente incertidumbre geopol\u00edtica y econ\u00f3mica, contar con herramientas que permitan implementar y mantener actualizados planes de continuidad de negocio, cumplimiento normativo y gesti\u00f3n de riesgos se ha vuelto m\u00e1s necesario que nunca. GlobalSuite ayuda a las organizaciones a digitalizar y automatizar su gesti\u00f3n GRC, ofreciendo un retorno de la inversi\u00f3n claramente demostrado.<\/span><\/i><span style=\"font-weight: 400;\"> \u201c, destaca <\/span><b>Jaime Gir\u00f3n de Velasco.<\/b><\/p>\n<p><span style=\"font-weight: 400;\">Desde su nueva posici\u00f3n, Gir\u00f3n de Velasco contribuir\u00e1 a la toma de decisiones en la compa\u00f1\u00eda y enriquecer\u00e1 el Consejo Ejecutivo de GlobalSuite Solutions en un momento clave para el sector GRC, del que se espera un crecimiento del 15% anual hasta 2032, cuando alcanzar\u00e1 una cifra de negocio superior a los 160 000 millones de d\u00f3lares, seg\u00fan las previsiones de Business Research Insights.\u00a0<\/span><\/p>\n<p><span style=\"font-weight: 400;\">Tendr\u00e1 tambi\u00e9n responsabilidad sobre la totalidad de mercados en los que opera la compa\u00f1\u00eda, tanto espa\u00f1ol y europeo, como el Latinoamericano, el cual se ha convertido en uno de los pilares del crecimiento de la empresa, que ya cuenta con clientes y operaciones en M\u00e9xico, Chile, Per\u00fa, Colombia, Ecuador y Rep\u00fablica Dominicana, entre otros.\u00a0<\/span><\/p>\n<p><span style=\"font-weight: 400;\">\u201c<\/span><i><span style=\"font-weight: 400;\">Agradezco a Jaime, despu\u00e9s de 5 a\u00f1os como Consejero de la compa\u00f1\u00eda, este paso adelante que, sin duda, va a contribuir a que GlobalSuite Solutions afiance su posici\u00f3n de l\u00edder tecnol\u00f3gico en GRC.\u00a0 En un momento clave para nuestra expansi\u00f3n internacional, pretendemos una gran disrupci\u00f3n en nuestro mercado, y Jaime ser\u00e1 un elemento clave para conseguirlo como ha sucedido en muchas ocasiones en otras compa\u00f1\u00edas que han sido exitosas por incorporar perfiles como \u00e9l\u201d,<\/span><\/i><span style=\"font-weight: 400;\"> explica <\/span><b>Antonio Quevedo, CEO de GlobalSuite Solutions.<\/b><\/p>\n<p><span style=\"font-weight: 400;\">Con este nombramiento adem\u00e1s de los que ya han sido anunciados, GlobalSuite Solutions eleva su apuesta por la excelencia, incorporando a los mejores profesionales para seguir escalando en un sector en el que hay que responder a los retos de un mercado en crecimiento que busca servicios adaptados a las necesidades del ecosistema empresarial en un entorno marcado por la incertidumbre y la necesidad de tomar decisiones que respondan a retos en constante evoluci\u00f3n.<\/span><\/p>\n<p><b>Sobre GlobalSuite Solutions<\/b><\/p>\n<p><span style=\"font-weight: 400;\">GlobalSuite Solutions es una innovadora plataforma GRC que automatiza la gesti\u00f3n de riesgos, garantiza el cumplimiento de las normativas y optimiza los procesos. Adem\u00e1s, ofrece servicios especializados de asesoramiento y consultor\u00eda personalizados en cada sector, brindando valor a\u00f1adido a las organizaciones que pueden obtener una ventaja competitiva al convertir la gesti\u00f3n de riesgos en una oportunidad de crecimiento y fortalecimiento a largo plazo. Actualmente, m\u00e1s de 2.000 empresas utilizan sus soluciones en una amplia variedad de sectores, incluyendo finanzas, industria, energ\u00eda, transporte, telecomunicaciones, retail, alimentaci\u00f3n, salud, farmac\u00e9utico y gobierno. Para m\u00e1s informaci\u00f3n, visite <\/span><a href=\"https:\/\/www.globalsuitesolutions.com\/es\/\"><span style=\"font-weight: 400;\">globalsuitesolutions.com\/es\/<\/span><\/a><\/p>\n","protected":false},"excerpt":{"rendered":"<p>Cuenta con 20 a\u00f1os de experiencia en capital privado, operaciones empresariales y emprendimiento, lo que aportar\u00e1 una visi\u00f3n multidisciplinar a la compa\u00f1\u00eda, que est\u00e1 creciendo en Latinoam\u00e9rica y en los&hellip; <\/p>\n","protected":false},"author":2,"featured_media":71214,"comment_status":"closed","ping_status":"closed","sticky":false,"template":"","format":"standard","meta":{"fifu_image_url":"","fifu_image_alt":"","footnotes":""},"categories":[166],"tags":[],"class_list":["post-71213","post","type-post","status-publish","format-standard","has-post-thumbnail","hentry","category-tecnologia"],"_links":{"self":[{"href":"https:\/\/elmundodelosnegocios.com.do\/v1\/wp-json\/wp\/v2\/posts\/71213","targetHints":{"allow":["GET"]}}],"collection":[{"href":"https:\/\/elmundodelosnegocios.com.do\/v1\/wp-json\/wp\/v2\/posts"}],"about":[{"href":"https:\/\/elmundodelosnegocios.com.do\/v1\/wp-json\/wp\/v2\/types\/post"}],"author":[{"embeddable":true,"href":"https:\/\/elmundodelosnegocios.com.do\/v1\/wp-json\/wp\/v2\/users\/2"}],"replies":[{"embeddable":true,"href":"https:\/\/elmundodelosnegocios.com.do\/v1\/wp-json\/wp\/v2\/comments?post=71213"}],"version-history":[{"count":1,"href":"https:\/\/elmundodelosnegocios.com.do\/v1\/wp-json\/wp\/v2\/posts\/71213\/revisions"}],"predecessor-version":[{"id":71215,"href":"https:\/\/elmundodelosnegocios.com.do\/v1\/wp-json\/wp\/v2\/posts\/71213\/revisions\/71215"}],"wp:featuredmedia":[{"embeddable":true,"href":"https:\/\/elmundodelosnegocios.com.do\/v1\/wp-json\/wp\/v2\/media\/71214"}],"wp:attachment":[{"href":"https:\/\/elmundodelosnegocios.com.do\/v1\/wp-json\/wp\/v2\/media?parent=71213"}],"wp:term":[{"taxonomy":"category","embeddable":true,"href":"https:\/\/elmundodelosnegocios.com.do\/v1\/wp-json\/wp\/v2\/categories?post=71213"},{"taxonomy":"post_tag","embeddable":true,"href":"https:\/\/elmundodelosnegocios.com.do\/v1\/wp-json\/wp\/v2\/tags?post=71213"}],"curies":[{"name":"wp","href":"https:\/\/api.w.org\/{rel}","templated":true}]}}