{"id":71290,"date":"2025-06-04T15:54:02","date_gmt":"2025-06-04T20:24:02","guid":{"rendered":"https:\/\/www.elmundodelosnegocios.com.do\/v1\/?p=71290"},"modified":"2025-06-04T15:54:02","modified_gmt":"2025-06-04T20:24:02","slug":"celebro-general-de-seguros-exitoso-genera-con-mediadores-region-norte-y-adocose-filial-norte","status":"publish","type":"post","link":"https:\/\/elmundodelosnegocios.com.do\/v1\/celebro-general-de-seguros-exitoso-genera-con-mediadores-region-norte-y-adocose-filial-norte\/","title":{"rendered":"Celebro General de Seguros exitoso \u201cGenera\u201d con mediadores Regi\u00f3n Norte y ADOCOSE Filial Norte"},"content":{"rendered":"<p style=\"font-weight: 400;\">Santiago, Rep\u00fablica Dominicana \u20132025. Con el objetivo de fortalecer v\u00ednculos y generar nuevas oportunidades, General de Seguros realiz\u00f3 el primer encuentro \u201cGenera\u201d, una experiencia pensada como punto de conexi\u00f3n entre la compa\u00f1\u00eda, la red de ventas y actores claves del sector asegurador. La cita tuvo lugar en el emblem\u00e1tico Centro Le\u00f3n, y reuni\u00f3 a m\u00e1s de un centenar de participantes, entre ellos corredores de seguros de la Regi\u00f3n Norte del pa\u00eds y la reci\u00e9n nombrada directiva de ADOCOSE (Asociaci\u00f3n Dominicana de Corredores de Seguros) Filial Norte.<\/p>\n<figure id=\"attachment_71291\" aria-describedby=\"caption-attachment-71291\" style=\"width: 800px\" class=\"wp-caption aligncenter\"><a href=\"http:\/\/elmundodelosnegocios.com.do\/v1\/wp-content\/uploads\/2025\/06\/0001.jpg\"><img loading=\"lazy\" decoding=\"async\" class=\"size-full wp-image-71291\" src=\"http:\/\/elmundodelosnegocios.com.do\/v1\/wp-content\/uploads\/2025\/06\/0001.jpg\" alt=\"Foto Principal. Helga Von Crazut, Ricardo Sharp, Milagros De Los Santos, Alina  Hernandez , Grimilda De la Cruz, Sagrario Adam\u00e9s\" width=\"800\" height=\"533\" srcset=\"https:\/\/elmundodelosnegocios.com.do\/v1\/wp-content\/uploads\/2025\/06\/0001.jpg 800w, https:\/\/elmundodelosnegocios.com.do\/v1\/wp-content\/uploads\/2025\/06\/0001-300x200.jpg 300w, https:\/\/elmundodelosnegocios.com.do\/v1\/wp-content\/uploads\/2025\/06\/0001-768x512.jpg 768w\" sizes=\"auto, (max-width: 800px) 100vw, 800px\" \/><\/a><figcaption id=\"caption-attachment-71291\" class=\"wp-caption-text\">Helga Von Crazut, Ricardo Sharp, Milagros De Los Santos, Alina Hernandez , Grimilda De la Cruz, Sagrario Adam\u00e9s<\/figcaption><\/figure>\n<p style=\"font-weight: 400;\">El evento estuvo encabezado por la presidente de General de Seguros, Dra. Milagros de los Santos, acompa\u00f1ada de los principales directores vinculados a la operaci\u00f3n comercial de la compa\u00f1\u00eda. El ambiente, marcado por la cordialidad y el entusiasmo, fue propicio para estrechar lazos y compartir visiones sobre el futuro del sector.<\/p>\n<p style=\"font-weight: 400;\">La jornada inici\u00f3 con las palabras de la nueva vicepresidente de negocios, Helga Von Crazut, quien se puso a disposici\u00f3n de los corredores y comparti\u00f3 brevemente sus planes inmediatos para continuar impulsando el crecimiento de la empresa.<\/p>\n<p style=\"font-weight: 400;\">Seguidamente, el gerente corporativo Ricardo Sharp present\u00f3 la robustez del ecosistema de productos financieros que ofrece General de Seguros, destacando las ventajas de formar parte de una instituci\u00f3n s\u00f3lida y diversa en soluciones.<\/p>\n<p style=\"font-weight: 400;\">Uno de los momentos m\u00e1s esperados fue la conferencia del reconocido conferencista internacional Carlos Le\u00f3n, quien con su ponencia \u201cEl efecto WOW\u201d, cautiv\u00f3 a los asistentes con una visi\u00f3n profunda, humana y motivadora del ejercicio de ventas.<\/p>\n<p style=\"font-weight: 400;\">El encuentro cerr\u00f3 con las palabras de la Dra. de los Santos, quien felicit\u00f3 a la reci\u00e9n electa presidente de ADOCOSE Filial Norte, reconociendo el hito de que por primera vez una mujer ocupe esa importante posici\u00f3n. Asimismo, reafirm\u00f3 el compromiso de General de Seguros con sus aliados, garantizando un futuro de crecimiento, respaldo y oportunidades, gracias al talento de su equipo humano y a la solidez de su portafolio.<\/p>\n<p style=\"font-weight: 400;\">La actividad concluy\u00f3 con un ameno brunch que permiti\u00f3 a los asistentes reencontrarse, intercambiar ideas y disfrutar de un espacio distendido que muchos calificaron como \u201cnecesario\u201d y \u201cesperado\u201d.<\/p>\n<p style=\"font-weight: 400;\">Genera se perfila como un formato a replicarse en otras regiones del pa\u00eds y futuras ediciones, consolid\u00e1ndose como un escenario para compartir, proyectar y, como su nombre lo indica, generar m\u00e1s y mejores oportunidades.<\/p>\n","protected":false},"excerpt":{"rendered":"<p>Santiago, Rep\u00fablica Dominicana \u20132025. Con el objetivo de fortalecer v\u00ednculos y generar nuevas oportunidades, General de Seguros realiz\u00f3 el primer encuentro \u201cGenera\u201d, una experiencia pensada como punto de conexi\u00f3n entre&hellip; <\/p>\n","protected":false},"author":2,"featured_media":71291,"comment_status":"closed","ping_status":"closed","sticky":false,"template":"","format":"standard","meta":{"fifu_image_url":"","fifu_image_alt":"","footnotes":""},"categories":[89],"tags":[],"class_list":["post-71290","post","type-post","status-publish","format-standard","has-post-thumbnail","hentry","category-seguros"],"_links":{"self":[{"href":"https:\/\/elmundodelosnegocios.com.do\/v1\/wp-json\/wp\/v2\/posts\/71290","targetHints":{"allow":["GET"]}}],"collection":[{"href":"https:\/\/elmundodelosnegocios.com.do\/v1\/wp-json\/wp\/v2\/posts"}],"about":[{"href":"https:\/\/elmundodelosnegocios.com.do\/v1\/wp-json\/wp\/v2\/types\/post"}],"author":[{"embeddable":true,"href":"https:\/\/elmundodelosnegocios.com.do\/v1\/wp-json\/wp\/v2\/users\/2"}],"replies":[{"embeddable":true,"href":"https:\/\/elmundodelosnegocios.com.do\/v1\/wp-json\/wp\/v2\/comments?post=71290"}],"version-history":[{"count":1,"href":"https:\/\/elmundodelosnegocios.com.do\/v1\/wp-json\/wp\/v2\/posts\/71290\/revisions"}],"predecessor-version":[{"id":71292,"href":"https:\/\/elmundodelosnegocios.com.do\/v1\/wp-json\/wp\/v2\/posts\/71290\/revisions\/71292"}],"wp:featuredmedia":[{"embeddable":true,"href":"https:\/\/elmundodelosnegocios.com.do\/v1\/wp-json\/wp\/v2\/media\/71291"}],"wp:attachment":[{"href":"https:\/\/elmundodelosnegocios.com.do\/v1\/wp-json\/wp\/v2\/media?parent=71290"}],"wp:term":[{"taxonomy":"category","embeddable":true,"href":"https:\/\/elmundodelosnegocios.com.do\/v1\/wp-json\/wp\/v2\/categories?post=71290"},{"taxonomy":"post_tag","embeddable":true,"href":"https:\/\/elmundodelosnegocios.com.do\/v1\/wp-json\/wp\/v2\/tags?post=71290"}],"curies":[{"name":"wp","href":"https:\/\/api.w.org\/{rel}","templated":true}]}}