{"id":71293,"date":"2025-06-05T07:56:45","date_gmt":"2025-06-05T12:26:45","guid":{"rendered":"https:\/\/www.elmundodelosnegocios.com.do\/v1\/?p=71293"},"modified":"2025-06-05T07:56:45","modified_gmt":"2025-06-05T12:26:45","slug":"realizara-banreservas-feria-inmobiliaria-en-santo-domingo-este-con-tasa-8","status":"publish","type":"post","link":"https:\/\/elmundodelosnegocios.com.do\/v1\/realizara-banreservas-feria-inmobiliaria-en-santo-domingo-este-con-tasa-8\/","title":{"rendered":"Realizar\u00e1 Banreservas feria inmobiliaria en Santo Domingo Este con tasa 8%"},"content":{"rendered":"<p><span style=\"font-weight: 400;\">El Banco de Reservas realizar\u00e1 del 6 al 8 de junio una feria inmobiliaria en Santo Domingo Este con tasa de 8% de inter\u00e9s, fija por siete a\u00f1os, para ofertar a los interesados 1,200 unidades de apartamentos en el proyecto Villas del Este, ubicado frente a Ciudad Juan Bosch.<\/span><\/p>\n<p><a href=\"http:\/\/elmundodelosnegocios.com.do\/v1\/wp-content\/uploads\/2023\/05\/Torre-Banreservas-1.jpg\"><img loading=\"lazy\" decoding=\"async\" class=\"aligncenter size-full wp-image-27927\" src=\"http:\/\/elmundodelosnegocios.com.do\/v1\/wp-content\/uploads\/2023\/05\/Torre-Banreservas-1.jpg\" alt=\"\" width=\"1000\" height=\"750\" srcset=\"https:\/\/elmundodelosnegocios.com.do\/v1\/wp-content\/uploads\/2023\/05\/Torre-Banreservas-1.jpg 1000w, https:\/\/elmundodelosnegocios.com.do\/v1\/wp-content\/uploads\/2023\/05\/Torre-Banreservas-1-300x225.jpg 300w, https:\/\/elmundodelosnegocios.com.do\/v1\/wp-content\/uploads\/2023\/05\/Torre-Banreservas-1-768x576.jpg 768w\" sizes=\"auto, (max-width: 1000px) 100vw, 1000px\" \/><\/a><\/p>\n<p><span style=\"font-weight: 400;\">Samuel Pereyra, presidente ejecutivo de Banreservas, expres\u00f3 que con actividades como esta la entidad financiera contribuye a crear las condiciones para que los dominicanos adquieran su techo propio con atractivas condiciones de financiamiento.<\/span><\/p>\n<p><span style=\"font-weight: 400;\">\u201cNos complace poner a disposici\u00f3n de los dominicanos estas viviendas con una excelente tasa, tal y como hicimos en Espa\u00f1a, donde la di\u00e1spora acudi\u00f3 masivamente a adquirir sus propiedades y confiamos que esta feria en Santo Domingo Este ser\u00e1 igual de concurrida por el p\u00fablico\u201d, dijo.\u00a0\u00a0<\/span><\/p>\n<p><span style=\"font-weight: 400;\">El proyecto Villas del Este, desarrollado por la constructora Celik, tambi\u00e9n cuenta con el respaldo de Fiduciaria Reservas. Ofrece funcionalidad, comodidad y seguridad jur\u00eddica a los adquirientes, con apartamentos de tres habitaciones, que van desde 88 hasta 129 metros cuadrados.<\/span><\/p>\n<p><span style=\"font-weight: 400;\">En adici\u00f3n a la atractiva tasa de 8%, fija a siete a\u00f1os, los adquirientes recibir\u00e1n el bono \u201cMi primera vivienda\u201d y el bono ITBIS, beneficios que vienen a complementar la oferta inmobiliaria.<\/span><\/p>\n<p><span style=\"font-weight: 400;\">Los interesados en aprovechar la feria pueden visitar el proyecto Villas del Este, para visualizar las unidades disponibles para su elecci\u00f3n e iniciar posteriormente el proceso de financiamiento.<\/span><\/p>\n","protected":false},"excerpt":{"rendered":"<p>El Banco de Reservas realizar\u00e1 del 6 al 8 de junio una feria inmobiliaria en Santo Domingo Este con tasa de 8% de inter\u00e9s, fija por siete a\u00f1os, para ofertar&hellip; <\/p>\n","protected":false},"author":2,"featured_media":53067,"comment_status":"closed","ping_status":"closed","sticky":false,"template":"","format":"standard","meta":{"fifu_image_url":"","fifu_image_alt":"","footnotes":""},"categories":[91],"tags":[],"class_list":["post-71293","post","type-post","status-publish","format-standard","has-post-thumbnail","hentry","category-bienes-raices"],"_links":{"self":[{"href":"https:\/\/elmundodelosnegocios.com.do\/v1\/wp-json\/wp\/v2\/posts\/71293","targetHints":{"allow":["GET"]}}],"collection":[{"href":"https:\/\/elmundodelosnegocios.com.do\/v1\/wp-json\/wp\/v2\/posts"}],"about":[{"href":"https:\/\/elmundodelosnegocios.com.do\/v1\/wp-json\/wp\/v2\/types\/post"}],"author":[{"embeddable":true,"href":"https:\/\/elmundodelosnegocios.com.do\/v1\/wp-json\/wp\/v2\/users\/2"}],"replies":[{"embeddable":true,"href":"https:\/\/elmundodelosnegocios.com.do\/v1\/wp-json\/wp\/v2\/comments?post=71293"}],"version-history":[{"count":1,"href":"https:\/\/elmundodelosnegocios.com.do\/v1\/wp-json\/wp\/v2\/posts\/71293\/revisions"}],"predecessor-version":[{"id":71294,"href":"https:\/\/elmundodelosnegocios.com.do\/v1\/wp-json\/wp\/v2\/posts\/71293\/revisions\/71294"}],"wp:featuredmedia":[{"embeddable":true,"href":"https:\/\/elmundodelosnegocios.com.do\/v1\/wp-json\/wp\/v2\/media\/53067"}],"wp:attachment":[{"href":"https:\/\/elmundodelosnegocios.com.do\/v1\/wp-json\/wp\/v2\/media?parent=71293"}],"wp:term":[{"taxonomy":"category","embeddable":true,"href":"https:\/\/elmundodelosnegocios.com.do\/v1\/wp-json\/wp\/v2\/categories?post=71293"},{"taxonomy":"post_tag","embeddable":true,"href":"https:\/\/elmundodelosnegocios.com.do\/v1\/wp-json\/wp\/v2\/tags?post=71293"}],"curies":[{"name":"wp","href":"https:\/\/api.w.org\/{rel}","templated":true}]}}