{"id":71386,"date":"2025-06-07T20:17:43","date_gmt":"2025-06-08T00:47:43","guid":{"rendered":"https:\/\/www.elmundodelosnegocios.com.do\/v1\/?p=71386"},"modified":"2025-06-07T20:17:43","modified_gmt":"2025-06-08T00:47:43","slug":"actualizan-reglamento-tecnico-para-alumbrado-vias-publicas","status":"publish","type":"post","link":"https:\/\/elmundodelosnegocios.com.do\/v1\/actualizan-reglamento-tecnico-para-alumbrado-vias-publicas\/","title":{"rendered":"Actualizan Reglamento T\u00e9cnico para alumbrado v\u00edas p\u00fablicas"},"content":{"rendered":"<p>Santo Domingo, R.D.- La Superintendencia de Electricidad (SIE) aprob\u00f3 la resoluci\u00f3n SIE-061-2025, mediante la cual se actualiza el reglamento t\u00e9cnico para el alumbrado de v\u00edas de uso p\u00fablico, luego de un proceso de consulta celebrado en febrero de 2025.<\/p>\n<p><a href=\"http:\/\/elmundodelosnegocios.com.do\/v1\/wp-content\/uploads\/2025\/06\/Fachada-SIE.jpg\"><img loading=\"lazy\" decoding=\"async\" class=\"aligncenter size-full wp-image-71387\" src=\"http:\/\/elmundodelosnegocios.com.do\/v1\/wp-content\/uploads\/2025\/06\/Fachada-SIE.jpg\" alt=\"\" width=\"1600\" height=\"1200\" srcset=\"https:\/\/elmundodelosnegocios.com.do\/v1\/wp-content\/uploads\/2025\/06\/Fachada-SIE.jpg 1600w, https:\/\/elmundodelosnegocios.com.do\/v1\/wp-content\/uploads\/2025\/06\/Fachada-SIE-300x225.jpg 300w, https:\/\/elmundodelosnegocios.com.do\/v1\/wp-content\/uploads\/2025\/06\/Fachada-SIE-1024x768.jpg 1024w, https:\/\/elmundodelosnegocios.com.do\/v1\/wp-content\/uploads\/2025\/06\/Fachada-SIE-768x576.jpg 768w, https:\/\/elmundodelosnegocios.com.do\/v1\/wp-content\/uploads\/2025\/06\/Fachada-SIE-1536x1152.jpg 1536w\" sizes=\"auto, (max-width: 1600px) 100vw, 1600px\" \/><\/a><\/p>\n<p>La modificaci\u00f3n responde a la necesidad de contar con una normativa adaptada a las tecnolog\u00edas que impulsan la transici\u00f3n energ\u00e9tica, el desarrollo sostenible y la reducci\u00f3n de emisiones. Entre sus disposiciones se incluyen la instalaci\u00f3n de luminarias de alta eficiencia, la incorporaci\u00f3n de instrumentos de gesti\u00f3n de energ\u00eda y el fortalecimiento de la seguridad en espacios viales.<\/p>\n<p>Originalmente adoptado en 2019, el reglamento integra ahora los m\u00e1s recientes avances tecnol\u00f3gicos, en consonancia con los compromisos ambientales asumidos por el pa\u00eds en el Acuerdo de Par\u00eds (COP21).<\/p>\n<p>Durante el proceso de revisi\u00f3n, y en cumplimiento del principio de transparencia, se habilit\u00f3 un per\u00edodo de 20 d\u00edas para recibir observaciones de fabricantes, empresas distribuidoras, autoridades municipales y organizaciones de la sociedad civil. Esta consulta se llev\u00f3 a cabo conforme a lo dispuesto en la Ley 167-21 de mejora regulatoria, la Ley 200-04 de Libre Acceso a la Informaci\u00f3n P\u00fablica y la Ley 125-01 General de Electricidad.<\/p>\n<p>El nuevo marco normativo incorpora criterios de dise\u00f1o y operaci\u00f3n basados en est\u00e1ndares internacionales, adaptados a las necesidades espec\u00edficas del sistema el\u00e9ctrico dominicano.<\/p>\n<p>Entre las principales innovaciones se encuentra la estandarizaci\u00f3n del uso de luminarias LED de alta eficiencia, en sustituci\u00f3n de tecnolog\u00edas obsoletas como l\u00e1mparas de mercurio, fluorescentes y de sodio de alta presi\u00f3n. Tambi\u00e9n se establece la obligatoriedad de instalar sistemas de alumbrado de emergencia en t\u00faneles y v\u00edas de alto tr\u00e1nsito.<\/p>\n<p>Las mejoras permitir\u00e1n reducir los puntos oscuros en las v\u00edas, optimizar el consumo energ\u00e9tico y mejorar la visibilidad para conductores y peatones, promoviendo un sistema de alumbrado p\u00fablico m\u00e1s seguro, eficiente y sostenible.<\/p>\n<p>Andr\u00e9s Astacio, superintendente de Electricidad, destac\u00f3 que la actualizaci\u00f3n del reglamento fortalece el marco regulatorio vigente. \u201cLa actualizaci\u00f3n incorpora criterios que responden al dinamismo del sector y garantizan su desarrollo\u201d, afirm\u00f3.<\/p>\n<p>Con esta medida, la SIE reafirma su compromiso con una regulaci\u00f3n moderna, eficaz y alineada con las nuevas tecnolog\u00edas del sector el\u00e9ctrico nacional.<\/p>\n","protected":false},"excerpt":{"rendered":"<p>Santo Domingo, R.D.- La Superintendencia de Electricidad (SIE) aprob\u00f3 la resoluci\u00f3n SIE-061-2025, mediante la cual se actualiza el reglamento t\u00e9cnico para el alumbrado de v\u00edas de uso p\u00fablico, luego de&hellip; <\/p>\n","protected":false},"author":2,"featured_media":71387,"comment_status":"closed","ping_status":"closed","sticky":false,"template":"","format":"standard","meta":{"fifu_image_url":"","fifu_image_alt":"","footnotes":""},"categories":[182],"tags":[],"class_list":["post-71386","post","type-post","status-publish","format-standard","has-post-thumbnail","hentry","category-energia"],"_links":{"self":[{"href":"https:\/\/elmundodelosnegocios.com.do\/v1\/wp-json\/wp\/v2\/posts\/71386","targetHints":{"allow":["GET"]}}],"collection":[{"href":"https:\/\/elmundodelosnegocios.com.do\/v1\/wp-json\/wp\/v2\/posts"}],"about":[{"href":"https:\/\/elmundodelosnegocios.com.do\/v1\/wp-json\/wp\/v2\/types\/post"}],"author":[{"embeddable":true,"href":"https:\/\/elmundodelosnegocios.com.do\/v1\/wp-json\/wp\/v2\/users\/2"}],"replies":[{"embeddable":true,"href":"https:\/\/elmundodelosnegocios.com.do\/v1\/wp-json\/wp\/v2\/comments?post=71386"}],"version-history":[{"count":1,"href":"https:\/\/elmundodelosnegocios.com.do\/v1\/wp-json\/wp\/v2\/posts\/71386\/revisions"}],"predecessor-version":[{"id":71388,"href":"https:\/\/elmundodelosnegocios.com.do\/v1\/wp-json\/wp\/v2\/posts\/71386\/revisions\/71388"}],"wp:featuredmedia":[{"embeddable":true,"href":"https:\/\/elmundodelosnegocios.com.do\/v1\/wp-json\/wp\/v2\/media\/71387"}],"wp:attachment":[{"href":"https:\/\/elmundodelosnegocios.com.do\/v1\/wp-json\/wp\/v2\/media?parent=71386"}],"wp:term":[{"taxonomy":"category","embeddable":true,"href":"https:\/\/elmundodelosnegocios.com.do\/v1\/wp-json\/wp\/v2\/categories?post=71386"},{"taxonomy":"post_tag","embeddable":true,"href":"https:\/\/elmundodelosnegocios.com.do\/v1\/wp-json\/wp\/v2\/tags?post=71386"}],"curies":[{"name":"wp","href":"https:\/\/api.w.org\/{rel}","templated":true}]}}