{"id":71470,"date":"2025-06-11T13:15:31","date_gmt":"2025-06-11T17:45:31","guid":{"rendered":"https:\/\/www.elmundodelosnegocios.com.do\/v1\/?p=71470"},"modified":"2025-06-11T13:15:31","modified_gmt":"2025-06-11T17:45:31","slug":"entrego-acoprovi-diplomas-primeros-egresados-plataforma-construyendo-rd","status":"publish","type":"post","link":"https:\/\/elmundodelosnegocios.com.do\/v1\/entrego-acoprovi-diplomas-primeros-egresados-plataforma-construyendo-rd\/","title":{"rendered":"Entrego ACOPROVI diplomas primeros egresados \u200b\u200bplataforma \u201cConstruyendo RD\u201d"},"content":{"rendered":"<div>Santo Domingo, R.D. Junio 2025.- La Asociaci\u00f3n Dominicana de Constructores y Promotores de Viviendas (ACOPROVI) realiz\u00f3 la entrega formal de los primeros diplomas a t\u00e9cnicos egresados \u200b\u200bde la plataforma Construyendo RD, marcando un importante hito en el impulso de la tecnificaci\u00f3n e inserci\u00f3n laboral de la mano de obra dominicana en el sector construcci\u00f3n.<\/div>\n<div><a href=\"http:\/\/elmundodelosnegocios.com.do\/v1\/wp-content\/uploads\/2025\/06\/Lanzamiento-de-la-plataforma-noviembre-2024.jpg\"><img loading=\"lazy\" decoding=\"async\" class=\"aligncenter size-full wp-image-71471\" src=\"http:\/\/elmundodelosnegocios.com.do\/v1\/wp-content\/uploads\/2025\/06\/Lanzamiento-de-la-plataforma-noviembre-2024.jpg\" alt=\"Lanzamiento de la plataforma noviembre 2024\" width=\"1080\" height=\"631\" srcset=\"https:\/\/elmundodelosnegocios.com.do\/v1\/wp-content\/uploads\/2025\/06\/Lanzamiento-de-la-plataforma-noviembre-2024.jpg 1080w, https:\/\/elmundodelosnegocios.com.do\/v1\/wp-content\/uploads\/2025\/06\/Lanzamiento-de-la-plataforma-noviembre-2024-300x175.jpg 300w, https:\/\/elmundodelosnegocios.com.do\/v1\/wp-content\/uploads\/2025\/06\/Lanzamiento-de-la-plataforma-noviembre-2024-1024x598.jpg 1024w, https:\/\/elmundodelosnegocios.com.do\/v1\/wp-content\/uploads\/2025\/06\/Lanzamiento-de-la-plataforma-noviembre-2024-768x449.jpg 768w\" sizes=\"auto, (max-width: 1080px) 100vw, 1080px\" \/><\/a><\/div>\n<div>La plataforma Construyendo RD fue lanzada en noviembre de 2024 como una iniciativa educativa pionera, orientada a brindar formaci\u00f3n t\u00e9cnica especializada a trabajadores del sector, e inserci\u00f3n laboral al sector construcci\u00f3n, con el objetivo de elevar sus competencias y responder a las crecientes demandas de trabajadores con calidad, eficiencia y seguridad en la industria de la construcci\u00f3n.<\/div>\n<div><\/div>\n<div>En tan solo siete meses desde su lanzamiento, la plataforma ha logrado graduar a su primer grupo de t\u00e9cnicos, quienes recibieron sus diplomas de los cursos de alba\u00f1iler\u00eda y colocaci\u00f3n de bloques, en una ceremonia emotiva organizada por ACOPROVI. Este logro reafirma el compromiso del gremio con el desarrollo humano y la tecnificaci\u00f3n del capital laboral que sostiene el crecimiento del sector, contribuyendo directamente a la transformaci\u00f3n estructural de la mano de obra dominicana hacia una fuerza laboral m\u00e1s calificada y competitiva.<\/div>\n<div><a href=\"http:\/\/elmundodelosnegocios.com.do\/v1\/wp-content\/uploads\/2025\/06\/Ing-Jose-Baez-de-ENACO-y-Francisco-Junior-de-Jesus-Jimenez.jpg\"><img loading=\"lazy\" decoding=\"async\" class=\"aligncenter size-full wp-image-71472\" src=\"http:\/\/elmundodelosnegocios.com.do\/v1\/wp-content\/uploads\/2025\/06\/Ing-Jose-Baez-de-ENACO-y-Francisco-Junior-de-Jesus-Jimenez.jpg\" alt=\"\" width=\"1080\" height=\"814\" srcset=\"https:\/\/elmundodelosnegocios.com.do\/v1\/wp-content\/uploads\/2025\/06\/Ing-Jose-Baez-de-ENACO-y-Francisco-Junior-de-Jesus-Jimenez.jpg 1080w, https:\/\/elmundodelosnegocios.com.do\/v1\/wp-content\/uploads\/2025\/06\/Ing-Jose-Baez-de-ENACO-y-Francisco-Junior-de-Jesus-Jimenez-300x226.jpg 300w, https:\/\/elmundodelosnegocios.com.do\/v1\/wp-content\/uploads\/2025\/06\/Ing-Jose-Baez-de-ENACO-y-Francisco-Junior-de-Jesus-Jimenez-1024x772.jpg 1024w, https:\/\/elmundodelosnegocios.com.do\/v1\/wp-content\/uploads\/2025\/06\/Ing-Jose-Baez-de-ENACO-y-Francisco-Junior-de-Jesus-Jimenez-768x579.jpg 768w\" sizes=\"auto, (max-width: 1080px) 100vw, 1080px\" \/><\/a><\/div>\n<div><\/div>\n<div>Durante el acto, el secretario de ACOPROVI, Carlos Hern\u00e1ndez, expres\u00f3: \u00abHoy celebramos un hito importante. Estos primeros egresados \u200b\u200bde Construyendo RD representan el inicio de una transformaci\u00f3n que tiene como centro la formaci\u00f3n de nuestra gente. Desde ACOPROVI estamos convencidos de que la tecnificaci\u00f3n de la mano de obra es clave para mejorar la productividad, la calidad y la sostenibilidad del sector construcci\u00f3n. Apostar por la educaci\u00f3n es apostar por el futuro\u00bb.<\/div>\n<div><\/div>\n<div>La iniciativa, concebida como una plataforma que becas y bolsa de empleo para una completa y r\u00e1pida insercion laboral, ofrece programas de formaci\u00f3n en oficios esenciales del sector, tales como alba\u00f1iler\u00eda, carpinteria, varillero, plomer\u00eda, entre ptros. Los cursos est\u00e1n dise\u00f1ados con una metodolog\u00eda pr\u00e1ctica y horario conveniente, permitiendo a los trabajadores estudiar sin afectar su jornada laboral, y acceder desde cualquier punto del pa\u00eds.<\/div>\n<div>El acto cont\u00f3 con la presencia de directivos de ACOPROVI, aliados del sector, representantes de empresas constructoras y familiares de los egresados, quienes resaltaron el impacto positivo del programa en el desempe\u00f1o y la empleabilidad de los participantes.<\/div>\n<div><\/div>\n<div>Este paso evidencia un avance concreto hacia la tecnificaci\u00f3n real de la mano de obra dominicana, impulsando una industria m\u00e1s moderna, segura y eficiente. Con esta iniciativa, ACOPROVI ratifica su responsabilidad con el desarrollo integral del sector construcci\u00f3n y con la generaci\u00f3n de oportunidades reales para trabajadores de la construcci\u00f3n de todo el pa\u00eds.<\/div>\n<div><\/div>\n<div><b>Sobre Acoprovi<\/b><\/div>\n<div><\/div>\n<div>La Asociaci\u00f3n Dominicana de Constructores y Promotores de la Vivienda (ACOPROVI) fue constituida el 13 de marzo de 1997, siendo su principal objetivo el regular e impulsar el desarrollo de las industrias de construcci\u00f3n y viviendas en el pa\u00eds.-.<\/div>\n","protected":false},"excerpt":{"rendered":"<p>Santo Domingo, R.D. Junio 2025.- La Asociaci\u00f3n Dominicana de Constructores y Promotores de Viviendas (ACOPROVI) realiz\u00f3 la entrega formal de los primeros diplomas a t\u00e9cnicos egresados \u200b\u200bde la plataforma Construyendo&hellip; <\/p>\n","protected":false},"author":2,"featured_media":71471,"comment_status":"closed","ping_status":"closed","sticky":false,"template":"","format":"standard","meta":{"fifu_image_url":"","fifu_image_alt":"","footnotes":""},"categories":[69],"tags":[],"class_list":["post-71470","post","type-post","status-publish","format-standard","has-post-thumbnail","hentry","category-construccion"],"_links":{"self":[{"href":"https:\/\/elmundodelosnegocios.com.do\/v1\/wp-json\/wp\/v2\/posts\/71470","targetHints":{"allow":["GET"]}}],"collection":[{"href":"https:\/\/elmundodelosnegocios.com.do\/v1\/wp-json\/wp\/v2\/posts"}],"about":[{"href":"https:\/\/elmundodelosnegocios.com.do\/v1\/wp-json\/wp\/v2\/types\/post"}],"author":[{"embeddable":true,"href":"https:\/\/elmundodelosnegocios.com.do\/v1\/wp-json\/wp\/v2\/users\/2"}],"replies":[{"embeddable":true,"href":"https:\/\/elmundodelosnegocios.com.do\/v1\/wp-json\/wp\/v2\/comments?post=71470"}],"version-history":[{"count":1,"href":"https:\/\/elmundodelosnegocios.com.do\/v1\/wp-json\/wp\/v2\/posts\/71470\/revisions"}],"predecessor-version":[{"id":71473,"href":"https:\/\/elmundodelosnegocios.com.do\/v1\/wp-json\/wp\/v2\/posts\/71470\/revisions\/71473"}],"wp:featuredmedia":[{"embeddable":true,"href":"https:\/\/elmundodelosnegocios.com.do\/v1\/wp-json\/wp\/v2\/media\/71471"}],"wp:attachment":[{"href":"https:\/\/elmundodelosnegocios.com.do\/v1\/wp-json\/wp\/v2\/media?parent=71470"}],"wp:term":[{"taxonomy":"category","embeddable":true,"href":"https:\/\/elmundodelosnegocios.com.do\/v1\/wp-json\/wp\/v2\/categories?post=71470"},{"taxonomy":"post_tag","embeddable":true,"href":"https:\/\/elmundodelosnegocios.com.do\/v1\/wp-json\/wp\/v2\/tags?post=71470"}],"curies":[{"name":"wp","href":"https:\/\/api.w.org\/{rel}","templated":true}]}}