{"id":71560,"date":"2025-06-18T14:58:53","date_gmt":"2025-06-18T19:28:53","guid":{"rendered":"https:\/\/www.elmundodelosnegocios.com.do\/v1\/?p=71560"},"modified":"2025-06-18T14:58:53","modified_gmt":"2025-06-18T19:28:53","slug":"abriran-melia-hotels-e-infotep-primer-hotel-escuela-formacion-en-hosteleria-y-turismo-rd","status":"publish","type":"post","link":"https:\/\/elmundodelosnegocios.com.do\/v1\/abriran-melia-hotels-e-infotep-primer-hotel-escuela-formacion-en-hosteleria-y-turismo-rd\/","title":{"rendered":"Abrir\u00e1n Meli\u00e1 Hotels e INFOTEP primer Hotel-Escuela Formaci\u00f3n en Hosteler\u00eda y Turismo RD"},"content":{"rendered":"<div dir=\"ltr\">\n<p><b>Punta Cana, R.D.<\/b>\u00a0-Meli\u00e1 Hotels International y el Instituto Nacional de Formaci\u00f3n T\u00e9cnico Profesional de la Rep\u00fablica Dominicana (INFOTEP) firmaron hoy un acuerdo de colaboraci\u00f3n para crear una Escuela de Formaci\u00f3n en Hosteler\u00eda y Turismo, destinada a satisfacer la creciente demanda de personal cualificado que una empresa como Meli\u00e1, que contin\u00faa expandi\u00e9ndose en la Rep\u00fablica Dominicana, y otras muchas, afrontan en un destino en constante desarrollo.<\/p>\n<figure id=\"attachment_71561\" aria-describedby=\"caption-attachment-71561\" style=\"width: 2560px\" class=\"wp-caption aligncenter\"><a href=\"http:\/\/elmundodelosnegocios.com.do\/v1\/wp-content\/uploads\/2025\/06\/DSC00164-scaled.jpg\"><img loading=\"lazy\" decoding=\"async\" class=\"size-full wp-image-71561\" src=\"http:\/\/elmundodelosnegocios.com.do\/v1\/wp-content\/uploads\/2025\/06\/DSC00164-scaled.jpg\" alt=\"Ram\u00f3n Antonio Garc\u00eda, Director Regional Este del INFOTEP; Maira Morla Pineda, Subdirectora general del INFOTEP; Rafael Santos Bad\u00eda, director general del INFOTEP; Mynor Espinoza, general manager de MHI en Rep\u00fablica Dominicana; Claudine Massey, HR Talent Director y Lissa Bueno, HR Partner RD\" width=\"2560\" height=\"1707\" srcset=\"https:\/\/elmundodelosnegocios.com.do\/v1\/wp-content\/uploads\/2025\/06\/DSC00164-scaled.jpg 2560w, https:\/\/elmundodelosnegocios.com.do\/v1\/wp-content\/uploads\/2025\/06\/DSC00164-300x200.jpg 300w, https:\/\/elmundodelosnegocios.com.do\/v1\/wp-content\/uploads\/2025\/06\/DSC00164-1024x683.jpg 1024w, https:\/\/elmundodelosnegocios.com.do\/v1\/wp-content\/uploads\/2025\/06\/DSC00164-768x512.jpg 768w, https:\/\/elmundodelosnegocios.com.do\/v1\/wp-content\/uploads\/2025\/06\/DSC00164-1536x1024.jpg 1536w, https:\/\/elmundodelosnegocios.com.do\/v1\/wp-content\/uploads\/2025\/06\/DSC00164-2048x1365.jpg 2048w\" sizes=\"auto, (max-width: 2560px) 100vw, 2560px\" \/><\/a><figcaption id=\"caption-attachment-71561\" class=\"wp-caption-text\">Ram\u00f3n Antonio Garc\u00eda, Director Regional Este del INFOTEP; Maira Morla Pineda, Subdirectora general del INFOTEP; Rafael Santos Bad\u00eda, director general del INFOTEP; Mynor Espinoza, general manager de MHI en Rep\u00fablica Dominicana; Claudine Massey, HR Talent Director y Lissa Bueno, HR Partner RD<\/figcaption><\/figure>\n<p>El centro, en la modalidad de hotel-escuela, se crea con la misi\u00f3n de impulsar el desarrollo profesional de los colaboradores de Meli\u00e1, sus familias y otros miembros de la comunidad interesados en aprender habilidades del sector, fortaleciendo con ello su empleabilidad y crecimiento dentro de la Compa\u00f1\u00eda, y contribuyendo al fortalecimiento del talento local.<\/p>\n<p>De manera espec\u00edfica, los objetivos de la escuela ser\u00e1n los siguientes:<\/p>\n<p>\u2022 Proveer formaci\u00f3n especializada y adaptada al mercado, para mejorar las competencias de los colaboradores, sus familias y el resto de candidatos a trabajar en el sector.<br \/>\n\u2022 Impulsar la profesionalizaci\u00f3n y las oportunidades laborales, ofreciendo programas te\u00f3rico-pr\u00e1cticos en \u00e1reas clave de la hosteler\u00eda y el turismo.<br \/>\n\u2022 Elevar los niveles y est\u00e1ndares de servicio, fomentando una cultura de aprendizaje continuo.<br \/>\n\u2022 Fomentar la digitalizaci\u00f3n, incluyendo formaci\u00f3n en inform\u00e1tica para modernizar los perfiles operativos.<br \/>\n\u2022 Generar un banco de profesionales locales preparados para ocupar puestos operativos en los hoteles de Meli\u00e1.<\/p>\n<p>Con el fin de cumplir estos objetivos, los programas de formaci\u00f3n que se impartir\u00e1n en la nueva escuela, adem\u00e1s de la imprescindible ense\u00f1anza del idioma ingl\u00e9s, se focalizar\u00e1n en las profesiones m\u00e1s demandadas en el sector, tales como:<\/p>\n<p>\u2022\u00a0<b>Cocina,<\/b>\u00a0con atenci\u00f3n a las t\u00e9cnicas culinarias, pasteler\u00eda, seguridad alimentaria y gesti\u00f3n de cocina.<br \/>\n\u2022\u00a0<b>Bar y Restaurante,<\/b>\u00a0incluyendo servicio al cliente, mixolog\u00eda y gesti\u00f3n de establecimientos.<br \/>\n\u2022\u00a0<b>Recepci\u00f3n,<\/b>\u00a0con formaci\u00f3n en procesos, atenci\u00f3n al cliente, gesti\u00f3n de reservas y habilidades de comunicaci\u00f3n.<br \/>\n\u2022\u00a0<b>Pisos,<\/b>\u00a0que incluir\u00e1 mantenimiento y limpieza de habitaciones, est\u00e1ndares de calidad y gesti\u00f3n de recursos.<\/p>\n<p><b>\u00a0<\/b><\/p>\n<p><b>Recursos, equipamiento y equipo humano<\/b><\/p>\n<p>El proyecto, que estar\u00e1 finalizado en oto\u00f1o de 2025, incluye la construcci\u00f3n de aulas y talleres en instalaciones y espacios proporcionados por Meli\u00e1 y adecuados para su uso como hotel-escuela, generando sinergias con instalaciones existentes, tales como aulas de cocina y pisos facilitadas tambi\u00e9n por el grupo hotelero.<\/p>\n<p>Por su parte, el INFOTEP estar\u00e1 a cargo del equipamiento de las aulas de formaci\u00f3n, las zonas de trabajo de alimentos y bebidas, y el \u00e1rea de recepci\u00f3n. Adem\u00e1s, proveer\u00e1 el material did\u00e1ctico, as\u00ed como los equipos de hardware y software necesarios para la formaci\u00f3n en digitalizaci\u00f3n.<\/p>\n<p>El personal docente, con experiencia en hosteler\u00eda y turismo, tambi\u00e9n ser\u00e1 proporcionado por INFOTEP, al igual que el equipo de apoyo conformado por coordinadores y administrativos que facilitar\u00e1n el desarrollo de los programas. Ambas instituciones aportar\u00e1n sus respectivas capacidades y experiencia para garantizar el \u00e9xito del proyecto.<\/p>\n<p>Para Gabriel Escarrer Jaume, presidente y consejero delegado de Meli\u00e1, \u201ccrear el Hotel-Escuela de Hosteler\u00eda y Turismo en Punta Cana es un sue\u00f1o que nos acompa\u00f1a desde hace m\u00e1s de 30 a\u00f1os, cuando nuestro presidente fundador, pionero en el destino, qued\u00f3 fascinado por la calidad humana y hospitalidad de los dominicanos y por el enorme potencial tur\u00edstico del pa\u00eds. Desde entonces, nuestra compa\u00f1\u00eda ha sido parte del \u00e9xito tur\u00edstico de la Rep\u00fablica Dominicana, y para asegurar la sostenibilidad de este \u00e9xito a largo plazo hemos querido elevar nuestro compromiso, impulsando la cualificaci\u00f3n de los profesionales del turismo y asegurando al mismo tiempo la creaci\u00f3n sostenible de m\u00e1s y mejor empleo.\u201d<\/p>\n<p>El director general del INFOTEP, Rafael Santos Bad\u00eda, afirm\u00f3 que este proyecto representa un modelo de formaci\u00f3n en contexto real de trabajo, resultado de la articulaci\u00f3n con el sector productivo para ofrecer capacitaciones m\u00e1s pertinentes y generadoras de oportunidades.<\/p>\n<p>INFOTEP est\u00e1 enfocado en promover todo tipo de iniciativas para fomentar la formaci\u00f3n continua para todos las cadenas hoteleras y tur\u00edsticas de la zona y\u00a0brinda acompa\u00f1amiento bajo las modalidades de formaci\u00f3n dual o abierta, extendiendo esta oportunidad a todo el sector tur\u00edstico de la regi\u00f3n\u201d, subray\u00f3 Santos Bad\u00eda.<\/p>\n<p><b>M\u00e1s sobre el convenio<\/b><\/p>\n<p>Para garantizar la calidad y los resultados del proyecto a mediano y largo plazo, Meli\u00e1 e INFOTEP mantendr\u00e1n un estricto seguimiento y evaluaci\u00f3n de los programas del centro, empleando indicadores acad\u00e9micos como la tasa de finalizaci\u00f3n, as\u00ed como indicadores de impacto, como el grado de inserci\u00f3n laboral de los graduados y el \u00edndice de satisfacci\u00f3n de los participantes.<\/p>\n<p>La evaluaci\u00f3n ser\u00e1 peri\u00f3dica y permitir\u00e1 aplicar los ajustes necesarios que aseguren una mejora continua de la calidad de la formaci\u00f3n.<\/p>\n<p>&nbsp;<\/p>\n<p><b>Acerca de Meli\u00e1 Hotels International<\/b><\/p>\n<p>Fundada en 1956 en Palma de Mallorca (Espa\u00f1a), Meli\u00e1 Hotels International cuenta con m\u00e1s de 400 hoteles abiertos o en proceso de apertura, en m\u00e1s de 40 pa\u00edses, y un portfolio de nueve marcas: Gran Meli\u00e1 Hotels &amp; Resorts, ME by Meli\u00e1, The Meli\u00e1 Collection, Paradisus by Meli\u00e1, Meli\u00e1 Hotels &amp; Resorts, ZEL, INNSiDE by Meli\u00e1, Sol by Meli\u00e1 y Affiliated by Meli\u00e1. La Compa\u00f1\u00eda es una de las hoteleras l\u00edderes mundiales en el segmento de hoteles vacacionales y su experiencia en este \u00e1mbito le ha permitido consolidarse en el creciente mercado de hoteles urbanos inspirados en el ocio. Su compromiso con el turismo responsable le ha hecho ser reconocida como la hotelera de origen europeo m\u00e1s sostenible del mundo (elegida como \u201cSustainability Yearbook Member\u201d en 2024 por S&amp;P Global), adem\u00e1s de ser marca \u201cTop Employer 2025\u201d en Europa, Norteam\u00e9rica y Vietnam.\u00a0Para m\u00e1s informaci\u00f3n, visite\u00a0<a id=\"m_-7837527324049439113OWA1a8cb6b4-7187-3343-4c19-6bb1a57c9809\" href=\"https:\/\/www.meliahotelsinternational.com\/\" target=\"_blank\" rel=\"noopener\" data-saferedirecturl=\"https:\/\/www.google.com\/url?q=https:\/\/www.meliahotelsinternational.com\/&amp;source=gmail&amp;ust=1750358225488000&amp;usg=AOvVaw17ebnFaCirPT-Q3C60KDwv\">www.meliahotelsint<\/a><\/p>\n<\/div>\n<div class=\"iX\">&#8230;<\/div>\n","protected":false},"excerpt":{"rendered":"<p>Punta Cana, R.D.\u00a0-Meli\u00e1 Hotels International y el Instituto Nacional de Formaci\u00f3n T\u00e9cnico Profesional de la Rep\u00fablica Dominicana (INFOTEP) firmaron hoy un acuerdo de colaboraci\u00f3n para crear una Escuela de Formaci\u00f3n&hellip; <\/p>\n","protected":false},"author":2,"featured_media":71561,"comment_status":"closed","ping_status":"closed","sticky":false,"template":"","format":"standard","meta":{"fifu_image_url":"","fifu_image_alt":"","footnotes":""},"categories":[172],"tags":[],"class_list":["post-71560","post","type-post","status-publish","format-standard","has-post-thumbnail","hentry","category-turismo"],"_links":{"self":[{"href":"https:\/\/elmundodelosnegocios.com.do\/v1\/wp-json\/wp\/v2\/posts\/71560","targetHints":{"allow":["GET"]}}],"collection":[{"href":"https:\/\/elmundodelosnegocios.com.do\/v1\/wp-json\/wp\/v2\/posts"}],"about":[{"href":"https:\/\/elmundodelosnegocios.com.do\/v1\/wp-json\/wp\/v2\/types\/post"}],"author":[{"embeddable":true,"href":"https:\/\/elmundodelosnegocios.com.do\/v1\/wp-json\/wp\/v2\/users\/2"}],"replies":[{"embeddable":true,"href":"https:\/\/elmundodelosnegocios.com.do\/v1\/wp-json\/wp\/v2\/comments?post=71560"}],"version-history":[{"count":1,"href":"https:\/\/elmundodelosnegocios.com.do\/v1\/wp-json\/wp\/v2\/posts\/71560\/revisions"}],"predecessor-version":[{"id":71562,"href":"https:\/\/elmundodelosnegocios.com.do\/v1\/wp-json\/wp\/v2\/posts\/71560\/revisions\/71562"}],"wp:featuredmedia":[{"embeddable":true,"href":"https:\/\/elmundodelosnegocios.com.do\/v1\/wp-json\/wp\/v2\/media\/71561"}],"wp:attachment":[{"href":"https:\/\/elmundodelosnegocios.com.do\/v1\/wp-json\/wp\/v2\/media?parent=71560"}],"wp:term":[{"taxonomy":"category","embeddable":true,"href":"https:\/\/elmundodelosnegocios.com.do\/v1\/wp-json\/wp\/v2\/categories?post=71560"},{"taxonomy":"post_tag","embeddable":true,"href":"https:\/\/elmundodelosnegocios.com.do\/v1\/wp-json\/wp\/v2\/tags?post=71560"}],"curies":[{"name":"wp","href":"https:\/\/api.w.org\/{rel}","templated":true}]}}