{"id":71563,"date":"2025-06-19T08:42:07","date_gmt":"2025-06-19T13:12:07","guid":{"rendered":"https:\/\/www.elmundodelosnegocios.com.do\/v1\/?p=71563"},"modified":"2025-06-19T08:42:07","modified_gmt":"2025-06-19T13:12:07","slug":"elige-fdd-consejo-directivo-y-reconoce-destacados-empresarios-microempresa","status":"publish","type":"post","link":"https:\/\/elmundodelosnegocios.com.do\/v1\/elige-fdd-consejo-directivo-y-reconoce-destacados-empresarios-microempresa\/","title":{"rendered":"Elige FDD consejo directivo y reconoce destacados empresarios microempresa"},"content":{"rendered":"<p><b>Santo Domingo, D.N.<\/b>&#8211; La Fundaci\u00f3n Dominicana de Desarrollo (FDD) celebr\u00f3 su asamblea anual n\u00famero 58, en la que eligi\u00f3 a los miembros del Consejo Directivo que regir\u00e1 la instituci\u00f3n durante el per\u00edodo 2025-2027.<\/p>\n<p>Este evento, que tambi\u00e9n incluy\u00f3 un reconocimiento especial a los empresarios de la microempresa destacados durante el 2024, reuni\u00f3 a l\u00edderes empresariales, representantes del gobierno y miembros de la sociedad civil.<\/p>\n<figure id=\"attachment_71564\" aria-describedby=\"caption-attachment-71564\" style=\"width: 1000px\" class=\"wp-caption aligncenter\"><a href=\"http:\/\/elmundodelosnegocios.com.do\/v1\/wp-content\/uploads\/2025\/06\/FOTO-1-Nueva-directiva.jpg\"><img loading=\"lazy\" decoding=\"async\" class=\"size-full wp-image-71564\" src=\"http:\/\/elmundodelosnegocios.com.do\/v1\/wp-content\/uploads\/2025\/06\/FOTO-1-Nueva-directiva.jpg\" alt=\"Alberto \u00c1lvarez, Lil Esteva, Pedro D\u00edaz, Susana Reid, Jean Paul Quiroz, Mar\u00eda del Carmen Ramos, Yolanda Valdez, Eduard Gottschalk y Christian Molina\" width=\"1000\" height=\"594\" srcset=\"https:\/\/elmundodelosnegocios.com.do\/v1\/wp-content\/uploads\/2025\/06\/FOTO-1-Nueva-directiva.jpg 1000w, https:\/\/elmundodelosnegocios.com.do\/v1\/wp-content\/uploads\/2025\/06\/FOTO-1-Nueva-directiva-300x178.jpg 300w, https:\/\/elmundodelosnegocios.com.do\/v1\/wp-content\/uploads\/2025\/06\/FOTO-1-Nueva-directiva-768x456.jpg 768w\" sizes=\"auto, (max-width: 1000px) 100vw, 1000px\" \/><\/a><figcaption id=\"caption-attachment-71564\" class=\"wp-caption-text\">Alberto \u00c1lvarez, Lil Esteva, Pedro D\u00edaz, Susana Reid, Jean Paul Quiroz, Mar\u00eda del Carmen Ramos, Yolanda Valdez, Eduard Gottschalk y Christian Molina<\/figcaption><\/figure>\n<p>En su rendici\u00f3n de cuentas<b>\u00a0Mar\u00eda Virginia Elm\u00fadesi<\/b>, presidente saliente, inform\u00f3 que \u201cDurante el 2024, la FDD logr\u00f3 un crecimiento en su cartera bruta del 20.37%, con una cartera en riesgo mayor a 30 d\u00edas de apenas 3.49%. Estos resultados reflejan una gesti\u00f3n prudente y responsable, completando un trienio (2022-2024) con un crecimiento acumulado del 61.4% en la cartera bruta. La cobertura de provisiones sobre cartera en riesgo mayor a 30 d\u00edas alcanz\u00f3 el 108.3%, situando a la FDD por encima de los promedios regionales en t\u00e9rminos de gesti\u00f3n prudencial\u201d.<\/p>\n<p>Agreg\u00f3 que, en 2024 la FDD mantuvo su compromiso con el empoderamiento de las comunidades vulnerables. \u201cA trav\u00e9s de microcr\u00e9ditos, formaci\u00f3n empresarial y alianzas estrat\u00e9gicas, la FDD ha apoyado a peque\u00f1os y medianos productores y ofertantes de servicios, quienes representan el 32% del PIB y el 61.6% del empleo formal, seg\u00fan la Encuesta Nacional de las Micro, Peque\u00f1as y Medianas Empresas 2022-2023\u201d.<\/p>\n<p>El Consejo Directivo electo para los pr\u00f3ximos dos a\u00f1os estar\u00e1 encabezado por\u00a0<b>Jean Paul Quiroz<\/b>, quien asumir\u00e1 el rol de presidente;\u00a0<b>Pedro D\u00edaz Cabral<\/b>, vicepresidente;\u00a0<b>Mar\u00eda del Carmen Ramos<\/b>, secretaria;\u00a0<b>Lil Esteva<\/b>, tesorera;\u00a0<b>Eduard Gottschalk<\/b>, vicesecretario; Susana<b>\u00a0Reid<\/b>, vicetesorera;\u00a0<b>Mar\u00eda del Pilar Ca\u00f1as<\/b>,\u00a0<b>Alberto \u00c1lvarez W, Yolanda Valdez de Del Monte<\/b>,\u00a0<b>Christian Pichardo<\/b>\u00a0y\u00a0<b>Christian Molina Est\u00e9vez<\/b>\u00a0vocales.<b>\u00a0<\/b><\/p>\n<p><b>Impacto en la comunidad y enfoque social<\/b><\/p>\n<p>En 2024, el proyecto \u00abMujeres Financieramente Autosuficientes\u00bb, en colaboraci\u00f3n con Aldeas Infantiles SOS y financiado por los Fondos Concursables Jos\u00e9 Santiago Reinoso Lora, benefici\u00f3 a 297 mujeres, fortaleciendo su autonom\u00eda financiera y profesional. Adem\u00e1s, en alianza con el Programa Coopera de Banreservas, la FDD acompa\u00f1\u00f3 a 18 cooperativas de distintos sectores y 8 proyectos mentoreados junto a UAPA, brind\u00e1ndoles asesor\u00eda estrat\u00e9gica para la realizaci\u00f3n de sus planes de negocio.<\/p>\n<p>La colaboraci\u00f3n con el Ministerio de la Mujer contribuy\u00f3 a capacitar a 1,074\u00a0personas\u00a0en mejorar su autonom\u00eda econ\u00f3mica. Asimismo, la alianza con la empresa Acabados y Pinturas y su marca Sherwin Williams permiti\u00f3 pintar viviendas de clientes galardonados del producto Mi Casa Bonita en la provincia Duarte, un programa que se extender\u00e1 a otras comunidades en el futuro.<\/p>\n<p><b>Reconocimiento a empresarios destacados<\/b><\/p>\n<p>El evento culmin\u00f3 con un emotivo reconocimiento a los empresarios de la microempresa que se destacaron durante el 2024. aquellos que son ejemplo de la autorrealizaci\u00f3n econ\u00f3mica a trav\u00e9s de sus emprendimientos y negocios con los que realizan aportes monetarios o generan empleos, convirti\u00e9ndose en parte importante del desarrollo econ\u00f3mico y social del pa\u00eds.<\/p>\n<p>En esta oportunidad fueron reconocidas Santa Altagracia F\u00e9lix P\u00e9rez, como emprendedora del a\u00f1o, por su Guarder\u00eda \u201cCamino Divino\u201d; Dolores Lluberes, como empresaria resiliente por su negocio de venta de peces ornamentales y como empresaria destacada de la microempresa del a\u00f1o, Rosa Delmira Rodr\u00edguez Santos por su vivero La Compa\u00f1\u00eda Jard\u00edn.<\/p>\n<p>Tambi\u00e9n se reconoci\u00f3 un grupo de empresas por su compromiso con el impacto social siendo pilares fundamentales en la misi\u00f3n de la Fundaci\u00f3n Dominicana De Desarrollo (FDD): Asociaci\u00f3n Cibao de Ahorros y Pr\u00e9stamos, Grupo Ramos, Fundaci\u00f3n Reservas del Pa\u00eds, Programa Coopera de Banreservas y Rehabilitaci\u00f3n.<\/p>\n","protected":false},"excerpt":{"rendered":"<p>Santo Domingo, D.N.&#8211; La Fundaci\u00f3n Dominicana de Desarrollo (FDD) celebr\u00f3 su asamblea anual n\u00famero 58, en la que eligi\u00f3 a los miembros del Consejo Directivo que regir\u00e1 la instituci\u00f3n durante&hellip; <\/p>\n","protected":false},"author":2,"featured_media":71564,"comment_status":"closed","ping_status":"closed","sticky":false,"template":"","format":"standard","meta":{"fifu_image_url":"","fifu_image_alt":"","footnotes":""},"categories":[83],"tags":[],"class_list":["post-71563","post","type-post","status-publish","format-standard","has-post-thumbnail","hentry","category-empresariales-empresariales"],"_links":{"self":[{"href":"https:\/\/elmundodelosnegocios.com.do\/v1\/wp-json\/wp\/v2\/posts\/71563","targetHints":{"allow":["GET"]}}],"collection":[{"href":"https:\/\/elmundodelosnegocios.com.do\/v1\/wp-json\/wp\/v2\/posts"}],"about":[{"href":"https:\/\/elmundodelosnegocios.com.do\/v1\/wp-json\/wp\/v2\/types\/post"}],"author":[{"embeddable":true,"href":"https:\/\/elmundodelosnegocios.com.do\/v1\/wp-json\/wp\/v2\/users\/2"}],"replies":[{"embeddable":true,"href":"https:\/\/elmundodelosnegocios.com.do\/v1\/wp-json\/wp\/v2\/comments?post=71563"}],"version-history":[{"count":1,"href":"https:\/\/elmundodelosnegocios.com.do\/v1\/wp-json\/wp\/v2\/posts\/71563\/revisions"}],"predecessor-version":[{"id":71565,"href":"https:\/\/elmundodelosnegocios.com.do\/v1\/wp-json\/wp\/v2\/posts\/71563\/revisions\/71565"}],"wp:featuredmedia":[{"embeddable":true,"href":"https:\/\/elmundodelosnegocios.com.do\/v1\/wp-json\/wp\/v2\/media\/71564"}],"wp:attachment":[{"href":"https:\/\/elmundodelosnegocios.com.do\/v1\/wp-json\/wp\/v2\/media?parent=71563"}],"wp:term":[{"taxonomy":"category","embeddable":true,"href":"https:\/\/elmundodelosnegocios.com.do\/v1\/wp-json\/wp\/v2\/categories?post=71563"},{"taxonomy":"post_tag","embeddable":true,"href":"https:\/\/elmundodelosnegocios.com.do\/v1\/wp-json\/wp\/v2\/tags?post=71563"}],"curies":[{"name":"wp","href":"https:\/\/api.w.org\/{rel}","templated":true}]}}