{"id":71588,"date":"2025-06-20T11:42:41","date_gmt":"2025-06-20T16:12:41","guid":{"rendered":"https:\/\/www.elmundodelosnegocios.com.do\/v1\/?p=71588"},"modified":"2025-06-20T11:42:41","modified_gmt":"2025-06-20T16:12:41","slug":"republica-dominicana-se-une-a-la-red-global-de-liderazgo-femenino-en-energia-con-la-apertura-de-womens-energy-network-rd","status":"publish","type":"post","link":"https:\/\/elmundodelosnegocios.com.do\/v1\/republica-dominicana-se-une-a-la-red-global-de-liderazgo-femenino-en-energia-con-la-apertura-de-womens-energy-network-rd\/","title":{"rendered":"Rep\u00fablica Dominicana se une a la red global de liderazgo femenino en energ\u00eda con la apertura de Women\u2019s Energy Network \u2013 RD"},"content":{"rendered":"<p>La Rep\u00fablica Dominicana marc\u00f3 un precedente en la historia del liderazgo femenino en el sector energ\u00e9tico con la presentaci\u00f3n oficial del cap\u00edtulo local de\u00a0<strong>Women\u2019s Energy Network (WEN-RD)<\/strong>, una organizaci\u00f3n internacional que busca fortalecer la participaci\u00f3n y desarrollo profesional de las mujeres en la industria de la energ\u00eda.<\/p>\n<p><a href=\"http:\/\/elmundodelosnegocios.com.do\/v1\/wp-content\/uploads\/2025\/06\/IMG_0434.jpeg\"><img loading=\"lazy\" decoding=\"async\" class=\"aligncenter size-full wp-image-71589\" src=\"http:\/\/elmundodelosnegocios.com.do\/v1\/wp-content\/uploads\/2025\/06\/IMG_0434.jpeg\" alt=\"\" width=\"1600\" height=\"1066\" srcset=\"https:\/\/elmundodelosnegocios.com.do\/v1\/wp-content\/uploads\/2025\/06\/IMG_0434.jpeg 1600w, https:\/\/elmundodelosnegocios.com.do\/v1\/wp-content\/uploads\/2025\/06\/IMG_0434-300x200.jpeg 300w, https:\/\/elmundodelosnegocios.com.do\/v1\/wp-content\/uploads\/2025\/06\/IMG_0434-1024x682.jpeg 1024w, https:\/\/elmundodelosnegocios.com.do\/v1\/wp-content\/uploads\/2025\/06\/IMG_0434-768x512.jpeg 768w, https:\/\/elmundodelosnegocios.com.do\/v1\/wp-content\/uploads\/2025\/06\/IMG_0434-1536x1023.jpeg 1536w\" sizes=\"auto, (max-width: 1600px) 100vw, 1600px\" \/><\/a><\/p>\n<p>El evento, celebrado en la capital dominicana, fue encabezado por la vicepresidenta de la Rep\u00fablica,\u00a0<strong>Raquel Pe\u00f1a<\/strong>, quien recibi\u00f3 un reconocimiento especial por su liderazgo como presidenta del Gabinete El\u00e9ctrico y su impulso a pol\u00edticas orientadas a la eficiencia, sostenibilidad y equidad en el sector energ\u00e9tico nacional.<\/p>\n<p>Con la inauguraci\u00f3n de este cap\u00edtulo, el pa\u00eds se convierte en el segundo en Latinoam\u00e9rica en integrarse a\u00a0<strong>WEN Global<\/strong>, una red que re\u00fane a m\u00e1s de 7,000 profesionales y opera en 27 cap\u00edtulos alrededor del mundo, desde su fundaci\u00f3n en 1994 por la abogada estadounidense\u00a0<strong>Karyl White<\/strong>.<\/p>\n<p>\u201cLa llegada de WEN a la Rep\u00fablica Dominicana no solo reconoce el talento existente, sino que crea un espacio estructurado para desarrollarlo, visibilizarlo y conectarlo globalmente,\u201d afirm\u00f3\u00a0<strong>Lluvia Garc\u00eda<\/strong>, presidenta de WEN-RD y gerente senior legal de EGE Haina.<\/p>\n<p><strong>Un tributo al liderazgo transformador<\/strong><\/p>\n<p>Adem\u00e1s de la vicepresidenta Pe\u00f1a, otras tres figuras emblem\u00e1ticas del empresariado nacional fueron distinguidas con membres\u00edas honor\u00edficas:\u00a0<strong>Amelia Vicini, Elena Viyella<\/strong>\u00a0y\u00a0<strong>Rosa Margarita Bonetti de Santana<\/strong>, reconocidas por su trayectoria ejemplar y su influencia en el crecimiento de la industria energ\u00e9tica del pa\u00eds.<\/p>\n<p>Durante su intervenci\u00f3n, la vicepresidenta Pe\u00f1a reafirm\u00f3 el compromiso del Gobierno con la igualdad de g\u00e9nero en todos los sectores productivos y destac\u00f3 que \u201cel desarrollo energ\u00e9tico no es solo una meta t\u00e9cnica, sino una apuesta por un pa\u00eds m\u00e1s justo y competitivo.\u201d<\/p>\n<p><strong>Una plataforma con visi\u00f3n global y acci\u00f3n local<\/strong><\/p>\n<p>WEN-RD se presenta como una\u00a0<strong>plataforma multidisciplinaria<\/strong>\u00a0para mujeres en todas las \u00e1reas de la cadena de valor de la energ\u00eda: generaci\u00f3n, transmisi\u00f3n, distribuci\u00f3n, hidrocarburos, energ\u00edas renovables y miner\u00eda. Su propuesta incluye programas de mentor\u00eda, formaci\u00f3n continua, visibilidad profesional y alianzas p\u00fablico-privadas que abren nuevas oportunidades de liderazgo.<\/p>\n<p>El ministro de Energ\u00eda y Minas,\u00a0<strong>Joel Santos Echavarr\u00eda<\/strong>, expres\u00f3 durante el acto inaugural que iniciativas como WEN \u201cson fundamentales para fomentar una transici\u00f3n energ\u00e9tica justa y sostenible\u201d, destacando que la innovaci\u00f3n y la equidad deben ir de la mano en la construcci\u00f3n del futuro energ\u00e9tico del pa\u00eds.<\/p>\n<p><strong>Apoyo empresarial y proyecci\u00f3n de futuro<\/strong><\/p>\n<p>El lanzamiento fue posible gracias al respaldo de empresas l\u00edderes del sector energ\u00e9tico como\u00a0<strong>EGE Haina, AES Dominicana, Energas, Grupo Mart\u00ed<\/strong>, y otras compa\u00f1\u00edas que auspiciaron el evento en la categor\u00eda platinum. Su apoyo reafirma la creciente conciencia empresarial sobre el rol clave de la mujer en la transformaci\u00f3n de las industrias estrat\u00e9gicas.<\/p>\n<p>La junta directiva de WEN-RD est\u00e1 conformada por un equipo de destacadas profesionales:<\/p>\n<p>\u2022\u00a0<strong>Lluvia Garc\u00eda<\/strong>, presidenta<\/p>\n<p>\u2022\u00a0<strong>Rosina Hern\u00e1ndez<\/strong>, vicepresidenta<\/p>\n<p>\u2022\u00a0<strong>Katherine Cabral<\/strong>, tesorera<\/p>\n<p>\u2022\u00a0<strong>Alexandra Gartner<\/strong>, secretaria<\/p>\n<p>\u2022\u00a0<strong>Michelle Reyes<\/strong>, directora de Programas<\/p>\n<p>\u2022\u00a0<strong>Dhanneyelly Cruz<\/strong>, directora de Mercadeo y Comunicaciones<\/p>\n<p>\u2022\u00a0<strong>Pamela Luna<\/strong>, directora de Membres\u00edas<\/p>\n<p><strong>Un llamado a las futuras l\u00edderes<\/strong><\/p>\n<p>Women\u2019s Energy Network \u2013 RD ya se encuentra abierta a nuevas afiliaciones a trav\u00e9s de su sitio web y redes sociales. La membres\u00eda brinda acceso a una comunidad internacional comprometida con el empoderamiento femenino y el desarrollo sostenible del sector energ\u00e9tico.<\/p>\n<p>\u201cWEN no es solo una red profesional, es un movimiento que transforma realidades y redefine el liderazgo en un sector hist\u00f3ricamente dominado por hombres\u201d, expres\u00f3\u00a0<strong>Sally Hallingstad<\/strong>, presidenta de WEN Global.<\/p>\n<p>Con este nuevo cap\u00edtulo, la Rep\u00fablica Dominicana se alinea con los est\u00e1ndares globales de diversidad e inclusi\u00f3n en la industria energ\u00e9tica, apostando por el talento, la equidad y la innovaci\u00f3n como motores del crecimiento sostenible.<\/p>\n","protected":false},"excerpt":{"rendered":"<p>La Rep\u00fablica Dominicana marc\u00f3 un precedente en la historia del liderazgo femenino en el sector energ\u00e9tico con la presentaci\u00f3n oficial del cap\u00edtulo local de\u00a0Women\u2019s Energy Network (WEN-RD), una organizaci\u00f3n internacional&hellip; <\/p>\n","protected":false},"author":2,"featured_media":71589,"comment_status":"closed","ping_status":"closed","sticky":false,"template":"","format":"standard","meta":{"fifu_image_url":"","fifu_image_alt":"","footnotes":""},"categories":[182],"tags":[],"class_list":["post-71588","post","type-post","status-publish","format-standard","has-post-thumbnail","hentry","category-energia"],"_links":{"self":[{"href":"https:\/\/elmundodelosnegocios.com.do\/v1\/wp-json\/wp\/v2\/posts\/71588","targetHints":{"allow":["GET"]}}],"collection":[{"href":"https:\/\/elmundodelosnegocios.com.do\/v1\/wp-json\/wp\/v2\/posts"}],"about":[{"href":"https:\/\/elmundodelosnegocios.com.do\/v1\/wp-json\/wp\/v2\/types\/post"}],"author":[{"embeddable":true,"href":"https:\/\/elmundodelosnegocios.com.do\/v1\/wp-json\/wp\/v2\/users\/2"}],"replies":[{"embeddable":true,"href":"https:\/\/elmundodelosnegocios.com.do\/v1\/wp-json\/wp\/v2\/comments?post=71588"}],"version-history":[{"count":1,"href":"https:\/\/elmundodelosnegocios.com.do\/v1\/wp-json\/wp\/v2\/posts\/71588\/revisions"}],"predecessor-version":[{"id":71590,"href":"https:\/\/elmundodelosnegocios.com.do\/v1\/wp-json\/wp\/v2\/posts\/71588\/revisions\/71590"}],"wp:featuredmedia":[{"embeddable":true,"href":"https:\/\/elmundodelosnegocios.com.do\/v1\/wp-json\/wp\/v2\/media\/71589"}],"wp:attachment":[{"href":"https:\/\/elmundodelosnegocios.com.do\/v1\/wp-json\/wp\/v2\/media?parent=71588"}],"wp:term":[{"taxonomy":"category","embeddable":true,"href":"https:\/\/elmundodelosnegocios.com.do\/v1\/wp-json\/wp\/v2\/categories?post=71588"},{"taxonomy":"post_tag","embeddable":true,"href":"https:\/\/elmundodelosnegocios.com.do\/v1\/wp-json\/wp\/v2\/tags?post=71588"}],"curies":[{"name":"wp","href":"https:\/\/api.w.org\/{rel}","templated":true}]}}