{"id":71591,"date":"2025-06-21T03:15:33","date_gmt":"2025-06-21T07:45:33","guid":{"rendered":""},"modified":"2025-06-21T03:15:33","modified_gmt":"2025-06-21T07:45:33","slug":"resumen-kuwait-festeja-su-dia-nacional-en-la-expo-2025-de-osaka-con-una-muestra-impactante-de-cultura-vision-y-proposito","status":"publish","type":"post","link":"https:\/\/elmundodelosnegocios.com.do\/v1\/resumen-kuwait-festeja-su-dia-nacional-en-la-expo-2025-de-osaka-con-una-muestra-impactante-de-cultura-vision-y-proposito\/","title":{"rendered":"Resumen: Kuwait festeja su D\u00eda Nacional en la Expo 2025 de Osaka con una muestra impactante de cultura, visi\u00f3n y prop\u00f3sito"},"content":{"rendered":"<p>OSAKA, Jap\u00f3n&#8211;(BUSINESS WIRE)&#8211;El Estado de Kuwait conmemor\u00f3 su D\u00eda Nacional en la Expo 2025 de Osaka, Kansai, con un festejo que cautiv\u00f3 al p\u00fablico y consolid\u00f3 la reputaci\u00f3n creciente del pabell\u00f3n como uno de los destinos m\u00e1s atractivos del evento mundial. Durante las actividades de la jornada se dieron cita numerosos dignatarios, visitantes de la Expo y medios de comunicaci\u00f3n internacionales en un homenaje vibrante al patrimonio, la identidad y la visi\u00f3n de futuro de Kuwait.<br \/>\nSe dio inicio a las celebraciones con un desfile de m\u00e1s de 100 participantes, ataviados con trajes tradicionales, acompa\u00f1ados de m\u00fasica y coreograf\u00edas. La procesi\u00f3n atrajo a multitudes enormes por todo el recinto de la Expo, llamando la atenci\u00f3n por su energ\u00eda, colorido y autenticidad cultural.<br \/>\nEl comunicado en el idioma original es la versi\u00f3n oficial y autorizada del mismo. Esta traducci\u00f3n es solamente un medio de ayuda y deber\u00e1 ser comparada con el texto en idioma original, que es la \u00fanica versi\u00f3n del texto que tendr\u00e1 validez legal. Contacts<br \/>\nCristian Lanzanova<br \/>\ncristian@abraconsult.com<\/p>\n","protected":false},"excerpt":{"rendered":"<p>OSAKA, Jap\u00f3n&#8211;(BUSINESS WIRE)&#8211;El Estado de Kuwait conmemor\u00f3 su D\u00eda Nacional en la Expo 2025 de Osaka, Kansai, con un festejo que cautiv\u00f3 al p\u00fablico y consolid\u00f3 la reputaci\u00f3n creciente del&hellip; <\/p>\n","protected":false},"author":2,"featured_media":0,"comment_status":"closed","ping_status":"closed","sticky":false,"template":"","format":"standard","meta":{"fifu_image_url":"","fifu_image_alt":"","footnotes":""},"categories":[252],"tags":[],"class_list":["post-71591","post","type-post","status-publish","format-standard","hentry","category-business-wire"],"_links":{"self":[{"href":"https:\/\/elmundodelosnegocios.com.do\/v1\/wp-json\/wp\/v2\/posts\/71591","targetHints":{"allow":["GET"]}}],"collection":[{"href":"https:\/\/elmundodelosnegocios.com.do\/v1\/wp-json\/wp\/v2\/posts"}],"about":[{"href":"https:\/\/elmundodelosnegocios.com.do\/v1\/wp-json\/wp\/v2\/types\/post"}],"author":[{"embeddable":true,"href":"https:\/\/elmundodelosnegocios.com.do\/v1\/wp-json\/wp\/v2\/users\/2"}],"replies":[{"embeddable":true,"href":"https:\/\/elmundodelosnegocios.com.do\/v1\/wp-json\/wp\/v2\/comments?post=71591"}],"version-history":[{"count":0,"href":"https:\/\/elmundodelosnegocios.com.do\/v1\/wp-json\/wp\/v2\/posts\/71591\/revisions"}],"wp:attachment":[{"href":"https:\/\/elmundodelosnegocios.com.do\/v1\/wp-json\/wp\/v2\/media?parent=71591"}],"wp:term":[{"taxonomy":"category","embeddable":true,"href":"https:\/\/elmundodelosnegocios.com.do\/v1\/wp-json\/wp\/v2\/categories?post=71591"},{"taxonomy":"post_tag","embeddable":true,"href":"https:\/\/elmundodelosnegocios.com.do\/v1\/wp-json\/wp\/v2\/tags?post=71591"}],"curies":[{"name":"wp","href":"https:\/\/api.w.org\/{rel}","templated":true}]}}