{"id":71629,"date":"2025-06-23T09:12:21","date_gmt":"2025-06-23T13:42:21","guid":{"rendered":"https:\/\/www.elmundodelosnegocios.com.do\/v1\/?p=71629"},"modified":"2025-06-23T09:12:21","modified_gmt":"2025-06-23T13:42:21","slug":"presidente-abinader-y-ministro-collado-entregan-nuevo-malecon-de-haina-una-inversion-en-desarrollo-recreacion-y-orgullo-comunitario","status":"publish","type":"post","link":"https:\/\/elmundodelosnegocios.com.do\/v1\/presidente-abinader-y-ministro-collado-entregan-nuevo-malecon-de-haina-una-inversion-en-desarrollo-recreacion-y-orgullo-comunitario\/","title":{"rendered":"Presidente Abinader y ministro Collado entregan nuevo malec\u00f3n de Haina: una inversi\u00f3n en desarrollo, recreaci\u00f3n y orgullo comunitario"},"content":{"rendered":"<p><strong>Bajos de Haina, San Crist\u00f3bal, Rep\u00fablica Dominicana<\/strong>\u00a0\u2014 Con j\u00fabilo y una participaci\u00f3n masiva de autoridades y comunitarios, el presidente de la Rep\u00fablica, Luis Abinader, y el ministro de Turismo, David Collado, inauguraron este domingo la reconstrucci\u00f3n del malec\u00f3n de Haina, espec\u00edficamente en la Playa Los Gringos, una intervenci\u00f3n urbana que promete transformar la vida social, econ\u00f3mica y tur\u00edstica del municipio.<\/p>\n<p><a href=\"http:\/\/elmundodelosnegocios.com.do\/v1\/wp-content\/uploads\/2025\/06\/IMG_2453-scaled-1.jpeg\"><img loading=\"lazy\" decoding=\"async\" class=\"aligncenter size-full wp-image-71630\" src=\"http:\/\/elmundodelosnegocios.com.do\/v1\/wp-content\/uploads\/2025\/06\/IMG_2453-scaled-1.jpeg\" alt=\"\" width=\"2560\" height=\"1920\" srcset=\"https:\/\/elmundodelosnegocios.com.do\/v1\/wp-content\/uploads\/2025\/06\/IMG_2453-scaled-1.jpeg 2560w, https:\/\/elmundodelosnegocios.com.do\/v1\/wp-content\/uploads\/2025\/06\/IMG_2453-scaled-1-300x225.jpeg 300w, https:\/\/elmundodelosnegocios.com.do\/v1\/wp-content\/uploads\/2025\/06\/IMG_2453-scaled-1-1024x768.jpeg 1024w, https:\/\/elmundodelosnegocios.com.do\/v1\/wp-content\/uploads\/2025\/06\/IMG_2453-scaled-1-768x576.jpeg 768w, https:\/\/elmundodelosnegocios.com.do\/v1\/wp-content\/uploads\/2025\/06\/IMG_2453-scaled-1-1536x1152.jpeg 1536w, https:\/\/elmundodelosnegocios.com.do\/v1\/wp-content\/uploads\/2025\/06\/IMG_2453-scaled-1-2048x1536.jpeg 2048w\" sizes=\"auto, (max-width: 2560px) 100vw, 2560px\" \/><\/a><\/p>\n<p>Con una inversi\u00f3n cercana a los\u00a0<strong>RD$107.8 millones<\/strong>, la obra fue ejecutada por el Comit\u00e9 Ejecutor de Infraestructuras de Zonas Tur\u00edsticas (CEIZTUR) y forma parte de una estrategia m\u00e1s amplia del Gobierno dominicano para fortalecer las infraestructuras costeras y ofrecer a las comunidades espacios seguros, modernos y funcionales para el esparcimiento familiar.<\/p>\n<p><strong>Un proyecto integral al servicio del desarrollo local<\/strong><\/p>\n<p>La intervenci\u00f3n comprende\u00a0<strong>400 metros lineales de litoral reconstruido<\/strong>, que han dado paso a un parque lineal con un \u00e1rea total de\u00a0<strong>11,480 metros cuadrados<\/strong>, de los cuales\u00a0<strong>6,780 metros<\/strong>\u00a0fueron destinados a construcci\u00f3n f\u00edsica. Adem\u00e1s, se construy\u00f3 un sendero peatonal de\u00a0<strong>330 metros lineales<\/strong>, permitiendo el disfrute panor\u00e1mico y saludable de la costa.<\/p>\n<p>La obra fue dividida en dos grandes zonas: una\u00a0<strong>plaza recreativa<\/strong>, que incluye juegos infantiles, cancha de baloncesto, \u00e1reas verdes y capacidad para 63 veh\u00edculos entre autom\u00f3viles y motocicletas; y una\u00a0<strong>plaza de esparcimiento<\/strong>, destinada a eventos y actividades comerciales, equipada con m\u00f3dulos de venta, ba\u00f1os p\u00fablicos y estacionamientos adicionales. El \u00e1rea total para eventos alcanza los\u00a0<strong>1,000 metros cuadrados<\/strong>, abriendo posibilidades para espect\u00e1culos culturales y comunitarios.<\/p>\n<p>El paisajismo, la iluminaci\u00f3n, el asfaltado de v\u00edas y la instalaci\u00f3n de garitas de seguridad complementan la transformaci\u00f3n de un espacio hist\u00f3ricamente descuidado en un nuevo eje de orgullo y convivencia para los haineros.<\/p>\n<figure class=\"wp-block-image size-large\"><a href=\"https:\/\/diariosocialrd.com\/wp-content\/uploads\/2025\/06\/IMG_2454-scaled.jpeg\" data-rel=\"penci-gallery-image-content\"><img loading=\"lazy\" decoding=\"async\" class=\"wp-image-232906 aligncenter\" src=\"https:\/\/diariosocialrd.com\/wp-content\/uploads\/2025\/06\/IMG_2454-1024x768.jpeg\" sizes=\"auto, (max-width: 1024px) 100vw, 1024px\" srcset=\"https:\/\/diariosocialrd.com\/wp-content\/uploads\/2025\/06\/IMG_2454-1024x768.jpeg 1024w, https:\/\/diariosocialrd.com\/wp-content\/uploads\/2025\/06\/IMG_2454-300x225.jpeg 300w, https:\/\/diariosocialrd.com\/wp-content\/uploads\/2025\/06\/IMG_2454-768x576.jpeg 768w, https:\/\/diariosocialrd.com\/wp-content\/uploads\/2025\/06\/IMG_2454-1536x1152.jpeg 1536w, https:\/\/diariosocialrd.com\/wp-content\/uploads\/2025\/06\/IMG_2454-2048x1536.jpeg 2048w, https:\/\/diariosocialrd.com\/wp-content\/uploads\/2025\/06\/IMG_2454-1920x1440.jpeg 1920w, https:\/\/diariosocialrd.com\/wp-content\/uploads\/2025\/06\/IMG_2454-1170x878.jpeg 1170w, https:\/\/diariosocialrd.com\/wp-content\/uploads\/2025\/06\/IMG_2454-585x439.jpeg 585w\" alt=\"\" width=\"1024\" height=\"768\" \/><\/a><\/figure>\n<p><strong>Visi\u00f3n de futuro: turismo, tecnolog\u00eda y transporte<\/strong><\/p>\n<p>Durante su discurso, el presidente Abinader afirm\u00f3 que este tipo de obras no son hechos aislados, sino parte de una visi\u00f3n integrada de desarrollo. Adem\u00e1s del malec\u00f3n, mencion\u00f3 proyectos complementarios como la extensi\u00f3n del INFOTEP, la instalaci\u00f3n de un centro del ITLA (Instituto Tecnol\u00f3gico de Las Am\u00e9ricas), un nuevo parque urbano, un anfiteatro y un sistema de\u00a0<strong>telef\u00e9rico<\/strong>\u00a0proyectado para iniciar operaciones en\u00a0<strong>2027<\/strong>.<\/p>\n<p>\u201cEstas son inversiones que elevan la calidad de vida, que devuelven dignidad, y que construyen futuro\u201d, se\u00f1al\u00f3 el mandatario. Tambi\u00e9n hizo un llamado a los ciudadanos a cuidar el espacio y a convertirlo en un s\u00edmbolo de unidad: \u201cEste malec\u00f3n es para ustedes. Para sus hijos. Para su felicidad\u201d.<\/p>\n<p>Por su parte, el ministro de Turismo, David Collado, afirm\u00f3 que esta entrega responde a un antiguo clamor de la comunidad y representa un punto de inflexi\u00f3n para el municipio: \u201cHoy marcamos un antes y un despu\u00e9s en Haina. Seguimos cumpliendo nuestro compromiso de rescatar las \u00e1reas marinas y devolverle el frente costero al pueblo\u201d.<\/p>\n<p><strong>Impacto y continuidad del plan nacional de turismo comunitario<\/strong><\/p>\n<p>Desde 2022, el Ministerio de Turismo ha invertido m\u00e1s de\u00a0<strong>RD$325 millones<\/strong>\u00a0en la provincia de San Crist\u00f3bal, a trav\u00e9s de cuatro proyectos estrat\u00e9gicos, incluyendo el malec\u00f3n de Haina. Esta inversi\u00f3n evidencia un enfoque gubernamental que reconoce al turismo no solo como motor econ\u00f3mico, sino como instrumento de cohesi\u00f3n social, recuperaci\u00f3n ambiental y desarrollo regional.<\/p>\n<p><strong>Presencia institucional y respaldo pol\u00edtico<\/strong><\/p>\n<p>La inauguraci\u00f3n del malec\u00f3n cont\u00f3 con la presencia de diversas figuras del poder ejecutivo, legislativo y local, entre ellas el senador por San Crist\u00f3bal, Gustavo Lara; el presidente de la C\u00e1mara de Diputados, Alfredo Pacheco; la gobernadora Pura Casilla; el alcalde de Haina, Osvaldo Rodr\u00edguez; y representantes del cl\u00faster tur\u00edstico de la provincia.<\/p>\n<p>Para los mun\u00edcipes, el acto fue m\u00e1s que una ceremonia: fue la materializaci\u00f3n de una promesa cumplida. En palabras de una residente local, \u201cEste malec\u00f3n no es solo cemento; es esperanza, es trabajo, es vida para nuestra comunidad\u201d.<\/p>\n","protected":false},"excerpt":{"rendered":"<p>Bajos de Haina, San Crist\u00f3bal, Rep\u00fablica Dominicana\u00a0\u2014 Con j\u00fabilo y una participaci\u00f3n masiva de autoridades y comunitarios, el presidente de la Rep\u00fablica, Luis Abinader, y el ministro de Turismo, David&hellip; <\/p>\n","protected":false},"author":2,"featured_media":71630,"comment_status":"closed","ping_status":"closed","sticky":false,"template":"","format":"standard","meta":{"fifu_image_url":"","fifu_image_alt":"","footnotes":""},"categories":[172],"tags":[],"class_list":["post-71629","post","type-post","status-publish","format-standard","has-post-thumbnail","hentry","category-turismo"],"_links":{"self":[{"href":"https:\/\/elmundodelosnegocios.com.do\/v1\/wp-json\/wp\/v2\/posts\/71629","targetHints":{"allow":["GET"]}}],"collection":[{"href":"https:\/\/elmundodelosnegocios.com.do\/v1\/wp-json\/wp\/v2\/posts"}],"about":[{"href":"https:\/\/elmundodelosnegocios.com.do\/v1\/wp-json\/wp\/v2\/types\/post"}],"author":[{"embeddable":true,"href":"https:\/\/elmundodelosnegocios.com.do\/v1\/wp-json\/wp\/v2\/users\/2"}],"replies":[{"embeddable":true,"href":"https:\/\/elmundodelosnegocios.com.do\/v1\/wp-json\/wp\/v2\/comments?post=71629"}],"version-history":[{"count":1,"href":"https:\/\/elmundodelosnegocios.com.do\/v1\/wp-json\/wp\/v2\/posts\/71629\/revisions"}],"predecessor-version":[{"id":71631,"href":"https:\/\/elmundodelosnegocios.com.do\/v1\/wp-json\/wp\/v2\/posts\/71629\/revisions\/71631"}],"wp:featuredmedia":[{"embeddable":true,"href":"https:\/\/elmundodelosnegocios.com.do\/v1\/wp-json\/wp\/v2\/media\/71630"}],"wp:attachment":[{"href":"https:\/\/elmundodelosnegocios.com.do\/v1\/wp-json\/wp\/v2\/media?parent=71629"}],"wp:term":[{"taxonomy":"category","embeddable":true,"href":"https:\/\/elmundodelosnegocios.com.do\/v1\/wp-json\/wp\/v2\/categories?post=71629"},{"taxonomy":"post_tag","embeddable":true,"href":"https:\/\/elmundodelosnegocios.com.do\/v1\/wp-json\/wp\/v2\/tags?post=71629"}],"curies":[{"name":"wp","href":"https:\/\/api.w.org\/{rel}","templated":true}]}}