{"id":71635,"date":"2025-06-24T08:57:02","date_gmt":"2025-06-24T13:27:02","guid":{"rendered":"https:\/\/www.elmundodelosnegocios.com.do\/v1\/?p=71635"},"modified":"2025-06-24T08:57:02","modified_gmt":"2025-06-24T13:27:02","slug":"republica-dominicana-se-convierte-en-el-epicentro-de-la-seguridad-en-las-americas","status":"publish","type":"post","link":"https:\/\/elmundodelosnegocios.com.do\/v1\/republica-dominicana-se-convierte-en-el-epicentro-de-la-seguridad-en-las-americas\/","title":{"rendered":"Rep\u00fablica Dominicana se convierte en el epicentro de la seguridad en las Am\u00e9ricas"},"content":{"rendered":"<p dir=\"ltr\">Santo Domingo.- El pa\u00eds ser\u00e1 sede del\u00a0<strong>III Curso Presencial de la Red Interamericana de Desarrollo y Profesionalizaci\u00f3n Policial (REDPPOL),<\/strong>\u00a0desde el lunes 23 de junio hasta el 18 de julio. Con el mismo,\u00a0<strong>oficiales de polic\u00eda de m\u00e1s de 30 pa\u00edses<\/strong>\u00a0ser\u00e1n capacitados para fortalecer la\u00a0<strong>seguridad regional.<\/strong><\/p>\n<p dir=\"ltr\"><img loading=\"lazy\" decoding=\"async\" class=\"aligncenter size-full\" src=\"https:\/\/presidencia.gob.do\/sites\/default\/files\/styles\/large\/public\/news\/2025-06\/WhatsApp%20Image%202025-06-24%20at%209.20.43%20AM.jpeg?itok=1BlhjhRp\" width=\"1300\" height=\"731\" \/><\/p>\n<p dir=\"ltr\">El\u00a0<strong>Ministerio de Interior y Polic\u00eda<\/strong>, instituci\u00f3n anfitriona, explic\u00f3 que este importante curso se realiza en el marco del\u00a0<strong>compromiso<\/strong>\u00a0asumido por nuestro pa\u00eds ante la Organizaci\u00f3n de los Estados Americanos\u00a0<strong>(OEA)<\/strong>, en calidad de sede de la\u00a0<strong>Octava Reuni\u00f3n de Ministros en Materia de Seguridad P\u00fablica de las Am\u00e9ricas (MISPA VIII).\u00a0<\/strong><\/p>\n<p dir=\"ltr\">Signific\u00f3 que esto ayuda a identificar vulnerabilidades operativas y resaltar\u00a0<strong>oportunidades de mejora y profesionalizaci\u00f3n policial,\u00a0<\/strong>como uno de los pilares de esta gesti\u00f3n, al igual que el\u00a0<strong>intercambio de experiencias<\/strong>\u00a0en el \u00e1mbito pr\u00e1ctico y operativo de los agentes.<\/p>\n<p><img loading=\"lazy\" decoding=\"async\" src=\"https:\/\/presidencia.gob.do\/sites\/default\/files\/inline-images\/FOTO%201%20REDPPOL.jpg\" width=\"4160\" height=\"1356\" data-entity-uuid=\"2f0202de-a61d-4c62-bcd5-c690aacc5de3\" data-entity-type=\"file\" \/><\/p>\n<p dir=\"ltr\">Esta red apoya a las\u00a0<strong>fuerzas policiales<\/strong>\u00a0de los\u00a0 miembros de la Organizaci\u00f3n de Estados Americanos (OEA) mediante la formaci\u00f3n y capacitaci\u00f3n,va la vez que fomenta el intercambio de experiencias, la transferencia de conocimientos y la adopci\u00f3n de\u00a0<strong>buenas pr\u00e1cticas en su ejercicio.\u00a0<\/strong><\/p>\n<p dir=\"ltr\">A trav\u00e9s de esta iniciativa se consolida la cooperaci\u00f3n entre instituciones policiales del hemisferio, con la garant\u00eda de una\u00a0<strong>certificaci\u00f3n en Gesti\u00f3n Policial de Excelencia<\/strong>,\u00a0 basada en el\u00a0<strong>Sistema de Gesti\u00f3n de Calidad.<\/strong><\/p>\n<p>La actividad requiere que los oficiales de polic\u00eda de los Estados participantes cuenten, durante su estad\u00eda, con\u00a0<strong>est\u00e1ndares de seguridad y accesibilidad<\/strong>\u00a0a las sedes del\u00a0<strong>Palacio de la Polic\u00eda Nacional y del Ministerio de Interior y Polic\u00eda<\/strong>, con la finalidad de realizar las\u00a0<strong>sesiones de trabajo simult\u00e1neas.<\/strong><\/p>\n","protected":false},"excerpt":{"rendered":"<p>Santo Domingo.- El pa\u00eds ser\u00e1 sede del\u00a0III Curso Presencial de la Red Interamericana de Desarrollo y Profesionalizaci\u00f3n Policial (REDPPOL),\u00a0desde el lunes 23 de junio hasta el 18 de julio. Con&hellip; <\/p>\n","protected":false},"author":2,"featured_media":71636,"comment_status":"closed","ping_status":"closed","sticky":false,"template":"","format":"standard","meta":{"fifu_image_url":"https:\/\/presidencia.gob.do\/sites\/default\/files\/styles\/large\/public\/news\/2025-06\/WhatsApp%20Image%202025-06-24%20at%209.20.43%20AM.jpeg?itok=1BlhjhRp","fifu_image_alt":"","footnotes":""},"categories":[86],"tags":[],"class_list":["post-71635","post","type-post","status-publish","format-standard","has-post-thumbnail","hentry","category-seguridad"],"_links":{"self":[{"href":"https:\/\/elmundodelosnegocios.com.do\/v1\/wp-json\/wp\/v2\/posts\/71635","targetHints":{"allow":["GET"]}}],"collection":[{"href":"https:\/\/elmundodelosnegocios.com.do\/v1\/wp-json\/wp\/v2\/posts"}],"about":[{"href":"https:\/\/elmundodelosnegocios.com.do\/v1\/wp-json\/wp\/v2\/types\/post"}],"author":[{"embeddable":true,"href":"https:\/\/elmundodelosnegocios.com.do\/v1\/wp-json\/wp\/v2\/users\/2"}],"replies":[{"embeddable":true,"href":"https:\/\/elmundodelosnegocios.com.do\/v1\/wp-json\/wp\/v2\/comments?post=71635"}],"version-history":[{"count":1,"href":"https:\/\/elmundodelosnegocios.com.do\/v1\/wp-json\/wp\/v2\/posts\/71635\/revisions"}],"predecessor-version":[{"id":71637,"href":"https:\/\/elmundodelosnegocios.com.do\/v1\/wp-json\/wp\/v2\/posts\/71635\/revisions\/71637"}],"wp:featuredmedia":[{"embeddable":true,"href":"https:\/\/elmundodelosnegocios.com.do\/v1\/wp-json\/wp\/v2\/media\/71636"}],"wp:attachment":[{"href":"https:\/\/elmundodelosnegocios.com.do\/v1\/wp-json\/wp\/v2\/media?parent=71635"}],"wp:term":[{"taxonomy":"category","embeddable":true,"href":"https:\/\/elmundodelosnegocios.com.do\/v1\/wp-json\/wp\/v2\/categories?post=71635"},{"taxonomy":"post_tag","embeddable":true,"href":"https:\/\/elmundodelosnegocios.com.do\/v1\/wp-json\/wp\/v2\/tags?post=71635"}],"curies":[{"name":"wp","href":"https:\/\/api.w.org\/{rel}","templated":true}]}}