{"id":71638,"date":"2025-06-24T09:00:14","date_gmt":"2025-06-24T13:30:14","guid":{"rendered":"https:\/\/www.elmundodelosnegocios.com.do\/v1\/?p=71638"},"modified":"2025-06-24T09:00:14","modified_gmt":"2025-06-24T13:30:14","slug":"el-canciller-roberto-alvarez-participara-en-la-55-a-asamblea-general-de-la-oea-en-antigua-y-barbuda","status":"publish","type":"post","link":"https:\/\/elmundodelosnegocios.com.do\/v1\/el-canciller-roberto-alvarez-participara-en-la-55-a-asamblea-general-de-la-oea-en-antigua-y-barbuda\/","title":{"rendered":"El canciller Roberto \u00c1lvarez participar\u00e1 en la 55. \u00aa Asamblea General de la OEA en Antigua y Barbuda"},"content":{"rendered":"<p>Santo Domingo. \u2013 El\u00a0<strong>Ministerio de Relaciones Exteriores<\/strong>\u00a0(Mirex) inform\u00f3 que el\u00a0<strong>canciller<\/strong>\u00a0<strong>Roberto \u00c1lvarez<\/strong>\u00a0viajar\u00e1 a\u00a0<strong>Antigua y Barbuda,<\/strong>\u00a0donde participar\u00e1 en el 55. \u00ba Per\u00edodo Ordinario de Sesiones de la\u00a0<strong>Asamblea General de la Organizaci\u00f3n de los Estados Americanos<\/strong>\u00a0(OEA), a realizarse\u00a0<strong>del 25 al 27 de junio<\/strong>\u00a0bajo el lema \u201c<strong>Construyendo econom\u00edas resilientes e inclusivas en las Am\u00e9ricas\u201d.\u00a0<\/strong><\/p>\n<p><img loading=\"lazy\" decoding=\"async\" class=\"aligncenter size-full\" src=\"https:\/\/presidencia.gob.do\/sites\/default\/files\/styles\/large\/public\/news\/2025-06\/IMG_6554.jpeg?itok=nwZO3lR7\" width=\"1300\" height=\"731\" \/><\/p>\n<p>Durante su participaci\u00f3n en esta Asamblea, el ministro \u00c1lvarez agotar\u00e1 su turno en nombre del\u00a0<strong>Estado dominicano<\/strong>\u00a0ante la\u00a0<strong>plenaria de ministros de Relaciones Exteriores<\/strong>\u00a0participantes, donde, entre otros temas, insistir\u00e1 a la comunidad internacional sobre la importancia de\u00a0<strong>cumplir los compromisos<\/strong>\u00a0asumidos para\u00a0<strong>ayudar a Hait\u00ed<\/strong>\u00a0ante el agravamiento de la crisis que le afecta y\u00a0<strong>amenaza la seguridad<\/strong>\u00a0de la Rep\u00fablica Dominicana y la regi\u00f3n.<\/p>\n<p>El canciller \u00c1lvarez tambi\u00e9n resaltar\u00e1 la relevancia de los preparativos de la pr\u00f3xima\u00a0<strong>Reuni\u00f3n de Ministros en Materia de Seguridad P\u00fablica de las Am\u00e9ricas<\/strong>\u00a0(MISPA VIII), que se celebrar\u00e1 los d\u00edas\u00a0<strong>16 y 17 de julio<\/strong>\u00a0en Santiago de los Caballeros. Esta reuni\u00f3n, que contar\u00e1 con la participaci\u00f3n de altas\u00a0<strong>autoridades de seguridad del continente,<\/strong>\u00a0ser\u00e1 una plataforma clave para impulsar un enfoque integral de la\u00a0<strong>seguridad ciudadana,<\/strong>\u00a0destacando la importancia de la reforma policial como eje central para fortalecer la\u00a0<strong>seguridad p\u00fablica en la regi\u00f3n<\/strong>.<\/p>\n<p>Asimismo, como parte de su agenda, y dado que la Rep\u00fablica Dominicana ostenta la\u00a0<strong>Presidencia Pro T\u00e9mpore<\/strong>\u00a0del Proceso de Cumbres de las Am\u00e9ricas, el canciller Roberto \u00c1lvarez encabezar\u00e1 la segunda reuni\u00f3n ministerial del\u00a0<strong>Grupo de Revisi\u00f3n de la Implementaci\u00f3n de Cumbres<\/strong>\u00a0(GRIC), a la cual son convocados los ministros de Relaciones Exteriores y jefes de delegaci\u00f3n de los Estados miembros, a intercambiar perspectivas sobre los temas prioritarios que guiar\u00e1n los trabajos de la\u00a0<strong>X Cumbre,<\/strong>\u00a0que se celebrar\u00e1 en\u00a0<strong>Punta Cana<\/strong>\u00a0a finales de este a\u00f1o, bajo el lema<strong>\u00a0\u201cConstruyendo un hemisferio seguro, sostenible y de prosperidad compartida\u201d.<\/strong><\/p>\n<p>Por su parte, el embajador\u00a0<strong>Rub\u00e9n Sili\u00e9,<\/strong>\u00a0viceministro para Asuntos de Pol\u00edtica Exterior Multilateral, representar\u00e1 al canciller Roberto \u00c1lvarez, como panelista en el evento paralelo que organiza el Gobierno de la isla con la Organizaci\u00f3n Panamericana de la Salud\u00a0<strong>(OPS)<\/strong>\u00a0\u201cUnir a la Regi\u00f3n de las Am\u00e9ricas en pro de la salud mental: del compromiso a la acci\u00f3n\u201d, que se realizar\u00e1<strong>\u00a0el 25 de junio.<\/strong>\u00a0Este evento tiene como prop\u00f3sito establecer una discusi\u00f3n entre las altas autoridades all\u00ed presente, con el fin de\u00a0<strong>aprovechar el liderazgo regional<\/strong>\u00a0y determinar perspectivas comunes para avanzar en la salud mental de cara a la cuarta reuni\u00f3n de alto nivel de la Asamblea General de las Naciones Unidas sobre la\u00a0<strong>prevenci\u00f3n y el control<\/strong>\u00a0de las enfermedades no transmisibles y la promoci\u00f3n de la\u00a0<strong>salud mental y el bienestar.\u00a0<\/strong><\/p>\n<p>En el marco de su agenda, el canciller Roberto \u00c1lvarez tambi\u00e9n participar\u00e1 en reuniones con el secretario general de la OEA,\u00a0<strong>Albert Ramdin<\/strong>, y el secretario general adjunto,\u00a0<strong>N\u00e9stor M\u00e9ndez<\/strong>, con los pa\u00edses de Am\u00e9rica Central.<\/p>\n<p>Durante este viaje, el ministro \u00c1lvarez estar\u00e1 acompa\u00f1ado del viceministro para Asuntos de Pol\u00edtica Exterior Multilateral y coordinador nacional del Proceso de Cumbres,\u00a0<strong>embajador Rub\u00e9n Sili\u00e9;<\/strong>\u00a0la representante permanente dominicana ante la OEA y coordinadora nacional adjunta del Proceso de Cumbres, embajadora\u00a0<strong>Mayerlyn Cordero D\u00edaz<\/strong>; la embajadora dominicana en Antigua y Barbuda,\u00a0<strong>Yolanda Alexandra Victoria<\/strong>; as\u00ed como directores y otros funcionarios del Mirex.<\/p>\n","protected":false},"excerpt":{"rendered":"<p>Santo Domingo. \u2013 El\u00a0Ministerio de Relaciones Exteriores\u00a0(Mirex) inform\u00f3 que el\u00a0canciller\u00a0Roberto \u00c1lvarez\u00a0viajar\u00e1 a\u00a0Antigua y Barbuda,\u00a0donde participar\u00e1 en el 55. \u00ba Per\u00edodo Ordinario de Sesiones de la\u00a0Asamblea General de la Organizaci\u00f3n de&hellip; <\/p>\n","protected":false},"author":2,"featured_media":71639,"comment_status":"closed","ping_status":"closed","sticky":false,"template":"","format":"standard","meta":{"fifu_image_url":"https:\/\/presidencia.gob.do\/sites\/default\/files\/styles\/large\/public\/news\/2025-06\/IMG_6554.jpeg?itok=nwZO3lR7","fifu_image_alt":"","footnotes":""},"categories":[235],"tags":[],"class_list":["post-71638","post","type-post","status-publish","format-standard","has-post-thumbnail","hentry","category-politica-exterior"],"_links":{"self":[{"href":"https:\/\/elmundodelosnegocios.com.do\/v1\/wp-json\/wp\/v2\/posts\/71638","targetHints":{"allow":["GET"]}}],"collection":[{"href":"https:\/\/elmundodelosnegocios.com.do\/v1\/wp-json\/wp\/v2\/posts"}],"about":[{"href":"https:\/\/elmundodelosnegocios.com.do\/v1\/wp-json\/wp\/v2\/types\/post"}],"author":[{"embeddable":true,"href":"https:\/\/elmundodelosnegocios.com.do\/v1\/wp-json\/wp\/v2\/users\/2"}],"replies":[{"embeddable":true,"href":"https:\/\/elmundodelosnegocios.com.do\/v1\/wp-json\/wp\/v2\/comments?post=71638"}],"version-history":[{"count":1,"href":"https:\/\/elmundodelosnegocios.com.do\/v1\/wp-json\/wp\/v2\/posts\/71638\/revisions"}],"predecessor-version":[{"id":71640,"href":"https:\/\/elmundodelosnegocios.com.do\/v1\/wp-json\/wp\/v2\/posts\/71638\/revisions\/71640"}],"wp:featuredmedia":[{"embeddable":true,"href":"https:\/\/elmundodelosnegocios.com.do\/v1\/wp-json\/wp\/v2\/media\/71639"}],"wp:attachment":[{"href":"https:\/\/elmundodelosnegocios.com.do\/v1\/wp-json\/wp\/v2\/media?parent=71638"}],"wp:term":[{"taxonomy":"category","embeddable":true,"href":"https:\/\/elmundodelosnegocios.com.do\/v1\/wp-json\/wp\/v2\/categories?post=71638"},{"taxonomy":"post_tag","embeddable":true,"href":"https:\/\/elmundodelosnegocios.com.do\/v1\/wp-json\/wp\/v2\/tags?post=71638"}],"curies":[{"name":"wp","href":"https:\/\/api.w.org\/{rel}","templated":true}]}}