{"id":71641,"date":"2025-06-24T09:07:50","date_gmt":"2025-06-24T13:37:50","guid":{"rendered":"https:\/\/www.elmundodelosnegocios.com.do\/v1\/?p=71641"},"modified":"2025-06-24T09:07:50","modified_gmt":"2025-06-24T13:37:50","slug":"trazan-hoja-de-ruta-para-desarrollar-seguros-para-personas-vulnerables-en-la-republica-dominicana","status":"publish","type":"post","link":"https:\/\/elmundodelosnegocios.com.do\/v1\/trazan-hoja-de-ruta-para-desarrollar-seguros-para-personas-vulnerables-en-la-republica-dominicana\/","title":{"rendered":"Trazan hoja de ruta para desarrollar seguros para personas vulnerables en la Rep\u00fablica Dominicana"},"content":{"rendered":"<p>Santo Domingo.- Con el objetivo de\u00a0<strong>fortalecer y contribuir<\/strong>\u00a0con la\u00a0<strong>resiliencia<\/strong>\u00a0de las personas m\u00e1s vulnerables ante\u00a0<strong>fen\u00f3menos clim\u00e1ticos extremos<\/strong>, actores del sector\u00a0<strong>p\u00fablico, privado y organismos internacionales<\/strong>\u00a0implementar\u00e1n un proyecto piloto de\u00a0<strong>seguro param\u00e9trico<\/strong>. Este producto de transferencia de riesgos cubrir\u00e1 los riesgos de\u00a0<strong>sequ\u00eda, viento y lluvias intensas<\/strong>\u00a0a\u00a0<strong>10,000 jefes y jefas de hogar<\/strong>\u00a0beneficiarias del\u00a0<strong>programa Sup\u00e9rate,<\/strong>\u00a0para la temporada cicl\u00f3nica del 2026.<\/p>\n<p><a href=\"http:\/\/elmundodelosnegocios.com.do\/v1\/wp-content\/uploads\/2025\/06\/0.jpg\"><img loading=\"lazy\" decoding=\"async\" class=\"aligncenter size-full wp-image-71642\" src=\"http:\/\/elmundodelosnegocios.com.do\/v1\/wp-content\/uploads\/2025\/06\/0.jpg\" alt=\"\" width=\"800\" height=\"450\" srcset=\"https:\/\/elmundodelosnegocios.com.do\/v1\/wp-content\/uploads\/2025\/06\/0.jpg 800w, https:\/\/elmundodelosnegocios.com.do\/v1\/wp-content\/uploads\/2025\/06\/0-300x169.jpg 300w, https:\/\/elmundodelosnegocios.com.do\/v1\/wp-content\/uploads\/2025\/06\/0-768x432.jpg 768w\" sizes=\"auto, (max-width: 800px) 100vw, 800px\" \/><\/a><\/p>\n<p>La iniciativa, titulada \u201c<strong>Seguro param\u00e9trico para poblaci\u00f3n vulnerable en Rep\u00fablica Dominicana\u201d,<\/strong>\u00a0cuenta con el respaldo del InsuResilience Solutions Fund (ISF), una plataforma global apoyada por\u00a0<strong>m\u00e1s de 120 miembros<\/strong>\u00a0de Gobiernos, sector privado, academia, sociedad civil y organizaciones internacionales. Financiado por el\u00a0<strong>Ministerio Federal de Cooperaci\u00f3n Econ\u00f3mica y Desarrollo de Alemania<\/strong>\u00a0(BMZ), el fondo ha sido creado para apoyar el desarrollo de productos innovadores de\u00a0<strong>seguros contra riesgos clim\u00e1ticos<\/strong>, y contribuir a aumentar la capacidad de los pa\u00edses en desarrollo para adaptarse al\u00a0<strong>cambio clim\u00e1tico<\/strong>. Para los fines de este proyecto, el\u00a0<strong>Gobierno de Alemania<\/strong>\u00a0ha destinado\u00a0<strong>1 mill\u00f3n de euros<\/strong>\u00a0para el dise\u00f1o, desarrollo e implementaci\u00f3n del proyecto en la Rep\u00fablica Dominicana.<\/p>\n<p>Este instrumento ser\u00e1 desarrollado en estrecha coordinaci\u00f3n con Sup\u00e9rate, miembros del\u00a0<strong>Insurance Development Forum<\/strong>, conformado por Guy Carpenter Mexico, AXA Climate, Blue Marble, and Celsius Pro y Seguros Reservas, con la facilitaci\u00f3n y asistencia t\u00e9cnica del\u00a0<strong>Programa de las Naciones Unidas para el Desarrollo<\/strong>\u00a0(PNUD). El IDF y Seguros Reservas se unen en una alianza para la implementaci\u00f3n de este proyecto piloto, siendo\u00a0<strong>Seguros Reservas<\/strong>\u00a0la instituci\u00f3n local que estar\u00e1 contribuyendo de forma t\u00e9cnica con la distribuci\u00f3n del instrumento.<\/p>\n<p><img loading=\"lazy\" decoding=\"async\" class=\"aligncenter\" src=\"https:\/\/presidencia.gob.do\/sites\/default\/files\/inline-images\/IMG_6544.jpeg\" width=\"1170\" height=\"750\" data-entity-uuid=\"19d27237-a3ee-4399-b247-731bce2918cd\" data-entity-type=\"file\" \/><\/p>\n<p>Estas acciones contribuyen a la visi\u00f3n pa\u00eds de\u00a0<strong>protecci\u00f3n social adaptativa,<\/strong>\u00a0desarrollando un producto de transferencia de riesgos orientado a\u00a0<strong>poblaciones vulnerables<\/strong>\u00a0y tambi\u00e9n forma parte de la\u00a0<strong>oferta de protecci\u00f3n social<\/strong>\u00a0del PNUD.<\/p>\n<p>Estos esfuerzos son parte de la iniciativa global sobre\u00a0<strong>Financiamiento de Riesgos y Seguros<\/strong>\u00a0(IRFF) del PNUD, en el marco de un acuerdo tripartito donde el PNUD, el Gobierno de Alemania y el Insurance Development Forum se unieron para trabajar en\u00a0<strong>soluciones de seguros<\/strong>\u00a0en 20 pa\u00edses y la Rep\u00fablica Dominicana es uno de ellos. Esta alianza tiene el objetivo de fomentar los seguros como mecanismo para\u00a0<strong>proteger los logros de desarrollo<\/strong>\u00a0y fomentar la\u00a0<strong>resiliencia<\/strong>\u00a0en un contexto incierto.<\/p>\n<p>En el marco de la colaboraci\u00f3n entre la\u00a0<strong>Superintendencia de Seguros y el PNUD<\/strong>, se estar\u00e1 contribuyendo al desarrollo de capacidades t\u00e9cnicas a nivel institucional a trav\u00e9s de\u00a0<strong>asistencia t\u00e9cnica e intercambio de experiencias<\/strong>\u00a0con hom\u00f3logos regionales sobre las soluciones de seguros param\u00e9tricas.<\/p>\n<p>La iniciativa fue dada a conocer en un encuentro liderado por\u00a0<strong>Gloria Reyes,<\/strong>\u00a0directora general de Sup\u00e9rate, y en el que participaron\u00a0<strong>Maike Friedrichsen<\/strong>, embajadora de Alemania;\u00a0<strong>Julio C\u00e9sar Valent\u00edn<\/strong>, superintendente de seguros;\u00a0<strong>Augusto de los Santos<\/strong>, director general del Siuben;\u00a0<strong>Alfredo Hernman Honsberg,<\/strong>\u00a0CEO de Guy Carpenter M\u00e9xico;\u00a0<strong>Nelson Arroyo,<\/strong>\u00a0vicepresidente ejecutivo de Seguros Reservas;\u00a0<strong>Ana Mar\u00eda D\u00edaz,<\/strong>\u00a0representante residente del PNUD, y representantes del sector privado y p\u00fablico como Blue Marble, Celsius Pro, el Ministerio de Medio Ambiente y el Ministerio de Agricultura.<\/p>\n","protected":false},"excerpt":{"rendered":"<p>Santo Domingo.- Con el objetivo de\u00a0fortalecer y contribuir\u00a0con la\u00a0resiliencia\u00a0de las personas m\u00e1s vulnerables ante\u00a0fen\u00f3menos clim\u00e1ticos extremos, actores del sector\u00a0p\u00fablico, privado y organismos internacionales\u00a0implementar\u00e1n un proyecto piloto de\u00a0seguro param\u00e9trico. Este producto&hellip; <\/p>\n","protected":false},"author":2,"featured_media":71642,"comment_status":"closed","ping_status":"closed","sticky":false,"template":"","format":"standard","meta":{"fifu_image_url":"","fifu_image_alt":"","footnotes":""},"categories":[89],"tags":[],"class_list":["post-71641","post","type-post","status-publish","format-standard","has-post-thumbnail","hentry","category-seguros"],"_links":{"self":[{"href":"https:\/\/elmundodelosnegocios.com.do\/v1\/wp-json\/wp\/v2\/posts\/71641","targetHints":{"allow":["GET"]}}],"collection":[{"href":"https:\/\/elmundodelosnegocios.com.do\/v1\/wp-json\/wp\/v2\/posts"}],"about":[{"href":"https:\/\/elmundodelosnegocios.com.do\/v1\/wp-json\/wp\/v2\/types\/post"}],"author":[{"embeddable":true,"href":"https:\/\/elmundodelosnegocios.com.do\/v1\/wp-json\/wp\/v2\/users\/2"}],"replies":[{"embeddable":true,"href":"https:\/\/elmundodelosnegocios.com.do\/v1\/wp-json\/wp\/v2\/comments?post=71641"}],"version-history":[{"count":1,"href":"https:\/\/elmundodelosnegocios.com.do\/v1\/wp-json\/wp\/v2\/posts\/71641\/revisions"}],"predecessor-version":[{"id":71643,"href":"https:\/\/elmundodelosnegocios.com.do\/v1\/wp-json\/wp\/v2\/posts\/71641\/revisions\/71643"}],"wp:featuredmedia":[{"embeddable":true,"href":"https:\/\/elmundodelosnegocios.com.do\/v1\/wp-json\/wp\/v2\/media\/71642"}],"wp:attachment":[{"href":"https:\/\/elmundodelosnegocios.com.do\/v1\/wp-json\/wp\/v2\/media?parent=71641"}],"wp:term":[{"taxonomy":"category","embeddable":true,"href":"https:\/\/elmundodelosnegocios.com.do\/v1\/wp-json\/wp\/v2\/categories?post=71641"},{"taxonomy":"post_tag","embeddable":true,"href":"https:\/\/elmundodelosnegocios.com.do\/v1\/wp-json\/wp\/v2\/tags?post=71641"}],"curies":[{"name":"wp","href":"https:\/\/api.w.org\/{rel}","templated":true}]}}