{"id":71644,"date":"2025-06-24T09:13:14","date_gmt":"2025-06-24T13:43:14","guid":{"rendered":"https:\/\/www.elmundodelosnegocios.com.do\/v1\/?p=71644"},"modified":"2025-06-24T09:13:14","modified_gmt":"2025-06-24T13:43:14","slug":"banco-popular-disena-con-sus-clientes-pymes-soluciones-para-su-crecimiento","status":"publish","type":"post","link":"https:\/\/elmundodelosnegocios.com.do\/v1\/banco-popular-disena-con-sus-clientes-pymes-soluciones-para-su-crecimiento\/","title":{"rendered":"Banco Popular dise\u00f1a con sus clientes pymes soluciones para su crecimiento"},"content":{"rendered":"<h2><span class=\"ms-rteFontSize-3\">Celebr\u00f3 el primer encuentro de cocreaci\u00f3n \u201cImpulso al \u00c9xito Pyme\u00bb junto a empresarios y emprendedores<\/span><\/h2>\n<p>\u200b<a href=\"http:\/\/elmundodelosnegocios.com.do\/v1\/wp-content\/uploads\/2025\/06\/BPD-slider-AND03453.jpg\"><img loading=\"lazy\" decoding=\"async\" class=\"aligncenter size-full wp-image-71645\" src=\"http:\/\/elmundodelosnegocios.com.do\/v1\/wp-content\/uploads\/2025\/06\/BPD-slider-AND03453.jpg\" alt=\"\" width=\"850\" height=\"450\" srcset=\"https:\/\/elmundodelosnegocios.com.do\/v1\/wp-content\/uploads\/2025\/06\/BPD-slider-AND03453.jpg 850w, https:\/\/elmundodelosnegocios.com.do\/v1\/wp-content\/uploads\/2025\/06\/BPD-slider-AND03453-300x159.jpg 300w, https:\/\/elmundodelosnegocios.com.do\/v1\/wp-content\/uploads\/2025\/06\/BPD-slider-AND03453-768x407.jpg 768w\" sizes=\"auto, (max-width: 850px) 100vw, 850px\" \/><\/a><\/p>\n<p>Santo Domingo, R.D. \u2013 El Banco Popular Dominicano llev\u00f3 a cabo la primera edici\u00f3n de \u201cImpulso al \u00c9xito Pyme\u00bb, una jornada de cocreaci\u00f3n con sus clientes del segmento pyme, orientada a identificar y desarrollar junto a ellos las mejores soluciones para impulsar el crecimiento de los peque\u00f1os y medianos empresarios.<\/p>\n<p><a href=\"http:\/\/elmundodelosnegocios.com.do\/v1\/wp-content\/uploads\/2025\/06\/BPD-slider-AND03493.jpg\"><img loading=\"lazy\" decoding=\"async\" class=\"aligncenter size-full wp-image-71646\" src=\"http:\/\/elmundodelosnegocios.com.do\/v1\/wp-content\/uploads\/2025\/06\/BPD-slider-AND03493.jpg\" alt=\"\" width=\"850\" height=\"450\" srcset=\"https:\/\/elmundodelosnegocios.com.do\/v1\/wp-content\/uploads\/2025\/06\/BPD-slider-AND03493.jpg 850w, https:\/\/elmundodelosnegocios.com.do\/v1\/wp-content\/uploads\/2025\/06\/BPD-slider-AND03493-300x159.jpg 300w, https:\/\/elmundodelosnegocios.com.do\/v1\/wp-content\/uploads\/2025\/06\/BPD-slider-AND03493-768x407.jpg 768w\" sizes=\"auto, (max-width: 850px) 100vw, 850px\" \/><\/a><\/p>\n<p>La actividad reuni\u00f3 a representantes de pymes de diversos sectores que son clientes del Banco Popular. Junto a ejecutivos y especialistas de la organizaci\u00f3n financiera, participaron en mesas de trabajo, en las que se abordaron sus necesidades operativas, retos de crecimiento y oportunidades de digitalizaci\u00f3n, con el objetivo de cocrear productos financieros y servicios de acompa\u00f1amiento que respondan a la realidad del segmento.<\/p>\n<p><a href=\"http:\/\/elmundodelosnegocios.com.do\/v1\/wp-content\/uploads\/2025\/06\/BPD-slider-AND03865.jpg\"><img loading=\"lazy\" decoding=\"async\" class=\"aligncenter size-full wp-image-71647\" src=\"http:\/\/elmundodelosnegocios.com.do\/v1\/wp-content\/uploads\/2025\/06\/BPD-slider-AND03865.jpg\" alt=\"\" width=\"850\" height=\"450\" srcset=\"https:\/\/elmundodelosnegocios.com.do\/v1\/wp-content\/uploads\/2025\/06\/BPD-slider-AND03865.jpg 850w, https:\/\/elmundodelosnegocios.com.do\/v1\/wp-content\/uploads\/2025\/06\/BPD-slider-AND03865-300x159.jpg 300w, https:\/\/elmundodelosnegocios.com.do\/v1\/wp-content\/uploads\/2025\/06\/BPD-slider-AND03865-768x407.jpg 768w\" sizes=\"auto, (max-width: 850px) 100vw, 850px\" \/><\/a><\/p>\n<p>En la apertura del evento, el vicepresidente ejecutivo de Negocios Personales y Sucursales del Popular, se\u00f1or Francisco Ram\u00edrez, explic\u00f3 que esta propuesta de valor para las pymes busca ir m\u00e1s all\u00e1 del financiamiento tradicional, integrando orientaci\u00f3n, formaci\u00f3n y apoyo t\u00e9cnico desde las sucursales.<\/p>\n<p><a href=\"http:\/\/elmundodelosnegocios.com.do\/v1\/wp-content\/uploads\/2025\/06\/BPD-slider-AND04084.jpg\"><img loading=\"lazy\" decoding=\"async\" class=\"aligncenter size-full wp-image-71648\" src=\"http:\/\/elmundodelosnegocios.com.do\/v1\/wp-content\/uploads\/2025\/06\/BPD-slider-AND04084.jpg\" alt=\"\" width=\"850\" height=\"450\" srcset=\"https:\/\/elmundodelosnegocios.com.do\/v1\/wp-content\/uploads\/2025\/06\/BPD-slider-AND04084.jpg 850w, https:\/\/elmundodelosnegocios.com.do\/v1\/wp-content\/uploads\/2025\/06\/BPD-slider-AND04084-300x159.jpg 300w, https:\/\/elmundodelosnegocios.com.do\/v1\/wp-content\/uploads\/2025\/06\/BPD-slider-AND04084-768x407.jpg 768w\" sizes=\"auto, (max-width: 850px) 100vw, 850px\" \/><\/a><\/p>\n<p>\u201cNos entusiasma escucharlos, acompa\u00f1arlos, aprender de sus experiencias y colaborar activamente en el fortalecimiento de esa red viva de peque\u00f1as y medianas empresas que cada d\u00eda empujan a nuestro pa\u00eds hacia adelante\u00bb, afirm\u00f3 el se\u00f1or Ram\u00edrez.<\/p>\n<p>Seg\u00fan datos compartidos durante esta jornada de cocreaci\u00f3n, en 2024 la cartera de apoyo del Banco Popular al sector pyme super\u00f3 los RD$110,000 millones, lo que representa cerca del 30% del mercado. En tanto, m\u00e1s de 75,000 empresas mantienen relaciones comerciales con la entidad bancaria.<\/p>\n<p>Adem\u00e1s, a trav\u00e9s de la plataforma Impulsa Popular, el banco ha impactado a miles de emprendedores con productos, servicios, contenido educativo y programas dise\u00f1ados para fomentar la transformaci\u00f3n digital de sus negocios, su desarrollo empresarial y la conexi\u00f3n con sus consumidores finales.<\/p>\n<p><strong>De la teor\u00eda a la pr\u00e1ctica: un espacio de cocreaci\u00f3n<\/strong><\/p>\n<p>Esta primera edici\u00f3n de \u201cImpulso al \u00c9xito Pyme\u00bb incluy\u00f3 una agenda din\u00e1mica y participativa, con presentaciones sobre tendencias de mercado, creatividad y liderazgo empresarial. Se foment\u00f3 el intercambio de experiencias, la retroalimentaci\u00f3n colectiva y la generaci\u00f3n de ideas aplicables al segmento, con \u00e9nfasis en digitalizaci\u00f3n, eficiencia operativa y conexi\u00f3n con los clientes.<\/p>\n<p>La actividad concluy\u00f3 con una plenaria donde se compartieron los principales aportes y se reafirm\u00f3 el compromiso del banco como un catalizador para el desarrollo del sector pyme en el pa\u00eds.<\/p>\n","protected":false},"excerpt":{"rendered":"<p>Celebr\u00f3 el primer encuentro de cocreaci\u00f3n \u201cImpulso al \u00c9xito Pyme\u00bb junto a empresarios y emprendedores \u200b Santo Domingo, R.D. \u2013 El Banco Popular Dominicano llev\u00f3 a cabo la primera edici\u00f3n&hellip; <\/p>\n","protected":false},"author":2,"featured_media":71645,"comment_status":"closed","ping_status":"closed","sticky":false,"template":"","format":"standard","meta":{"fifu_image_url":"","fifu_image_alt":"","footnotes":""},"categories":[180],"tags":[],"class_list":["post-71644","post","type-post","status-publish","format-standard","has-post-thumbnail","hentry","category-banca"],"_links":{"self":[{"href":"https:\/\/elmundodelosnegocios.com.do\/v1\/wp-json\/wp\/v2\/posts\/71644","targetHints":{"allow":["GET"]}}],"collection":[{"href":"https:\/\/elmundodelosnegocios.com.do\/v1\/wp-json\/wp\/v2\/posts"}],"about":[{"href":"https:\/\/elmundodelosnegocios.com.do\/v1\/wp-json\/wp\/v2\/types\/post"}],"author":[{"embeddable":true,"href":"https:\/\/elmundodelosnegocios.com.do\/v1\/wp-json\/wp\/v2\/users\/2"}],"replies":[{"embeddable":true,"href":"https:\/\/elmundodelosnegocios.com.do\/v1\/wp-json\/wp\/v2\/comments?post=71644"}],"version-history":[{"count":1,"href":"https:\/\/elmundodelosnegocios.com.do\/v1\/wp-json\/wp\/v2\/posts\/71644\/revisions"}],"predecessor-version":[{"id":71649,"href":"https:\/\/elmundodelosnegocios.com.do\/v1\/wp-json\/wp\/v2\/posts\/71644\/revisions\/71649"}],"wp:featuredmedia":[{"embeddable":true,"href":"https:\/\/elmundodelosnegocios.com.do\/v1\/wp-json\/wp\/v2\/media\/71645"}],"wp:attachment":[{"href":"https:\/\/elmundodelosnegocios.com.do\/v1\/wp-json\/wp\/v2\/media?parent=71644"}],"wp:term":[{"taxonomy":"category","embeddable":true,"href":"https:\/\/elmundodelosnegocios.com.do\/v1\/wp-json\/wp\/v2\/categories?post=71644"},{"taxonomy":"post_tag","embeddable":true,"href":"https:\/\/elmundodelosnegocios.com.do\/v1\/wp-json\/wp\/v2\/tags?post=71644"}],"curies":[{"name":"wp","href":"https:\/\/api.w.org\/{rel}","templated":true}]}}