{"id":71660,"date":"2025-06-26T09:52:59","date_gmt":"2025-06-26T14:22:59","guid":{"rendered":"https:\/\/www.elmundodelosnegocios.com.do\/v1\/?p=71660"},"modified":"2025-06-26T09:52:59","modified_gmt":"2025-06-26T14:22:59","slug":"banco-vimenca-inaugura-su-primera-sucursal-en-la-zona-sur-reafirmando-su-compromiso-con-el-desarrollo-regional","status":"publish","type":"post","link":"https:\/\/elmundodelosnegocios.com.do\/v1\/banco-vimenca-inaugura-su-primera-sucursal-en-la-zona-sur-reafirmando-su-compromiso-con-el-desarrollo-regional\/","title":{"rendered":"Banco Vimenca inaugura su primera sucursal en la Zona Sur, reafirmando su compromiso con el desarrollo regional"},"content":{"rendered":"<p><em>Con el objetivo de acercar sus servicios financieros a m\u00e1s comunidades, <strong>Banco Vimenca<\/strong>\u00a0celebr\u00f3 la apertura de su primera sucursal en la Zona Sur del pa\u00eds, espec\u00edficamente en\u00a0<strong>San Crist\u00f3bal<\/strong>, dando un paso clave en su estrategia de expansi\u00f3n nacional.<\/em><\/p>\n<p><a href=\"http:\/\/elmundodelosnegocios.com.do\/v1\/wp-content\/uploads\/2025\/06\/Daniel-Malena-Maria-Curiel-Victor-Virgilio-Mendez-Saba-scaled-2.jpg\"><img loading=\"lazy\" decoding=\"async\" class=\"aligncenter size-full wp-image-71662\" src=\"http:\/\/elmundodelosnegocios.com.do\/v1\/wp-content\/uploads\/2025\/06\/Daniel-Malena-Maria-Curiel-Victor-Virgilio-Mendez-Saba-scaled-2.jpg\" alt=\"\" width=\"783\" height=\"600\" srcset=\"https:\/\/elmundodelosnegocios.com.do\/v1\/wp-content\/uploads\/2025\/06\/Daniel-Malena-Maria-Curiel-Victor-Virgilio-Mendez-Saba-scaled-2.jpg 783w, https:\/\/elmundodelosnegocios.com.do\/v1\/wp-content\/uploads\/2025\/06\/Daniel-Malena-Maria-Curiel-Victor-Virgilio-Mendez-Saba-scaled-2-300x230.jpg 300w, https:\/\/elmundodelosnegocios.com.do\/v1\/wp-content\/uploads\/2025\/06\/Daniel-Malena-Maria-Curiel-Victor-Virgilio-Mendez-Saba-scaled-2-768x589.jpg 768w\" sizes=\"auto, (max-width: 783px) 100vw, 783px\" \/><\/a><\/p>\n<p>Ubicada en la\u00a0<strong>Av. Constituci\u00f3n No. 176, Edificio Don Chago<\/strong>, la nueva oficina brindar\u00e1 atenci\u00f3n personalizada de lunes a s\u00e1bado, ofreciendo\u00a0<strong>todos los servicios bancarios tradicionales<\/strong>, junto con\u00a0<strong>remesas v\u00eda Western Union<\/strong>,\u00a0<strong>pago de facturas a trav\u00e9s de PagaTodo<\/strong>\u00a0y\u00a0<strong>env\u00edos nacionales e internacionales con Vimenpaq<\/strong>. Este portafolio integral permitir\u00e1 a los residentes de San Crist\u00f3bal y zonas aleda\u00f1as acceder a soluciones financieras modernas y seguras.<\/p>\n<figure class=\"wp-block-image size-large\"><a href=\"https:\/\/diariosocialrd.com\/wp-content\/uploads\/2025\/06\/Roque-Del-Giudice-Christina-De-Los-Santos-y-Daniel-Malena-scaled-e1750905984548.jpg\" data-rel=\"penci-gallery-image-content\"><img loading=\"lazy\" decoding=\"async\" class=\"wp-image-233091 aligncenter\" src=\"https:\/\/diariosocialrd.com\/wp-content\/uploads\/2025\/06\/Roque-Del-Giudice-Christina-De-Los-Santos-y-Daniel-Malena-scaled-e1750905984548-1024x776.jpg\" sizes=\"auto, (max-width: 1024px) 100vw, 1024px\" srcset=\"https:\/\/diariosocialrd.com\/wp-content\/uploads\/2025\/06\/Roque-Del-Giudice-Christina-De-Los-Santos-y-Daniel-Malena-scaled-e1750905984548-1024x776.jpg 1024w, https:\/\/diariosocialrd.com\/wp-content\/uploads\/2025\/06\/Roque-Del-Giudice-Christina-De-Los-Santos-y-Daniel-Malena-scaled-e1750905984548-300x227.jpg 300w, https:\/\/diariosocialrd.com\/wp-content\/uploads\/2025\/06\/Roque-Del-Giudice-Christina-De-Los-Santos-y-Daniel-Malena-scaled-e1750905984548-768x582.jpg 768w, https:\/\/diariosocialrd.com\/wp-content\/uploads\/2025\/06\/Roque-Del-Giudice-Christina-De-Los-Santos-y-Daniel-Malena-scaled-e1750905984548-1536x1164.jpg 1536w, https:\/\/diariosocialrd.com\/wp-content\/uploads\/2025\/06\/Roque-Del-Giudice-Christina-De-Los-Santos-y-Daniel-Malena-scaled-e1750905984548-2048x1552.jpg 2048w, https:\/\/diariosocialrd.com\/wp-content\/uploads\/2025\/06\/Roque-Del-Giudice-Christina-De-Los-Santos-y-Daniel-Malena-scaled-e1750905984548-1920x1455.jpg 1920w, https:\/\/diariosocialrd.com\/wp-content\/uploads\/2025\/06\/Roque-Del-Giudice-Christina-De-Los-Santos-y-Daniel-Malena-scaled-e1750905984548-1170x887.jpg 1170w, https:\/\/diariosocialrd.com\/wp-content\/uploads\/2025\/06\/Roque-Del-Giudice-Christina-De-Los-Santos-y-Daniel-Malena-scaled-e1750905984548-585x443.jpg 585w\" alt=\"\" width=\"1024\" height=\"776\" \/><\/a><\/figure>\n<p>Durante el acto inaugural,\u00a0<strong>V\u00edctor Virgilio M\u00e9ndez Saba<\/strong>, presidente de Grupo Vimenca, afirm\u00f3 que \u201cel desarrollo se construye desde cada regi\u00f3n, y por eso trabajamos para seguir creciendo junto a ustedes, contribuyendo al bienestar de las familias, los emprendedores y el comercio local\u201d. Por su parte,\u00a0<strong>Jes\u00fas Cornejo<\/strong>, vicepresidente ejecutivo del banco, destac\u00f3 el compromiso del equipo con ofrecer una atenci\u00f3n de calidad, cercana y enfocada en las verdaderas necesidades de los clientes.<\/p>\n<p>Con esta apertura, Banco Vimenca refuerza su misi\u00f3n de\u00a0<strong>impulsar la inclusi\u00f3n financiera y el desarrollo econ\u00f3mico<\/strong>\u00a0en todo el territorio dominicano, llevando servicios bancarios, de remesas y log\u00edsticos a las comunidades que m\u00e1s los necesitan.<\/p>\n","protected":false},"excerpt":{"rendered":"<p>Con el objetivo de acercar sus servicios financieros a m\u00e1s comunidades, Banco Vimenca\u00a0celebr\u00f3 la apertura de su primera sucursal en la Zona Sur del pa\u00eds, espec\u00edficamente en\u00a0San Crist\u00f3bal, dando un&hellip; <\/p>\n","protected":false},"author":2,"featured_media":71661,"comment_status":"closed","ping_status":"closed","sticky":false,"template":"","format":"standard","meta":{"fifu_image_url":"","fifu_image_alt":"","footnotes":""},"categories":[180],"tags":[],"class_list":["post-71660","post","type-post","status-publish","format-standard","has-post-thumbnail","hentry","category-banca"],"_links":{"self":[{"href":"https:\/\/elmundodelosnegocios.com.do\/v1\/wp-json\/wp\/v2\/posts\/71660","targetHints":{"allow":["GET"]}}],"collection":[{"href":"https:\/\/elmundodelosnegocios.com.do\/v1\/wp-json\/wp\/v2\/posts"}],"about":[{"href":"https:\/\/elmundodelosnegocios.com.do\/v1\/wp-json\/wp\/v2\/types\/post"}],"author":[{"embeddable":true,"href":"https:\/\/elmundodelosnegocios.com.do\/v1\/wp-json\/wp\/v2\/users\/2"}],"replies":[{"embeddable":true,"href":"https:\/\/elmundodelosnegocios.com.do\/v1\/wp-json\/wp\/v2\/comments?post=71660"}],"version-history":[{"count":1,"href":"https:\/\/elmundodelosnegocios.com.do\/v1\/wp-json\/wp\/v2\/posts\/71660\/revisions"}],"predecessor-version":[{"id":71663,"href":"https:\/\/elmundodelosnegocios.com.do\/v1\/wp-json\/wp\/v2\/posts\/71660\/revisions\/71663"}],"wp:featuredmedia":[{"embeddable":true,"href":"https:\/\/elmundodelosnegocios.com.do\/v1\/wp-json\/wp\/v2\/media\/71661"}],"wp:attachment":[{"href":"https:\/\/elmundodelosnegocios.com.do\/v1\/wp-json\/wp\/v2\/media?parent=71660"}],"wp:term":[{"taxonomy":"category","embeddable":true,"href":"https:\/\/elmundodelosnegocios.com.do\/v1\/wp-json\/wp\/v2\/categories?post=71660"},{"taxonomy":"post_tag","embeddable":true,"href":"https:\/\/elmundodelosnegocios.com.do\/v1\/wp-json\/wp\/v2\/tags?post=71660"}],"curies":[{"name":"wp","href":"https:\/\/api.w.org\/{rel}","templated":true}]}}