{"id":71665,"date":"2025-06-26T10:13:57","date_gmt":"2025-06-26T14:43:57","guid":{"rendered":"https:\/\/www.elmundodelosnegocios.com.do\/v1\/?p=71665"},"modified":"2025-06-26T10:13:57","modified_gmt":"2025-06-26T14:43:57","slug":"arajet-y-david-collado-anuncian-vuelo-directo-cordoba-punta-cana-a-partir-de-noviembre-de-2025","status":"publish","type":"post","link":"https:\/\/elmundodelosnegocios.com.do\/v1\/arajet-y-david-collado-anuncian-vuelo-directo-cordoba-punta-cana-a-partir-de-noviembre-de-2025\/","title":{"rendered":"Arajet y David Collado anuncian vuelo directo C\u00f3rdoba\u2013Punta Cana a partir de noviembre de 2025"},"content":{"rendered":"<p><em>La nueva ruta convierte a Arajet en la primera aerol\u00ednea internacional en conectar C\u00f3rdoba con el Caribe; se suman 18 vuelos semanales entre Rep\u00fablica Dominicana y Argentina<\/em><\/p>\n<p><em><strong>Buenos Aires, Argentina \u2013<\/strong>\u00a0La Rep\u00fablica Dominicana y Argentina estrechan a\u00fan m\u00e1s sus lazos tur\u00edsticos con el anuncio de una nueva ruta a\u00e9rea directa entre C\u00f3rdoba y Punta Cana, operada por\u00a0<strong>Arajet<\/strong>, aerol\u00ednea bandera dominicana. El anuncio fue realizado por el\u00a0<strong>ministro de Turismo, David Collado<\/strong>, y el\u00a0<strong>CEO de Arajet, V\u00edctor Pacheco<\/strong>, durante un acto celebrado en Buenos Aires.<\/em><\/p>\n<p><img loading=\"lazy\" decoding=\"async\" class=\"aligncenter size-full\" src=\"https:\/\/diariosocialrd.com\/wp-content\/uploads\/2025\/06\/Jorge-Mateo-David-Collado-Victor-Pichardo-y-Jacqueline-Mora-scaled.jpg\" width=\"2560\" height=\"1707\" \/><\/p>\n<p>El servicio comenzar\u00e1 a operar el\u00a0<strong>8 de noviembre de 2025<\/strong>, con\u00a0<strong>tres vuelos semanales<\/strong>\u00a0(lunes, jueves y s\u00e1bados), fortaleciendo la conectividad entre Am\u00e9rica del Sur y el Caribe, y posicionando a\u00fan m\u00e1s a\u00a0<strong>Rep\u00fablica Dominicana como el principal hub a\u00e9reo regional<\/strong>.<\/p>\n<p>Esta conexi\u00f3n hist\u00f3rica no solo marca un hito como\u00a0<strong>el primer vuelo directo entre C\u00f3rdoba y Punta Cana<\/strong>, sino que tambi\u00e9n complementa otras rutas claves: la\u00a0<strong>reanudaci\u00f3n del vuelo Buenos Aires\u2013Santo Domingo<\/strong>\u00a0(desde el 12 de diciembre) y el\u00a0<strong>incremento de frecuencias entre Buenos Aires y Punta Cana<\/strong>\u00a0a 13 vuelos semanales. Con estas nuevas frecuencias,\u00a0<strong>Arajet cerrar\u00e1 2025 con un r\u00e9cord de 18 vuelos semanales entre ambos pa\u00edses<\/strong>.<\/p>\n<blockquote class=\"wp-block-quote\"><p>\u201cArgentina ya es el tercer pa\u00eds emisor de turistas hacia Rep\u00fablica Dominicana, y ha duplicado su flujo en 2025. Este logro se debe al trabajo conjunto con Arajet y a la expansi\u00f3n de rutas como la de C\u00f3rdoba, que nunca antes existi\u00f3\u201d, afirm\u00f3\u00a0<strong>David Collado<\/strong>, ministro de Turismo.<\/p><\/blockquote>\n<p>Por su parte,\u00a0<strong>V\u00edctor Pacheco<\/strong>, CEO de Arajet, subray\u00f3 que el crecimiento sostenido de la aerol\u00ednea en Argentina responde a una visi\u00f3n compartida con el gobierno dominicano: \u201cEstamos convencidos de que esta alianza con el Ministerio de Turismo fortalecer\u00e1 el posicionamiento de Rep\u00fablica Dominicana como destino l\u00edder en la regi\u00f3n\u201d.<\/p>\n<p>Con esta expansi\u00f3n,\u00a0<strong>Arajet reafirma su papel como puente entre el sur del continente y los destinos m\u00e1s codiciados del Caribe, Centro y Norteam\u00e9rica<\/strong>, ofreciendo vuelos seguros, eficientes y a precios competitivos desde sus bases en\u00a0<strong>Santo Domingo y Punta Cana<\/strong>.<\/p>\n<p>Los boletos para la ruta C\u00f3rdoba\u2013Punta Cana estar\u00e1n disponibles para compra a partir del\u00a0<strong>1.\u00ba de julio<\/strong>\u00a0en\u00a0<a href=\"http:\/\/www.arajet.com\/\">www.arajet.com<\/a>.<\/p>\n","protected":false},"excerpt":{"rendered":"<p>La nueva ruta convierte a Arajet en la primera aerol\u00ednea internacional en conectar C\u00f3rdoba con el Caribe; se suman 18 vuelos semanales entre Rep\u00fablica Dominicana y Argentina Buenos Aires, Argentina&hellip; <\/p>\n","protected":false},"author":2,"featured_media":71666,"comment_status":"closed","ping_status":"closed","sticky":false,"template":"","format":"standard","meta":{"fifu_image_url":"https:\/\/diariosocialrd.com\/wp-content\/uploads\/2025\/06\/Jorge-Mateo-David-Collado-Victor-Pichardo-y-Jacqueline-Mora-scaled.jpg","fifu_image_alt":"","footnotes":""},"categories":[172],"tags":[],"class_list":["post-71665","post","type-post","status-publish","format-standard","has-post-thumbnail","hentry","category-turismo"],"_links":{"self":[{"href":"https:\/\/elmundodelosnegocios.com.do\/v1\/wp-json\/wp\/v2\/posts\/71665","targetHints":{"allow":["GET"]}}],"collection":[{"href":"https:\/\/elmundodelosnegocios.com.do\/v1\/wp-json\/wp\/v2\/posts"}],"about":[{"href":"https:\/\/elmundodelosnegocios.com.do\/v1\/wp-json\/wp\/v2\/types\/post"}],"author":[{"embeddable":true,"href":"https:\/\/elmundodelosnegocios.com.do\/v1\/wp-json\/wp\/v2\/users\/2"}],"replies":[{"embeddable":true,"href":"https:\/\/elmundodelosnegocios.com.do\/v1\/wp-json\/wp\/v2\/comments?post=71665"}],"version-history":[{"count":1,"href":"https:\/\/elmundodelosnegocios.com.do\/v1\/wp-json\/wp\/v2\/posts\/71665\/revisions"}],"predecessor-version":[{"id":71667,"href":"https:\/\/elmundodelosnegocios.com.do\/v1\/wp-json\/wp\/v2\/posts\/71665\/revisions\/71667"}],"wp:featuredmedia":[{"embeddable":true,"href":"https:\/\/elmundodelosnegocios.com.do\/v1\/wp-json\/wp\/v2\/media\/71666"}],"wp:attachment":[{"href":"https:\/\/elmundodelosnegocios.com.do\/v1\/wp-json\/wp\/v2\/media?parent=71665"}],"wp:term":[{"taxonomy":"category","embeddable":true,"href":"https:\/\/elmundodelosnegocios.com.do\/v1\/wp-json\/wp\/v2\/categories?post=71665"},{"taxonomy":"post_tag","embeddable":true,"href":"https:\/\/elmundodelosnegocios.com.do\/v1\/wp-json\/wp\/v2\/tags?post=71665"}],"curies":[{"name":"wp","href":"https:\/\/api.w.org\/{rel}","templated":true}]}}