{"id":7169,"date":"2021-06-21T13:34:20","date_gmt":"2021-06-21T18:04:20","guid":{"rendered":"http:\/\/elmundodelosnegocios.com.do\/v1\/?p=7169"},"modified":"2021-06-21T13:34:20","modified_gmt":"2021-06-21T18:04:20","slug":"dona-seguros-reservas-polizas-viajeros-a-federacion-dominicana-natacion","status":"publish","type":"post","link":"https:\/\/elmundodelosnegocios.com.do\/v1\/dona-seguros-reservas-polizas-viajeros-a-federacion-dominicana-natacion\/","title":{"rendered":"Dona Seguros Reservas p\u00f3lizas viajeros a Federaci\u00f3n Dominicana Nataci\u00f3n"},"content":{"rendered":"<p>Seguros Reservas contin\u00faa trabajando en beneficio de las actividades que fomentan la inclusi\u00f3n social, el desarrollo, la educaci\u00f3n, el arte y la cultura, como parte de su programa de responsabilidad social corporativa, la entidad aseguradora realiz\u00f3 un donativo de 22 p\u00f3lizas de viajeros a la Federaci\u00f3n Dominicana de Nataci\u00f3n (FEDONA).  <\/p>\n<p>La Federaci\u00f3n Dominicana de Nataci\u00f3n (FEDONA), es la encargada de regular la nataci\u00f3n amateur en todo territorio dominicano y junto a la delegaci\u00f3n de 19 ni\u00f1os y 3 entrenadores, estar\u00e1n representando a la Rep\u00fablica Dominicana, en la Confederaci\u00f3n Centroamericana y Caribe\u00f1a de Nataci\u00f3n Aficionada (C.C.C.A.N), a celebrase en San Juan, Puerto Rico. Esta Federaci\u00f3n Internacional coordina las actividades deportivas acu\u00e1ticas en la regi\u00f3n del Caribe y Centroam\u00e9rica, donde se visualizan los futuros pasos para una selecci\u00f3n adulta.<\/p>\n<p>En nombre Seguros Reservas, el Director General Administrativo, Luis Mej\u00eda y la se\u00f1ora Massiel Suazo, esposa del Vicepresidente Ejecutivo de la empresa, V\u00edctor J. Rojas, hicieron entrega de las p\u00f3lizas viajeros a esta selecci\u00f3n, en apoyo a las oportunidades para el desarrollo que requiere esta completa disciplina y para la seguridad y tranquilidad de la delegaci\u00f3n durante su estad\u00eda durante el campeonato.  <\/p>\n<p>\u201cEs para nosotros, la familia de Seguros Reservas un gran privilegio formar parte de este proyecto que permite que nuestros atletas se destaquen y nos representen orgullosos en tan importante evento, que estoy segura llegaremos clasificados para torneos venideros \u201c, sostuvo Massiel Suazo.    <\/p>\n","protected":false},"excerpt":{"rendered":"<p>Seguros Reservas contin\u00faa trabajando en beneficio de las actividades que fomentan la inclusi\u00f3n social, el desarrollo, la educaci\u00f3n, el arte y la cultura, como parte de su programa de responsabilidad&hellip; <\/p>\n","protected":false},"author":2,"featured_media":7170,"comment_status":"open","ping_status":"open","sticky":false,"template":"","format":"standard","meta":{"fifu_image_url":"","fifu_image_alt":"","footnotes":""},"categories":[78],"tags":[],"class_list":["post-7169","post","type-post","status-publish","format-standard","has-post-thumbnail","hentry","category-con-responsabilidad"],"_links":{"self":[{"href":"https:\/\/elmundodelosnegocios.com.do\/v1\/wp-json\/wp\/v2\/posts\/7169","targetHints":{"allow":["GET"]}}],"collection":[{"href":"https:\/\/elmundodelosnegocios.com.do\/v1\/wp-json\/wp\/v2\/posts"}],"about":[{"href":"https:\/\/elmundodelosnegocios.com.do\/v1\/wp-json\/wp\/v2\/types\/post"}],"author":[{"embeddable":true,"href":"https:\/\/elmundodelosnegocios.com.do\/v1\/wp-json\/wp\/v2\/users\/2"}],"replies":[{"embeddable":true,"href":"https:\/\/elmundodelosnegocios.com.do\/v1\/wp-json\/wp\/v2\/comments?post=7169"}],"version-history":[{"count":0,"href":"https:\/\/elmundodelosnegocios.com.do\/v1\/wp-json\/wp\/v2\/posts\/7169\/revisions"}],"wp:featuredmedia":[{"embeddable":true,"href":"https:\/\/elmundodelosnegocios.com.do\/v1\/wp-json\/wp\/v2\/media\/7170"}],"wp:attachment":[{"href":"https:\/\/elmundodelosnegocios.com.do\/v1\/wp-json\/wp\/v2\/media?parent=7169"}],"wp:term":[{"taxonomy":"category","embeddable":true,"href":"https:\/\/elmundodelosnegocios.com.do\/v1\/wp-json\/wp\/v2\/categories?post=7169"},{"taxonomy":"post_tag","embeddable":true,"href":"https:\/\/elmundodelosnegocios.com.do\/v1\/wp-json\/wp\/v2\/tags?post=7169"}],"curies":[{"name":"wp","href":"https:\/\/api.w.org\/{rel}","templated":true}]}}