{"id":71714,"date":"2025-07-02T09:51:15","date_gmt":"2025-07-02T14:21:15","guid":{"rendered":"https:\/\/www.elmundodelosnegocios.com.do\/v1\/?p=71714"},"modified":"2025-07-02T09:51:15","modified_gmt":"2025-07-02T14:21:15","slug":"fundacion-harmonia-anuncia-el-concierto-sinfonico-en-el-teatro-nacional","status":"publish","type":"post","link":"https:\/\/elmundodelosnegocios.com.do\/v1\/fundacion-harmonia-anuncia-el-concierto-sinfonico-en-el-teatro-nacional\/","title":{"rendered":"Fundaci\u00f3n Harmon\u00eda anuncia el concierto \u201cSinf\u00f3nico\u201d en el Teatro Nacional"},"content":{"rendered":"<div dir=\"auto\"><i>Inst\u00f3\u00a0 a las empresas p\u00fablicas y privadas y al p\u00fablico en general, a respaldar este tipo de iniciativa, que eleva el nivel art\u00edstico de los\u00a0 j\u00f3venes dominicanos.<\/i><\/div>\n<div dir=\"auto\"><a href=\"http:\/\/elmundodelosnegocios.com.do\/v1\/wp-content\/uploads\/2025\/07\/Ellin-Rodriguez-Luna.jpg\"><img loading=\"lazy\" decoding=\"async\" class=\"aligncenter size-full wp-image-71715\" src=\"http:\/\/elmundodelosnegocios.com.do\/v1\/wp-content\/uploads\/2025\/07\/Ellin-Rodriguez-Luna.jpg\" alt=\"\" width=\"1039\" height=\"584\" srcset=\"https:\/\/elmundodelosnegocios.com.do\/v1\/wp-content\/uploads\/2025\/07\/Ellin-Rodriguez-Luna.jpg 1039w, https:\/\/elmundodelosnegocios.com.do\/v1\/wp-content\/uploads\/2025\/07\/Ellin-Rodriguez-Luna-300x169.jpg 300w, https:\/\/elmundodelosnegocios.com.do\/v1\/wp-content\/uploads\/2025\/07\/Ellin-Rodriguez-Luna-1024x576.jpg 1024w, https:\/\/elmundodelosnegocios.com.do\/v1\/wp-content\/uploads\/2025\/07\/Ellin-Rodriguez-Luna-768x432.jpg 768w\" sizes=\"auto, (max-width: 1039px) 100vw, 1039px\" \/><\/a><\/div>\n<div dir=\"auto\"><\/div>\n<div dir=\"auto\">SANTO DOMINGO, RD.-La directora ejecutiva de la Fundaci\u00f3n Harmon\u00eda, Ellin Rodr\u00edguez Luna, anunci\u00f3\u00a0 la celebraci\u00f3n del concierto *Sinf\u00f3nico*, el primer encuentro dedicado a m\u00fasicos sinf\u00f3nicos dominicanos, este mi\u00e9rcoles 2 de julio, en la Sala Carlos Piantini del Teatro Nacional Eduardo Brito.<\/div>\n<div dir=\"auto\"><\/div>\n<div dir=\"auto\">Este concierto reunir\u00e1 talentosos instrumentistas de cuerdas de todas las edades.<\/div>\n<div dir=\"auto\"><\/div>\n<div dir=\"auto\">Rodr\u00edguez Luna explic\u00f3 que este evento tiene el prop\u00f3sito de apoyar a decenas de talentosos j\u00f3venes m\u00fasicos que hay en la Rep\u00fablica Dominicana.<\/div>\n<div dir=\"auto\"><\/div>\n<div dir=\"auto\">Inst\u00f3\u00a0 a las empresas p\u00fablicas y privadas y al p\u00fablico en general, a respaldar\u00a0 este tipo de iniciativa, que no solo eleva el nivel art\u00edstico de los\u00a0 j\u00f3venes,\u00a0 sino que tambi\u00e9n favorece su crecimiento personal, y da paz y alegr\u00eda a las comunidades.<\/div>\n<div dir=\"auto\"><\/div>\n<div dir=\"auto\">*Resalt\u00f3 que este encuentro tiene el prop\u00f3sito de\u00a0 fortalecer el intercambio art\u00edstico en el pa\u00eds, e\u00a0 impulsar el talento local,\u00a0 el trabajo colaborativo y enriquecer el panorama cultural dominicano.*<\/div>\n<div dir=\"auto\"><\/div>\n<div dir=\"auto\">Mientras que,\u00a0 el director musical del concierto \u201cM\u00fasicos Sinf\u00f3nicos en RD\u201d,\u00a0 Angel Herdz,\u00a0 explic\u00f3 que como parte de este magn\u00edfico evento, tambi\u00e9n fueron impartidos dos talleres intensivos los d\u00edas 21 y 28 de junio de 2025 en el Conservatorio Nacional de M\u00fasica, orientados al perfeccionamiento t\u00e9cnico y la interpretaci\u00f3n orquestal.<\/div>\n<div dir=\"auto\"><\/div>\n<div dir=\"auto\">Indic\u00f3 que esta es una iniciativa de la Fundaci\u00f3n Harmon\u00eda que culmina con este magn\u00edfico concierto en la Sala Carlos Piantini del Teatro Nacional, este mi\u00e9rcoles 2 de julio.<\/div>\n<div dir=\"auto\"><\/div>\n<div dir=\"auto\">Este espect\u00e1culo cuenta con la participaci\u00f3n especial del Coro Nacional de Ni\u00f1os Dominicanos y el Coro Nacional Juvenil del Ministerio de Cultura, dejando as\u00ed establecido el apoyo del viceministerio de Creatividad y Formaci\u00f3n Art\u00edstica, en la persona de Amaury S\u00e1nchez.<\/div>\n","protected":false},"excerpt":{"rendered":"<p>Inst\u00f3\u00a0 a las empresas p\u00fablicas y privadas y al p\u00fablico en general, a respaldar este tipo de iniciativa, que eleva el nivel art\u00edstico de los\u00a0 j\u00f3venes dominicanos. SANTO DOMINGO, RD.-La&hellip; <\/p>\n","protected":false},"author":2,"featured_media":71715,"comment_status":"closed","ping_status":"closed","sticky":false,"template":"","format":"standard","meta":{"fifu_image_url":"","fifu_image_alt":"","footnotes":""},"categories":[148],"tags":[],"class_list":["post-71714","post","type-post","status-publish","format-standard","has-post-thumbnail","hentry","category-cultura"],"_links":{"self":[{"href":"https:\/\/elmundodelosnegocios.com.do\/v1\/wp-json\/wp\/v2\/posts\/71714","targetHints":{"allow":["GET"]}}],"collection":[{"href":"https:\/\/elmundodelosnegocios.com.do\/v1\/wp-json\/wp\/v2\/posts"}],"about":[{"href":"https:\/\/elmundodelosnegocios.com.do\/v1\/wp-json\/wp\/v2\/types\/post"}],"author":[{"embeddable":true,"href":"https:\/\/elmundodelosnegocios.com.do\/v1\/wp-json\/wp\/v2\/users\/2"}],"replies":[{"embeddable":true,"href":"https:\/\/elmundodelosnegocios.com.do\/v1\/wp-json\/wp\/v2\/comments?post=71714"}],"version-history":[{"count":1,"href":"https:\/\/elmundodelosnegocios.com.do\/v1\/wp-json\/wp\/v2\/posts\/71714\/revisions"}],"predecessor-version":[{"id":71716,"href":"https:\/\/elmundodelosnegocios.com.do\/v1\/wp-json\/wp\/v2\/posts\/71714\/revisions\/71716"}],"wp:featuredmedia":[{"embeddable":true,"href":"https:\/\/elmundodelosnegocios.com.do\/v1\/wp-json\/wp\/v2\/media\/71715"}],"wp:attachment":[{"href":"https:\/\/elmundodelosnegocios.com.do\/v1\/wp-json\/wp\/v2\/media?parent=71714"}],"wp:term":[{"taxonomy":"category","embeddable":true,"href":"https:\/\/elmundodelosnegocios.com.do\/v1\/wp-json\/wp\/v2\/categories?post=71714"},{"taxonomy":"post_tag","embeddable":true,"href":"https:\/\/elmundodelosnegocios.com.do\/v1\/wp-json\/wp\/v2\/tags?post=71714"}],"curies":[{"name":"wp","href":"https:\/\/api.w.org\/{rel}","templated":true}]}}