{"id":71717,"date":"2025-07-02T09:54:09","date_gmt":"2025-07-02T14:24:09","guid":{"rendered":"https:\/\/www.elmundodelosnegocios.com.do\/v1\/?p=71717"},"modified":"2025-07-02T09:54:09","modified_gmt":"2025-07-02T14:24:09","slug":"air-europa-y-aeropuerto-cibao-celebran-el-primer-aniversario-de-su-ruta-santiago-madrid-impulsando-la-conectividad-entre-europa-y-el-cibao","status":"publish","type":"post","link":"https:\/\/elmundodelosnegocios.com.do\/v1\/air-europa-y-aeropuerto-cibao-celebran-el-primer-aniversario-de-su-ruta-santiago-madrid-impulsando-la-conectividad-entre-europa-y-el-cibao\/","title":{"rendered":"Air Europa y Aeropuerto Cibao celebran el primer aniversario de su ruta Santiago \u2013 Madrid, impulsando la conectividad entre Europa y el Cibao"},"content":{"rendered":"<p><em>Air Europa y el Aeropuerto Internacional del Cibao celebraron con entusiasmo el\u00a0<strong>primer aniversario de su ruta directa entre Santiago de los Caballeros y Madrid<\/strong>, consolidando una conexi\u00f3n estrat\u00e9gica que ha fortalecido la conectividad transatl\u00e1ntica, impulsado el turismo, el comercio y generado nuevas oportunidades para la regi\u00f3n norte de la Rep\u00fablic<\/em>a Dominicana.<\/p>\n<p><a href=\"http:\/\/elmundodelosnegocios.com.do\/v1\/wp-content\/uploads\/2025\/07\/IMG_7700-1170x1638-1.jpeg\"><img loading=\"lazy\" decoding=\"async\" class=\"aligncenter size-full wp-image-71718\" src=\"http:\/\/elmundodelosnegocios.com.do\/v1\/wp-content\/uploads\/2025\/07\/IMG_7700-1170x1638-1.jpeg\" alt=\"\" width=\"1170\" height=\"658\" srcset=\"https:\/\/elmundodelosnegocios.com.do\/v1\/wp-content\/uploads\/2025\/07\/IMG_7700-1170x1638-1.jpeg 1170w, https:\/\/elmundodelosnegocios.com.do\/v1\/wp-content\/uploads\/2025\/07\/IMG_7700-1170x1638-1-300x169.jpeg 300w, https:\/\/elmundodelosnegocios.com.do\/v1\/wp-content\/uploads\/2025\/07\/IMG_7700-1170x1638-1-1024x576.jpeg 1024w, https:\/\/elmundodelosnegocios.com.do\/v1\/wp-content\/uploads\/2025\/07\/IMG_7700-1170x1638-1-768x432.jpeg 768w\" sizes=\"auto, (max-width: 1170px) 100vw, 1170px\" \/><\/a><\/p>\n<p>El evento conmemorativo tuvo lugar en el\u00a0<strong>hotel Residence Inn Santiago<\/strong>, con la presencia de autoridades locales, ejecutivos de Air Europa, aliados del sector turismo y representantes de medios de comunicaci\u00f3n.<\/p>\n<h3 class=\"wp-block-heading\">Una conexi\u00f3n que transforma al Cibao<\/h3>\n<p><strong>F\u00e9lix Garc\u00eda, presidente del Consejo de Administraci\u00f3n del Aeropuerto Internacional del Cibao<\/strong>, destac\u00f3 el impacto positivo de esta ruta en la regi\u00f3n:<\/p>\n<blockquote class=\"wp-block-quote\"><p><em>\u201cEsta conexi\u00f3n directa con Europa ha sido un paso trascendental para el desarrollo econ\u00f3mico de Santiago y de toda la regi\u00f3n del Cibao. Agradecemos a Air Europa por confiar en nuestro aeropuerto y en el potencial de nuestra gente.\u201d<\/em><\/p><\/blockquote>\n<h3 class=\"wp-block-heading\">Air Europa ratifica su compromiso con el pa\u00eds<\/h3>\n<figure class=\"wp-block-image size-large\"><a href=\"https:\/\/diariosocialrd.com\/wp-content\/uploads\/2025\/07\/IMG_7701.jpeg\" data-rel=\"penci-gallery-image-content\"><img loading=\"lazy\" decoding=\"async\" class=\"wp-image-233434 aligncenter\" src=\"https:\/\/diariosocialrd.com\/wp-content\/uploads\/2025\/07\/IMG_7701-1024x683.jpeg\" sizes=\"auto, (max-width: 1024px) 100vw, 1024px\" srcset=\"https:\/\/diariosocialrd.com\/wp-content\/uploads\/2025\/07\/IMG_7701-1024x683.jpeg 1024w, https:\/\/diariosocialrd.com\/wp-content\/uploads\/2025\/07\/IMG_7701-300x200.jpeg 300w, https:\/\/diariosocialrd.com\/wp-content\/uploads\/2025\/07\/IMG_7701-768x512.jpeg 768w, https:\/\/diariosocialrd.com\/wp-content\/uploads\/2025\/07\/IMG_7701-1536x1024.jpeg 1536w, https:\/\/diariosocialrd.com\/wp-content\/uploads\/2025\/07\/IMG_7701-1920x1280.jpeg 1920w, https:\/\/diariosocialrd.com\/wp-content\/uploads\/2025\/07\/IMG_7701-1170x780.jpeg 1170w, https:\/\/diariosocialrd.com\/wp-content\/uploads\/2025\/07\/IMG_7701-585x390.jpeg 585w, https:\/\/diariosocialrd.com\/wp-content\/uploads\/2025\/07\/IMG_7701-263x175.jpeg 263w, https:\/\/diariosocialrd.com\/wp-content\/uploads\/2025\/07\/IMG_7701.jpeg 2048w\" alt=\"\" width=\"1024\" height=\"683\" \/><\/a><\/figure>\n<p><strong>Juan Jose (Pepe) Hidalgo, fundador de Air Europa, y Mar\u00eda Jos\u00e9 Hidalgo<\/strong>, expresaron su satisfacci\u00f3n por el \u00e9xito alcanzado y reafirmaron su compromiso con el pa\u00eds:<\/p>\n<blockquote class=\"wp-block-quote\"><p><em>\u201cAir Europa cree en el crecimiento y en el talento dominicano. Hace un a\u00f1o apostamos por Santiago, y hoy celebramos una ruta s\u00f3lida, con alta ocupaci\u00f3n y gran aceptaci\u00f3n. Seguiremos conectando personas, culturas y oportunidades.\u201d<\/em><\/p><\/blockquote>\n<p>Desde su inauguraci\u00f3n en junio de 2024, el\u00a0<strong>vuelo directo Santiago \u2013 Madrid ha operado con dos frecuencias semanales<\/strong>\u00a0a bordo de modernos\u00a0<strong>Boeing 787 Dreamliner<\/strong>, ofreciendo\u00a0<strong>22 asientos en clase Business y 276 en clase turista<\/strong>, garantizando una experiencia de viaje c\u00f3moda, eficiente y sostenible para los pasajeros.<\/p>\n<figure class=\"wp-block-image size-large\"><a href=\"https:\/\/diariosocialrd.com\/wp-content\/uploads\/2025\/07\/IMG_7699.jpeg\" data-rel=\"penci-gallery-image-content\"><img loading=\"lazy\" decoding=\"async\" class=\"wp-image-233436 aligncenter\" src=\"https:\/\/diariosocialrd.com\/wp-content\/uploads\/2025\/07\/IMG_7699-1024x683.jpeg\" sizes=\"auto, (max-width: 1024px) 100vw, 1024px\" srcset=\"https:\/\/diariosocialrd.com\/wp-content\/uploads\/2025\/07\/IMG_7699-1024x683.jpeg 1024w, https:\/\/diariosocialrd.com\/wp-content\/uploads\/2025\/07\/IMG_7699-300x200.jpeg 300w, https:\/\/diariosocialrd.com\/wp-content\/uploads\/2025\/07\/IMG_7699-768x512.jpeg 768w, https:\/\/diariosocialrd.com\/wp-content\/uploads\/2025\/07\/IMG_7699-1536x1024.jpeg 1536w, https:\/\/diariosocialrd.com\/wp-content\/uploads\/2025\/07\/IMG_7699-1920x1280.jpeg 1920w, https:\/\/diariosocialrd.com\/wp-content\/uploads\/2025\/07\/IMG_7699-1170x780.jpeg 1170w, https:\/\/diariosocialrd.com\/wp-content\/uploads\/2025\/07\/IMG_7699-585x390.jpeg 585w, https:\/\/diariosocialrd.com\/wp-content\/uploads\/2025\/07\/IMG_7699-263x175.jpeg 263w, https:\/\/diariosocialrd.com\/wp-content\/uploads\/2025\/07\/IMG_7699.jpeg 2048w\" alt=\"\" width=\"1024\" height=\"683\" \/><\/a><\/figure>\n<h3 class=\"wp-block-heading\">Conectividad estrat\u00e9gica para Europa y el Caribe<\/h3>\n<p>Con esta ruta, Air Europa fortalece su posici\u00f3n como la\u00a0<strong>aerol\u00ednea l\u00edder en conectividad entre Europa y el Caribe<\/strong>, facilitando el acceso de turistas europeos a los destinos del norte de la Rep\u00fablica Dominicana, a la vez que abre nuevas puertas para el intercambio cultural y el crecimiento econ\u00f3mico de la regi\u00f3n.<\/p>\n<h3 class=\"wp-block-heading\">Sobre Air Europa<\/h3>\n<p>Air Europa, fundada en 1986, forma parte de la alianza SkyTeam y opera una de las flotas m\u00e1s modernas y sostenibles del sector, integrada por\u00a0<strong>Boeing 787 Dreamliner y Boeing 737<\/strong>. Con\u00a0<strong>m\u00e1s de 55 destinos a nivel global<\/strong>, la aerol\u00ednea cuenta con una posici\u00f3n estrat\u00e9gica en el hub del\u00a0<strong>aeropuerto Adolfo Su\u00e1rez Madrid-Barajas<\/strong>, conectando Europa y Am\u00e9rica. Destaca por su compromiso con la sostenibilidad, la innovaci\u00f3n tecnol\u00f3gica y la excelencia en el servicio, figurando entre las aerol\u00edneas m\u00e1s puntuales de Europa.<\/p>\n","protected":false},"excerpt":{"rendered":"<p>Air Europa y el Aeropuerto Internacional del Cibao celebraron con entusiasmo el\u00a0primer aniversario de su ruta directa entre Santiago de los Caballeros y Madrid, consolidando una conexi\u00f3n estrat\u00e9gica que ha&hellip; <\/p>\n","protected":false},"author":2,"featured_media":71718,"comment_status":"closed","ping_status":"closed","sticky":false,"template":"","format":"standard","meta":{"fifu_image_url":"","fifu_image_alt":"","footnotes":""},"categories":[172],"tags":[],"class_list":["post-71717","post","type-post","status-publish","format-standard","has-post-thumbnail","hentry","category-turismo"],"_links":{"self":[{"href":"https:\/\/elmundodelosnegocios.com.do\/v1\/wp-json\/wp\/v2\/posts\/71717","targetHints":{"allow":["GET"]}}],"collection":[{"href":"https:\/\/elmundodelosnegocios.com.do\/v1\/wp-json\/wp\/v2\/posts"}],"about":[{"href":"https:\/\/elmundodelosnegocios.com.do\/v1\/wp-json\/wp\/v2\/types\/post"}],"author":[{"embeddable":true,"href":"https:\/\/elmundodelosnegocios.com.do\/v1\/wp-json\/wp\/v2\/users\/2"}],"replies":[{"embeddable":true,"href":"https:\/\/elmundodelosnegocios.com.do\/v1\/wp-json\/wp\/v2\/comments?post=71717"}],"version-history":[{"count":1,"href":"https:\/\/elmundodelosnegocios.com.do\/v1\/wp-json\/wp\/v2\/posts\/71717\/revisions"}],"predecessor-version":[{"id":71719,"href":"https:\/\/elmundodelosnegocios.com.do\/v1\/wp-json\/wp\/v2\/posts\/71717\/revisions\/71719"}],"wp:featuredmedia":[{"embeddable":true,"href":"https:\/\/elmundodelosnegocios.com.do\/v1\/wp-json\/wp\/v2\/media\/71718"}],"wp:attachment":[{"href":"https:\/\/elmundodelosnegocios.com.do\/v1\/wp-json\/wp\/v2\/media?parent=71717"}],"wp:term":[{"taxonomy":"category","embeddable":true,"href":"https:\/\/elmundodelosnegocios.com.do\/v1\/wp-json\/wp\/v2\/categories?post=71717"},{"taxonomy":"post_tag","embeddable":true,"href":"https:\/\/elmundodelosnegocios.com.do\/v1\/wp-json\/wp\/v2\/tags?post=71717"}],"curies":[{"name":"wp","href":"https:\/\/api.w.org\/{rel}","templated":true}]}}