{"id":71720,"date":"2025-07-02T10:03:34","date_gmt":"2025-07-02T14:33:34","guid":{"rendered":"https:\/\/www.elmundodelosnegocios.com.do\/v1\/?p=71720"},"modified":"2025-07-02T10:03:34","modified_gmt":"2025-07-02T14:33:34","slug":"presidenta-amchamdr-destaca-cambios-aduanas-bajo-liderazgo-sanz-lovaton","status":"publish","type":"post","link":"https:\/\/elmundodelosnegocios.com.do\/v1\/presidenta-amchamdr-destaca-cambios-aduanas-bajo-liderazgo-sanz-lovaton\/","title":{"rendered":"Presidenta AMCHAMDR destaca cambios Aduanas bajo liderazgo Sanz Lovat\u00f3n"},"content":{"rendered":"<div>Santo Domingo, RD. &#8211; La presidenta del Comit\u00e9 Nacional de Facilitaci\u00f3n de Comercio (CNFC), en su calidad de presidenta de la C\u00e1mara Americana de Comercio de la Rep\u00fablica Dominicana (AMCHAMDR), Francesca Rainieri Kuret, resalt\u00f3 c\u00f3mo la visi\u00f3n, el compromiso y la entrega del director general de Aduanas, Eduardo Sanz Lovat\u00f3n, han producido importantes cambios en esa entidad en favor del comercio y la econom\u00eda dominicana.<\/div>\n<div>\n<figure id=\"attachment_71721\" aria-describedby=\"caption-attachment-71721\" style=\"width: 780px\" class=\"wp-caption aligncenter\"><a href=\"http:\/\/elmundodelosnegocios.com.do\/v1\/wp-content\/uploads\/2025\/07\/Presidenta-de-Camara-Americana-De-Comercio-de-la-Republica-Dominicana-Amchamdr-Francesca-Rainieri.jpg\"><img loading=\"lazy\" decoding=\"async\" class=\"size-full wp-image-71721\" src=\"http:\/\/elmundodelosnegocios.com.do\/v1\/wp-content\/uploads\/2025\/07\/Presidenta-de-Camara-Americana-De-Comercio-de-la-Republica-Dominicana-Amchamdr-Francesca-Rainieri.jpg\" alt=\"Presidenta de C\u00e1mara Americana De Comercio de la Rep\u00fablica Dominicana (Amchamdr), Francesca Rainieri\" width=\"780\" height=\"432\" srcset=\"https:\/\/elmundodelosnegocios.com.do\/v1\/wp-content\/uploads\/2025\/07\/Presidenta-de-Camara-Americana-De-Comercio-de-la-Republica-Dominicana-Amchamdr-Francesca-Rainieri.jpg 780w, https:\/\/elmundodelosnegocios.com.do\/v1\/wp-content\/uploads\/2025\/07\/Presidenta-de-Camara-Americana-De-Comercio-de-la-Republica-Dominicana-Amchamdr-Francesca-Rainieri-300x166.jpg 300w, https:\/\/elmundodelosnegocios.com.do\/v1\/wp-content\/uploads\/2025\/07\/Presidenta-de-Camara-Americana-De-Comercio-de-la-Republica-Dominicana-Amchamdr-Francesca-Rainieri-768x425.jpg 768w\" sizes=\"auto, (max-width: 780px) 100vw, 780px\" \/><\/a><figcaption id=\"caption-attachment-71721\" class=\"wp-caption-text\">Presidenta de C\u00e1mara Americana De Comercio de la Rep\u00fablica Dominicana (Amchamdr), Francesca Rainieri<\/figcaption><\/figure>\n<\/div>\n<div>\u201cM\u00e1s que los logros, es la visi\u00f3n de esta Direcci\u00f3n General de Aduanas (DGA) liderada por \u00e9l, donde se ve el compromiso y la pasi\u00f3n que le est\u00e1 poniendo para generar cambios y generar transformaci\u00f3n, no hay nada m\u00e1s que se pueda pedir de una persona y de un equipo, que esa entrega\u201d, manifest\u00f3 Rainieri Kuret al aperturar, por primera vez, una plenaria del CNFC.<\/div>\n<div>\n<figure style=\"width: 1242px\" class=\"wp-caption aligncenter\"><img loading=\"lazy\" decoding=\"async\" title=\"Francesca Rainieri se\u00f1al\u00f3 la importancia de que los sectores p\u00fablico y privado contin\u00faen trabajando juntos.\" src=\"https:\/\/eldinero.com.do\/wp-content\/uploads\/destacan-liderazgo-de-yayo.webp\" alt=\"Francesca Rainieri se\u00f1al\u00f3 la importancia de que los sectores p\u00fablico y privado contin\u00faen trabajando juntos.\" width=\"1242\" height=\"837\" \/><figcaption class=\"wp-caption-text\">Francesca Rainieri se\u00f1al\u00f3 la importancia de que los sectores p\u00fablico y privado contin\u00faen trabajando juntos.<\/figcaption><\/figure>\n<\/div>\n<div>Se\u00f1al\u00f3, adem\u00e1s, la importancia de que los sectores p\u00fablico y privado contin\u00faen trabajando juntos, sobre todo, en momentos de temporadas retadoras, tensiones globales, cambios en el comercio y retos log\u00edsticos que exigen, m\u00e1s que nunca, un compromiso real y trabajar unidos.<\/div>\n<div><\/div>\n<div>\u201cGracias por demostrar que la colaboraci\u00f3n p\u00fablico-privada no es solo posible, sino poderosa, porque se ha notado el cambio en estos \u00faltimos a\u00f1os, cuando se cuenta con cada uno los actores que est\u00e1n aqu\u00ed y que han generado estos cambios\u201d, puntualiz\u00f3 la presidenta del CNFC.<\/div>\n<div><\/div>\n<div>En tanto que Sanz Lovat\u00f3n se refiri\u00f3 a la necesidad de renovar el sistema operativo de Aduanas, para lo cual se han realizado tres licitaciones internacionales, como principal objetivo inmediato del CNFC para continuar con el proceso de reformas.<\/div>\n<div><\/div>\n<div>\u201cAhora estamos convocando no solo al CNFC, sino que estamos convocando al Gabinete Log\u00edstico, porque lo que quiere esta administraci\u00f3n de Aduanas y lo que quiere el presidente Abinader es que estas reformas no se detengan y se hagan con total transparencia y con el concurso de todos los sectores que son afectados\u201d, explic\u00f3 el director de Aduanas.<\/div>\n<div><\/div>\n<div>Mientras que Perla de la Rosa expuso sobre los avances del Plan 2023-2026 y su fase de culminaci\u00f3n, as\u00ed como de los trabajos iniciados para el pr\u00f3ximo plan.<\/div>\n<div><\/div>\n<div>De la Rosa pas\u00f3 balance a iniciativas como la K9, para fortalecer las unidades caninas de las diferentes instituciones que utilizan este mecanismo de inspecci\u00f3n, la gesti\u00f3n integrada de riesgos, las mejoras continuas a la Ventanilla \u00danica de Comercio Exterior (VUCE), con la inclusi\u00f3n de servicios y entidades a esa plataforma, as\u00ed como de las capacitaciones constantes para el manejo de perecederos y evaluaci\u00f3n y seguimiento a las certificaciones de los laboratorios.<\/div>\n<div><\/div>\n<div>Rosario del Castillo, encargada del CNFC present\u00f3 a los nuevos miembros del equipo, as\u00ed como los niveles de cumplimiento de los planes operativos anuales de 2024 y 2025.<\/div>\n<div><\/div>\n<div>Tambi\u00e9n, estuvieron presentes: William Malamud, vicepresidente ejecutivo de Amchamdr; Alexander Schad, presidente ejecutivo de Frederic Schad; Jack Rannik, presidente de Rannik Soluciones Log\u00edsticas Integradas; Mario Chong, director comercial de Mar\u00edtima Dominicana (MARDOM); la subdirectora de Aduanas, Luc\u00eda Zorrilla, as\u00ed como los representantes de las instituciones miembros del CNFC.<\/div>\n<div><\/div>\n<div><strong>Sobre el CNFC<\/strong><\/div>\n<div><\/div>\n<div>Se recuerda que el CNFC es un organismo creado para facilitar la coordinaci\u00f3n interna y la aplicaci\u00f3n de las disposiciones del Acuerdo de Facilitaci\u00f3n del Comercio de la Organizaci\u00f3n Mundial del Comercio (OMC), adem\u00e1s de fungir como mesa permanente de di\u00e1logo para abordar los temas vinculados a la facilitaci\u00f3n comercial y a la log\u00edstica.<\/div>\n<div><\/div>\n<div>El Comit\u00e9 de Facilitaci\u00f3n de Comercio lo integran los principales ministerios e instituciones del Gobierno: Agricultura; Industria, Comercio y Mypimes; Relaciones Exteriores; Defensa; Salud P\u00fablica; Centro de Exportaci\u00f3n e Inversi\u00f3n de la Rep\u00fablica Dominicana (CEI-RD); Consejo Nacional de Competitividad (CNC); y el Consejo Nacional de Zonas Francas (CNZF), as\u00ed como las principales agrupaciones del sector empresarial, entre estas la Asociaci\u00f3n de Industrias de la Rep\u00fablica Dominicana (AIRD), el CONEP y la Amchamdr, en una alianza p\u00fablico-privada.-.<\/div>\n","protected":false},"excerpt":{"rendered":"<p>Santo Domingo, RD. &#8211; La presidenta del Comit\u00e9 Nacional de Facilitaci\u00f3n de Comercio (CNFC), en su calidad de presidenta de la C\u00e1mara Americana de Comercio de la Rep\u00fablica Dominicana (AMCHAMDR),&hellip; <\/p>\n","protected":false},"author":2,"featured_media":71721,"comment_status":"closed","ping_status":"closed","sticky":false,"template":"","format":"standard","meta":{"fifu_image_url":"","fifu_image_alt":"","footnotes":""},"categories":[181],"tags":[],"class_list":["post-71720","post","type-post","status-publish","format-standard","has-post-thumbnail","hentry","category-carga-logistica"],"_links":{"self":[{"href":"https:\/\/elmundodelosnegocios.com.do\/v1\/wp-json\/wp\/v2\/posts\/71720","targetHints":{"allow":["GET"]}}],"collection":[{"href":"https:\/\/elmundodelosnegocios.com.do\/v1\/wp-json\/wp\/v2\/posts"}],"about":[{"href":"https:\/\/elmundodelosnegocios.com.do\/v1\/wp-json\/wp\/v2\/types\/post"}],"author":[{"embeddable":true,"href":"https:\/\/elmundodelosnegocios.com.do\/v1\/wp-json\/wp\/v2\/users\/2"}],"replies":[{"embeddable":true,"href":"https:\/\/elmundodelosnegocios.com.do\/v1\/wp-json\/wp\/v2\/comments?post=71720"}],"version-history":[{"count":1,"href":"https:\/\/elmundodelosnegocios.com.do\/v1\/wp-json\/wp\/v2\/posts\/71720\/revisions"}],"predecessor-version":[{"id":71722,"href":"https:\/\/elmundodelosnegocios.com.do\/v1\/wp-json\/wp\/v2\/posts\/71720\/revisions\/71722"}],"wp:featuredmedia":[{"embeddable":true,"href":"https:\/\/elmundodelosnegocios.com.do\/v1\/wp-json\/wp\/v2\/media\/71721"}],"wp:attachment":[{"href":"https:\/\/elmundodelosnegocios.com.do\/v1\/wp-json\/wp\/v2\/media?parent=71720"}],"wp:term":[{"taxonomy":"category","embeddable":true,"href":"https:\/\/elmundodelosnegocios.com.do\/v1\/wp-json\/wp\/v2\/categories?post=71720"},{"taxonomy":"post_tag","embeddable":true,"href":"https:\/\/elmundodelosnegocios.com.do\/v1\/wp-json\/wp\/v2\/tags?post=71720"}],"curies":[{"name":"wp","href":"https:\/\/api.w.org\/{rel}","templated":true}]}}