{"id":71778,"date":"2025-07-04T15:44:02","date_gmt":"2025-07-04T20:14:02","guid":{"rendered":"https:\/\/www.elmundodelosnegocios.com.do\/v1\/?p=71778"},"modified":"2025-07-04T15:45:19","modified_gmt":"2025-07-04T20:15:19","slug":"proindustria-prodominicana-y-cnzfe-celebran-exitosa-ronda-de-negocios-para-fortalecer-encadenamientos-de-productos","status":"publish","type":"post","link":"https:\/\/elmundodelosnegocios.com.do\/v1\/proindustria-prodominicana-y-cnzfe-celebran-exitosa-ronda-de-negocios-para-fortalecer-encadenamientos-de-productos\/","title":{"rendered":"Proindustria, ProDominicana y CNZFE celebran exitosa ronda de negocios para fortalecer encadenamientos de productos"},"content":{"rendered":"<p>San Pedro de Macor\u00eds. \u2013El Centro de Desarrollo y Competitividad Industrial\u00a0<strong>(Proindustria)<\/strong>, el Centro de Exportaci\u00f3n e Inversi\u00f3n de la Rep\u00fablica Dominicana\u00a0<strong>(ProDominicana)<\/strong>\u00a0y el Consejo Nacional de Zonas Francas de Exportaci\u00f3n\u00a0<strong>(CNZFE)<\/strong>\u00a0celebraron este jueves una\u00a0<strong>Ronda de Negocios (B2B) de Encadenamientos Productivos<\/strong>, en San Pedro de Macor\u00eds, con el objetivo de\u00a0<strong>fortalecer la conexi\u00f3n<\/strong>\u00a0entre las industrias locales y las zonas francas.<\/p>\n<p><img loading=\"lazy\" decoding=\"async\" class=\"aligncenter size-full\" src=\"https:\/\/presidencia.gob.do\/sites\/default\/files\/styles\/large\/public\/news\/2025-07\/IMG_6663.jpeg?itok=zRYnTjtR\" width=\"1300\" height=\"731\" \/><\/p>\n<p>La jornada, que se desarroll\u00f3 desde las 8:30 de la ma\u00f1ana en el\u00a0<strong>Centro Cultural Macorisano<\/strong>, reuni\u00f3 a decenas de empresas con el inter\u00e9s com\u00fan de\u00a0<strong>establecer v\u00ednculos comerciales<\/strong>, identificar sinergias, crear\u00a0<strong>nuevas oportunidades de negocio<\/strong>\u00a0e impulsar el crecimiento industrial nacional.<\/p>\n<p>En el acto de apertura estuvieron presentes el director general de Proindustria,\u00a0<strong>Rafael Cruz Rodr\u00edguez<\/strong>; el director de Exportaci\u00f3n de ProDominicana,<strong>\u00a0Segismundo Morey<\/strong>; el secretario general del Ayuntamiento de San Pedro de Macor\u00eds,\u00a0<strong>Brian Magallanes,<\/strong>\u00a0en representaci\u00f3n del alcalde\u00a0<strong>Raymundo Ortiz<\/strong>; as\u00ed como\u00a0<strong>Ilonka Acosta<\/strong>, directora de Servicios de Apoyo a la Industria de Proindustria, y\u00a0<strong>Sim\u00f3n Medina<\/strong>, presidente de la Asociaci\u00f3n de Industrias de Zonas Francas de la provincia.<\/p>\n<p>Durante su intervenci\u00f3n, el director de Exportaci\u00f3n de ProDominicana, Segismundo Morey, subray\u00f3 el impacto estrat\u00e9gico de estos encuentros para\u00a0<strong>dinamizar la econom\u00eda nacional<\/strong>, indicando que<em>\u00a0\u201clas zonas francas no solo exportan productos y servicios; tambi\u00e9n son grandes consumidoras de insumos, servicios log\u00edsticos, empaques, alimentos, transporte, seguridad, mantenimiento, entre otros. Esta ronda de negocios es m\u00e1s que una actividad puntual: es una oportunidad estrat\u00e9gica para construir relaciones de largo plazo y fortalecer la base productiva nacional\u201d.<\/em><\/p>\n<p>En representaci\u00f3n del Gobierno local, el secretario general\u00a0<strong>Brian Magallanes<\/strong>\u00a0destac\u00f3 la importancia de este tipo de eventos para el desarrollo de la regi\u00f3n, sosteniendo que \u201c<em>nuestro municipio siempre apuesta al progreso. Durante los \u00faltimos tiempos, San Pedro ha venido desarroll\u00e1ndose masivamente, y con el apoyo de eventos como este, seguimos avanzando hacia un modelo de crecimiento m\u00e1s s\u00f3lido y sostenible\u201d.<\/em><br \/>\n<img loading=\"lazy\" decoding=\"async\" src=\"https:\/\/presidencia.gob.do\/sites\/default\/files\/inline-images\/IMG_6664.jpeg\" width=\"3786\" height=\"2521\" data-entity-uuid=\"695dde59-a8ca-494b-a1c1-8a9c6a059af2\" data-entity-type=\"file\" \/><\/p>\n<p>Por su parte, el director general de Proindustria, Rafael Cruz Rodr\u00edguez, sostuvo que este tipo de espacios representan una acci\u00f3n concreta del\u00a0<strong>compromiso institucional<\/strong>\u00a0con el impulso del\u00a0<strong>sector industrial.<\/strong><\/p>\n<p><em>\u201cNos encontramos aqu\u00ed con un prop\u00f3sito com\u00fan: generar oportunidades reales de cooperaci\u00f3n entre dos pilares fundamentales de nuestra econom\u00eda. Las zonas francas, como plataformas de exportaci\u00f3n e innovaci\u00f3n, y nuestras industrias locales, que representan el talento, la resiliencia y la capacidad emprendedora del pueblo dominicano\u201d,<\/em>\u00a0manifest\u00f3.<\/p>\n<p>Asimismo, indic\u00f3 que la articulaci\u00f3n entre ambos sectores permite avanzar hacia un desarrollo m\u00e1s\u00a0<strong>equilibrado y competitivo,<\/strong>\u00a0y que<em>\u00a0\u201ceste tipo de vinculaci\u00f3n propicia una reducci\u00f3n en las distancias operativas y administrativas, y contribuye a eliminar barreras que pueden obstaculizar la colaboraci\u00f3n efectiva\u201d.<\/em><\/p>\n<p>En su discurso, resalt\u00f3 el compromiso de Proindustria con la\u00a0<strong>innovaci\u00f3n y la expansi\u00f3n<\/strong>\u00a0de capacidades del sector.\u00a0<em>\u201cDesde Proindustria trabajamos para facilitar el acceso de las industrias locales a mercados m\u00e1s amplios, fomentar la transferencia de conocimiento, el ordenamiento productivo y el desarrollo de capacidades t\u00e9cnicas y log\u00edsticas\u201d,<\/em>\u00a0concluy\u00f3.<\/p>\n<p>Previo al inicio de las sesiones de vinculaci\u00f3n, se explic\u00f3 la din\u00e1mica de la jornada, que se dividi\u00f3 en dos bloques de reuniones de negocios en horario matutino y vespertino. Las empresas compradoras permanecieron en estaciones fijas mientras los oferentes rotaron seg\u00fan su agenda previamente coordinada.<\/p>\n<p>La\u00a0<strong>Ronda de Negocios<\/strong>\u00a0concluy\u00f3 con un mensaje de agradecimiento a todas las instituciones y empresas participantes, reafirmando el compromiso de continuar promoviendo la\u00a0<strong>colaboraci\u00f3n p\u00fablico-privada<\/strong>\u00a0como v\u00eda para el\u00a0<strong>desarrollo sostenible<\/strong>\u00a0de la industria nacional.<\/p>\n","protected":false},"excerpt":{"rendered":"<p>San Pedro de Macor\u00eds. \u2013El Centro de Desarrollo y Competitividad Industrial\u00a0(Proindustria), el Centro de Exportaci\u00f3n e Inversi\u00f3n de la Rep\u00fablica Dominicana\u00a0(ProDominicana)\u00a0y el Consejo Nacional de Zonas Francas de Exportaci\u00f3n\u00a0(CNZFE)\u00a0celebraron este&hellip; <\/p>\n","protected":false},"author":2,"featured_media":71779,"comment_status":"closed","ping_status":"closed","sticky":false,"template":"","format":"standard","meta":{"fifu_image_url":"https:\/\/presidencia.gob.do\/sites\/default\/files\/styles\/large\/public\/news\/2025-07\/IMG_6663.jpeg?itok=zRYnTjtR","fifu_image_alt":"","footnotes":""},"categories":[147],"tags":[],"class_list":["post-71778","post","type-post","status-publish","format-standard","has-post-thumbnail","hentry","category-comercio"],"_links":{"self":[{"href":"https:\/\/elmundodelosnegocios.com.do\/v1\/wp-json\/wp\/v2\/posts\/71778","targetHints":{"allow":["GET"]}}],"collection":[{"href":"https:\/\/elmundodelosnegocios.com.do\/v1\/wp-json\/wp\/v2\/posts"}],"about":[{"href":"https:\/\/elmundodelosnegocios.com.do\/v1\/wp-json\/wp\/v2\/types\/post"}],"author":[{"embeddable":true,"href":"https:\/\/elmundodelosnegocios.com.do\/v1\/wp-json\/wp\/v2\/users\/2"}],"replies":[{"embeddable":true,"href":"https:\/\/elmundodelosnegocios.com.do\/v1\/wp-json\/wp\/v2\/comments?post=71778"}],"version-history":[{"count":1,"href":"https:\/\/elmundodelosnegocios.com.do\/v1\/wp-json\/wp\/v2\/posts\/71778\/revisions"}],"predecessor-version":[{"id":71780,"href":"https:\/\/elmundodelosnegocios.com.do\/v1\/wp-json\/wp\/v2\/posts\/71778\/revisions\/71780"}],"wp:featuredmedia":[{"embeddable":true,"href":"https:\/\/elmundodelosnegocios.com.do\/v1\/wp-json\/wp\/v2\/media\/71779"}],"wp:attachment":[{"href":"https:\/\/elmundodelosnegocios.com.do\/v1\/wp-json\/wp\/v2\/media?parent=71778"}],"wp:term":[{"taxonomy":"category","embeddable":true,"href":"https:\/\/elmundodelosnegocios.com.do\/v1\/wp-json\/wp\/v2\/categories?post=71778"},{"taxonomy":"post_tag","embeddable":true,"href":"https:\/\/elmundodelosnegocios.com.do\/v1\/wp-json\/wp\/v2\/tags?post=71778"}],"curies":[{"name":"wp","href":"https:\/\/api.w.org\/{rel}","templated":true}]}}