{"id":71809,"date":"2025-07-06T15:32:01","date_gmt":"2025-07-06T20:02:01","guid":{"rendered":"https:\/\/www.elmundodelosnegocios.com.do\/v1\/?p=71809"},"modified":"2025-07-06T15:32:01","modified_gmt":"2025-07-06T20:02:01","slug":"challenge-popular-impulsa-ideas-innovadoras-para-la-transformacion-digital-responsable","status":"publish","type":"post","link":"https:\/\/elmundodelosnegocios.com.do\/v1\/challenge-popular-impulsa-ideas-innovadoras-para-la-transformacion-digital-responsable\/","title":{"rendered":"Challenge Popular impulsa ideas innovadoras para la transformaci\u00f3n digital responsable"},"content":{"rendered":"<h2><span class=\"ms-rteFontSize-3\">La competici\u00f3n congreg\u00f3 a m\u00e1s de 680 estudiantes universitarios\u00a0<\/span><\/h2>\n<p>\u200b<a href=\"http:\/\/elmundodelosnegocios.com.do\/v1\/wp-content\/uploads\/2025\/07\/BPD-slider-AND05931.jpg\"><img loading=\"lazy\" decoding=\"async\" class=\"aligncenter size-full wp-image-71810\" src=\"http:\/\/elmundodelosnegocios.com.do\/v1\/wp-content\/uploads\/2025\/07\/BPD-slider-AND05931.jpg\" alt=\"\" width=\"850\" height=\"450\" srcset=\"https:\/\/elmundodelosnegocios.com.do\/v1\/wp-content\/uploads\/2025\/07\/BPD-slider-AND05931.jpg 850w, https:\/\/elmundodelosnegocios.com.do\/v1\/wp-content\/uploads\/2025\/07\/BPD-slider-AND05931-300x159.jpg 300w, https:\/\/elmundodelosnegocios.com.do\/v1\/wp-content\/uploads\/2025\/07\/BPD-slider-AND05931-768x407.jpg 768w\" sizes=\"auto, (max-width: 850px) 100vw, 850px\" \/><\/a><\/p>\n<p>Santo Domingo. \u2013 El Banco Popular Dominicano celebr\u00f3 la novena edici\u00f3n del Challenge Popular, un evento de cocreaci\u00f3n de ideas dirigido a universitarios, en el cual fueron premiadas las propuestas m\u00e1s innovadoras enfocadas en c\u00f3mo, a trav\u00e9s de la transformaci\u00f3n digital, los j\u00f3venes pueden contribuir a un futuro m\u00e1s responsable y a la evoluci\u00f3n sostenible de la econom\u00eda del pa\u00eds.<\/p>\n<p><a href=\"http:\/\/elmundodelosnegocios.com.do\/v1\/wp-content\/uploads\/2025\/07\/BPD-slider-AND06007.jpg\"><img loading=\"lazy\" decoding=\"async\" class=\"aligncenter size-full wp-image-71811\" src=\"http:\/\/elmundodelosnegocios.com.do\/v1\/wp-content\/uploads\/2025\/07\/BPD-slider-AND06007.jpg\" alt=\"\" width=\"850\" height=\"450\" srcset=\"https:\/\/elmundodelosnegocios.com.do\/v1\/wp-content\/uploads\/2025\/07\/BPD-slider-AND06007.jpg 850w, https:\/\/elmundodelosnegocios.com.do\/v1\/wp-content\/uploads\/2025\/07\/BPD-slider-AND06007-300x159.jpg 300w, https:\/\/elmundodelosnegocios.com.do\/v1\/wp-content\/uploads\/2025\/07\/BPD-slider-AND06007-768x407.jpg 768w\" sizes=\"auto, (max-width: 850px) 100vw, 850px\" \/><\/a><\/p>\n<p>Un total de 682 estudiantes universitarios participaron en esta edici\u00f3n, que inici\u00f3 con una etapa preliminar, en la cual fueron seleccionados dos equipos representantes por cada universidad. Estos finalistas avanzaron a la etapa final del Challenge Popular, donde presentaron sus propuestas ante un jurado multidisciplinario.<\/p>\n<p><a href=\"http:\/\/elmundodelosnegocios.com.do\/v1\/wp-content\/uploads\/2025\/07\/BPD-slider-AND06131.jpg\"><img loading=\"lazy\" decoding=\"async\" class=\"aligncenter size-full wp-image-71812\" src=\"http:\/\/elmundodelosnegocios.com.do\/v1\/wp-content\/uploads\/2025\/07\/BPD-slider-AND06131.jpg\" alt=\"\" width=\"850\" height=\"450\" srcset=\"https:\/\/elmundodelosnegocios.com.do\/v1\/wp-content\/uploads\/2025\/07\/BPD-slider-AND06131.jpg 850w, https:\/\/elmundodelosnegocios.com.do\/v1\/wp-content\/uploads\/2025\/07\/BPD-slider-AND06131-300x159.jpg 300w, https:\/\/elmundodelosnegocios.com.do\/v1\/wp-content\/uploads\/2025\/07\/BPD-slider-AND06131-768x407.jpg 768w\" sizes=\"auto, (max-width: 850px) 100vw, 850px\" \/><\/a><\/p>\n<p>Durante esta etapa, los equipos, integrados por j\u00f3venes de distintas universidades, recibieron materiales de apoyo y acompa\u00f1amiento por parte de mentores del Banco Popular, con el objetivo de desarrollar soluciones centradas en tres pilares fundamentales: modelos de inteligencia artificial y sostenibilidad, negocios sostenibles, y educaci\u00f3n y conciencia digital.<\/p>\n<p><a href=\"http:\/\/elmundodelosnegocios.com.do\/v1\/wp-content\/uploads\/2025\/07\/BPD-slider-AND06151.jpg\"><img loading=\"lazy\" decoding=\"async\" class=\"aligncenter size-full wp-image-71813\" src=\"http:\/\/elmundodelosnegocios.com.do\/v1\/wp-content\/uploads\/2025\/07\/BPD-slider-AND06151.jpg\" alt=\"\" width=\"850\" height=\"450\" srcset=\"https:\/\/elmundodelosnegocios.com.do\/v1\/wp-content\/uploads\/2025\/07\/BPD-slider-AND06151.jpg 850w, https:\/\/elmundodelosnegocios.com.do\/v1\/wp-content\/uploads\/2025\/07\/BPD-slider-AND06151-300x159.jpg 300w, https:\/\/elmundodelosnegocios.com.do\/v1\/wp-content\/uploads\/2025\/07\/BPD-slider-AND06151-768x407.jpg 768w\" sizes=\"auto, (max-width: 850px) 100vw, 850px\" \/><\/a><\/p>\n<p>Como novedad, en la novena edici\u00f3n del Challenge Popular se implement\u00f3 el primer curso de micro aprendizaje de \u201cLearning by Doing\u00bb, enfocado en la cocreaci\u00f3n con estudiantes universitarios. Adem\u00e1s, se lanz\u00f3 el primer curso con tutores impulsados por inteligencia artificial, dise\u00f1ado para facilitar su aprendizaje.<\/p>\n<p><a href=\"http:\/\/elmundodelosnegocios.com.do\/v1\/wp-content\/uploads\/2025\/07\/BPD-slider-AND06546.jpg\"><img loading=\"lazy\" decoding=\"async\" class=\"aligncenter size-full wp-image-71814\" src=\"http:\/\/elmundodelosnegocios.com.do\/v1\/wp-content\/uploads\/2025\/07\/BPD-slider-AND06546.jpg\" alt=\"\" width=\"850\" height=\"450\" srcset=\"https:\/\/elmundodelosnegocios.com.do\/v1\/wp-content\/uploads\/2025\/07\/BPD-slider-AND06546.jpg 850w, https:\/\/elmundodelosnegocios.com.do\/v1\/wp-content\/uploads\/2025\/07\/BPD-slider-AND06546-300x159.jpg 300w, https:\/\/elmundodelosnegocios.com.do\/v1\/wp-content\/uploads\/2025\/07\/BPD-slider-AND06546-768x407.jpg 768w\" sizes=\"auto, (max-width: 850px) 100vw, 850px\" \/><\/a><\/p>\n<p><strong>M\u00e1s de seis d\u00e9cadas de apoyo a la juventud<\/strong><\/p>\n<p>Durante la jornada de premiaci\u00f3n, la se\u00f1ora Giselle Moreno, vicepresidenta del \u00c1rea de Mercadeo del Banco Popular, reiter\u00f3 el compromiso institucional con la juventud dominicana y su papel clave en la transformaci\u00f3n del pa\u00eds.<\/p>\n<p>\u201cDesde hace m\u00e1s de seis d\u00e9cadas, los j\u00f3venes han estado en el centro de la visi\u00f3n institucional del Banco Popular Dominicano. Por eso impulsamos plataformas como gnial, nuestra aplicaci\u00f3n financiera dise\u00f1ada para fomentar h\u00e1bitos de ahorro entre los j\u00f3venes, la cual, gracias a ustedes, ya cuenta con m\u00e1s de 21,000 clientes\u00bb, dijo la se\u00f1ora Moreno.<\/p>\n<p><strong>Ganadores de la novena edici\u00f3n\u00a0<\/strong><\/p>\n<p>La elevada calidad de los proyectos presentados llev\u00f3 al jurado a ampliar los reconocimientos previstos, otorgando cuatro menciones especiales en lugar de una, como se hab\u00eda contemplado inicialmente.<\/p>\n<p>De esta forma, el primer lugar fue otorgado al equipo de la universidad INTEC, integrado por Ali Rizvi, Eimi Calder\u00f3n, Ivis Veloz y Theily Cabrera, quienes recibieron un premio de RD$315,000.<\/p>\n<p>El segundo lugar correspondi\u00f3 a estudiantes de la UNPHU, conformado por Denzel Peguero, Emilhy Arnaud, Judith Santos y Cristal G\u00f3mez, quienes obtuvieron un premio de RD$280,000.<\/p>\n<p>En el tercer lugar, el jurado reconoci\u00f3 al equipo de UNIBE, compuesto por Alessia Jim\u00e9nez, Andra Paulino, Ronald Nivar y Yordi Polanco, premiado con RD$250,000 por su enfoque innovador y factible.<\/p>\n<p>Asimismo, se otorgaron menciones especiales, cada una con un premio de RD$185,000 por equipo, a cuatro grupos que destacaron por su creatividad y compromiso.<\/p>\n<p>El primer equipo integrado por estudiantes de INTEC, lo conformaron Tiffany Bertola, Camila Tejada, Rayner Rodr\u00edguez y Ynelisa Perdomo, y el segundo por Greitchen Velez, Pedro Rojas, Ashley Valdez y Freddy Bottier.<\/p>\n<p>Por parte de UNIBE, tambi\u00e9n se reconocieron dos equipos con menci\u00f3n especial. El primero estuvo conformado por Carmen Soba Valoy y Eslokaren Acero, y el segundo por Juan Reyes, Hansel P\u00e9rez y Yohanna D\u00edaz Florian.<\/p>\n","protected":false},"excerpt":{"rendered":"<p>La competici\u00f3n congreg\u00f3 a m\u00e1s de 680 estudiantes universitarios\u00a0 \u200b Santo Domingo. \u2013 El Banco Popular Dominicano celebr\u00f3 la novena edici\u00f3n del Challenge Popular, un evento de cocreaci\u00f3n de ideas&hellip; <\/p>\n","protected":false},"author":2,"featured_media":71810,"comment_status":"closed","ping_status":"closed","sticky":false,"template":"","format":"standard","meta":{"fifu_image_url":"","fifu_image_alt":"","footnotes":""},"categories":[180],"tags":[],"class_list":["post-71809","post","type-post","status-publish","format-standard","has-post-thumbnail","hentry","category-banca"],"_links":{"self":[{"href":"https:\/\/elmundodelosnegocios.com.do\/v1\/wp-json\/wp\/v2\/posts\/71809","targetHints":{"allow":["GET"]}}],"collection":[{"href":"https:\/\/elmundodelosnegocios.com.do\/v1\/wp-json\/wp\/v2\/posts"}],"about":[{"href":"https:\/\/elmundodelosnegocios.com.do\/v1\/wp-json\/wp\/v2\/types\/post"}],"author":[{"embeddable":true,"href":"https:\/\/elmundodelosnegocios.com.do\/v1\/wp-json\/wp\/v2\/users\/2"}],"replies":[{"embeddable":true,"href":"https:\/\/elmundodelosnegocios.com.do\/v1\/wp-json\/wp\/v2\/comments?post=71809"}],"version-history":[{"count":1,"href":"https:\/\/elmundodelosnegocios.com.do\/v1\/wp-json\/wp\/v2\/posts\/71809\/revisions"}],"predecessor-version":[{"id":71815,"href":"https:\/\/elmundodelosnegocios.com.do\/v1\/wp-json\/wp\/v2\/posts\/71809\/revisions\/71815"}],"wp:featuredmedia":[{"embeddable":true,"href":"https:\/\/elmundodelosnegocios.com.do\/v1\/wp-json\/wp\/v2\/media\/71810"}],"wp:attachment":[{"href":"https:\/\/elmundodelosnegocios.com.do\/v1\/wp-json\/wp\/v2\/media?parent=71809"}],"wp:term":[{"taxonomy":"category","embeddable":true,"href":"https:\/\/elmundodelosnegocios.com.do\/v1\/wp-json\/wp\/v2\/categories?post=71809"},{"taxonomy":"post_tag","embeddable":true,"href":"https:\/\/elmundodelosnegocios.com.do\/v1\/wp-json\/wp\/v2\/tags?post=71809"}],"curies":[{"name":"wp","href":"https:\/\/api.w.org\/{rel}","templated":true}]}}