{"id":71816,"date":"2025-07-06T17:09:55","date_gmt":"2025-07-06T21:39:55","guid":{"rendered":"https:\/\/www.elmundodelosnegocios.com.do\/v1\/?p=71816"},"modified":"2025-07-06T17:13:22","modified_gmt":"2025-07-06T21:43:22","slug":"bcrd-concluye-su-xi-diplomado-interno-de-economia-y-finanzas-para-personal-de-la-institucion","status":"publish","type":"post","link":"https:\/\/elmundodelosnegocios.com.do\/v1\/bcrd-concluye-su-xi-diplomado-interno-de-economia-y-finanzas-para-personal-de-la-institucion\/","title":{"rendered":"BCRD concluye su XI Diplomado interno de econom\u00eda y finanzas para personal de la instituci\u00f3n"},"content":{"rendered":"<p><span class=\"text-bolder-gb\">Santo Domingo. Rep\u00fablica Dominicana.<\/span>\u00a0El gobernador del Banco Central de la Rep\u00fablica Dominicana (BCRD), H\u00e9ctor Valdez Albizu, presidi\u00f3 la ceremonia de clausura y entrega de certificados del XI Diplomado interno de econom\u00eda y finanzas para el personal del Banco Central, el cual forma parte de las actividades del programa de responsabilidad social institucional \u201cAula Central para la educaci\u00f3n econ\u00f3mica y financiera\u201d.<\/p>\n<p><a href=\"http:\/\/elmundodelosnegocios.com.do\/v1\/wp-content\/uploads\/2025\/07\/bc20250706.jpg\"><img loading=\"lazy\" decoding=\"async\" class=\"aligncenter size-full wp-image-71817\" src=\"http:\/\/elmundodelosnegocios.com.do\/v1\/wp-content\/uploads\/2025\/07\/bc20250706.jpg\" alt=\"\" width=\"848\" height=\"410\" srcset=\"https:\/\/elmundodelosnegocios.com.do\/v1\/wp-content\/uploads\/2025\/07\/bc20250706.jpg 848w, https:\/\/elmundodelosnegocios.com.do\/v1\/wp-content\/uploads\/2025\/07\/bc20250706-300x145.jpg 300w, https:\/\/elmundodelosnegocios.com.do\/v1\/wp-content\/uploads\/2025\/07\/bc20250706-768x371.jpg 768w\" sizes=\"auto, (max-width: 848px) 100vw, 848px\" \/><\/a><\/p>\n<p>Valdez Albizu resalt\u00f3 que \u201cdesde el a\u00f1o 2015, cuando realizamos nuestra primera versi\u00f3n del diplomado, se han capacitado a 1,017 participantes. Este a\u00f1o 2025 ha sido igualmente ejemplar por su concurrencia, al contar con 105 participantes, lo que nos enorgullece y nos motiva a seguir trabajando en la formaci\u00f3n de los bancentralianos\u201d.<\/p>\n<p><a href=\"http:\/\/elmundodelosnegocios.com.do\/v1\/wp-content\/uploads\/2025\/07\/bc20250706-2.jpg\"><img loading=\"lazy\" decoding=\"async\" class=\"aligncenter size-full wp-image-71818\" src=\"http:\/\/elmundodelosnegocios.com.do\/v1\/wp-content\/uploads\/2025\/07\/bc20250706-2.jpg\" alt=\"\" width=\"848\" height=\"410\" srcset=\"https:\/\/elmundodelosnegocios.com.do\/v1\/wp-content\/uploads\/2025\/07\/bc20250706-2.jpg 848w, https:\/\/elmundodelosnegocios.com.do\/v1\/wp-content\/uploads\/2025\/07\/bc20250706-2-300x145.jpg 300w, https:\/\/elmundodelosnegocios.com.do\/v1\/wp-content\/uploads\/2025\/07\/bc20250706-2-768x371.jpg 768w\" sizes=\"auto, (max-width: 848px) 100vw, 848px\" \/><\/a><\/p>\n<p>Asimismo, se\u00f1al\u00f3 que \u201cmediante esta jornada formativa, buscamos ofrecer al personal activo la capacidad de comprender conceptos b\u00e1sicos de la econom\u00eda y las finanzas, a fin de que les permita dominar adecuadamente los principales conceptos y temas relacionados con las funciones que realiza nuestra instituci\u00f3n. De esta manera, contribuimos al logro de nuestros objetivos institucionales, otorgando a los bancentralianos el poder del conocimiento, uno de los m\u00e1s grandes valores de nuestra sociedad\u201d.<\/p>\n<p><a href=\"http:\/\/elmundodelosnegocios.com.do\/v1\/wp-content\/uploads\/2025\/07\/bc20250706-4.jpg\"><img loading=\"lazy\" decoding=\"async\" class=\"aligncenter size-full wp-image-71819\" src=\"http:\/\/elmundodelosnegocios.com.do\/v1\/wp-content\/uploads\/2025\/07\/bc20250706-4.jpg\" alt=\"\" width=\"848\" height=\"410\" srcset=\"https:\/\/elmundodelosnegocios.com.do\/v1\/wp-content\/uploads\/2025\/07\/bc20250706-4.jpg 848w, https:\/\/elmundodelosnegocios.com.do\/v1\/wp-content\/uploads\/2025\/07\/bc20250706-4-300x145.jpg 300w, https:\/\/elmundodelosnegocios.com.do\/v1\/wp-content\/uploads\/2025\/07\/bc20250706-4-768x371.jpg 768w\" sizes=\"auto, (max-width: 848px) 100vw, 848px\" \/><\/a><\/p>\n<p>La actividad formativa cont\u00f3 con facilitadores de alto nivel pertenecientes a la instituci\u00f3n, que abordaron los temas: pol\u00edtica monetaria, billetes y monedas, estructura del sistema financiero dominicano, sistema de pagos, producto interno bruto, inflaci\u00f3n, encuesta nacional de fuerza de trabajo, balanza de pagos, mercado cambiario, econom\u00eda mundial, gesti\u00f3n de tesorer\u00eda y de las reservas internacionales, planificaci\u00f3n y finanzas personales.<\/p>\n<p>El gobernador tambi\u00e9n ponder\u00f3 la importancia esencial de otras iniciativas planificadas a trav\u00e9s de Aula Central, como el diplomado titulado \u201cFormaci\u00f3n econ\u00f3mica para comunicadores\u201d, del cual se han realizado 15 versiones en todas las regiones del pa\u00eds, ofreciendo conocimiento t\u00e9cnico en econom\u00eda y finanzas a los profesionales de la comunicaci\u00f3n para contribuir con la comprensi\u00f3n y correcta difusi\u00f3n de estos temas.<\/p>\n<p>Igualmente, se refiri\u00f3 a la Semana Econ\u00f3mica y Financiera y destac\u00f3 el Concurso Anual de Econom\u00eda que organiza el Departamento Cultural del BCRD, \u201cel cual enaltece el cultivo de las ciencias econ\u00f3micas a trav\u00e9s de la investigaci\u00f3n, as\u00ed como las charlas a gremios, mipymes y universidades sobre temas de econom\u00eda y finanzas con el objetivo de hacer m\u00e1s atractiva y eficiente nuestra responsabilidad social corporativa.<\/p>\n<p>Valdez Albizu agradeci\u00f3 el trabajo realizado por los facilitadores de alto nivel pertenecientes a destacados departamentos del BCRD.<\/p>\n<p>El gobernador estuvo acompa\u00f1ado de la vicegobernadora, Clarissa de la Rocha de Torres; el gerente, Ervin Novas Bello; el contralor, Jos\u00e9 Manuel Taveras Lay, el subgerente general, Frank Monta\u00f1o, as\u00ed como dem\u00e1s subgerentes, directores y asesores de la instituci\u00f3n.<\/p>\n","protected":false},"excerpt":{"rendered":"<p>Santo Domingo. Rep\u00fablica Dominicana.\u00a0El gobernador del Banco Central de la Rep\u00fablica Dominicana (BCRD), H\u00e9ctor Valdez Albizu, presidi\u00f3 la ceremonia de clausura y entrega de certificados del XI Diplomado interno de&hellip; <\/p>\n","protected":false},"author":2,"featured_media":71817,"comment_status":"closed","ping_status":"closed","sticky":false,"template":"","format":"standard","meta":{"fifu_image_url":"","fifu_image_alt":"","footnotes":""},"categories":[62],"tags":[],"class_list":["post-71816","post","type-post","status-publish","format-standard","has-post-thumbnail","hentry","category-economia"],"_links":{"self":[{"href":"https:\/\/elmundodelosnegocios.com.do\/v1\/wp-json\/wp\/v2\/posts\/71816","targetHints":{"allow":["GET"]}}],"collection":[{"href":"https:\/\/elmundodelosnegocios.com.do\/v1\/wp-json\/wp\/v2\/posts"}],"about":[{"href":"https:\/\/elmundodelosnegocios.com.do\/v1\/wp-json\/wp\/v2\/types\/post"}],"author":[{"embeddable":true,"href":"https:\/\/elmundodelosnegocios.com.do\/v1\/wp-json\/wp\/v2\/users\/2"}],"replies":[{"embeddable":true,"href":"https:\/\/elmundodelosnegocios.com.do\/v1\/wp-json\/wp\/v2\/comments?post=71816"}],"version-history":[{"count":1,"href":"https:\/\/elmundodelosnegocios.com.do\/v1\/wp-json\/wp\/v2\/posts\/71816\/revisions"}],"predecessor-version":[{"id":71820,"href":"https:\/\/elmundodelosnegocios.com.do\/v1\/wp-json\/wp\/v2\/posts\/71816\/revisions\/71820"}],"wp:featuredmedia":[{"embeddable":true,"href":"https:\/\/elmundodelosnegocios.com.do\/v1\/wp-json\/wp\/v2\/media\/71817"}],"wp:attachment":[{"href":"https:\/\/elmundodelosnegocios.com.do\/v1\/wp-json\/wp\/v2\/media?parent=71816"}],"wp:term":[{"taxonomy":"category","embeddable":true,"href":"https:\/\/elmundodelosnegocios.com.do\/v1\/wp-json\/wp\/v2\/categories?post=71816"},{"taxonomy":"post_tag","embeddable":true,"href":"https:\/\/elmundodelosnegocios.com.do\/v1\/wp-json\/wp\/v2\/tags?post=71816"}],"curies":[{"name":"wp","href":"https:\/\/api.w.org\/{rel}","templated":true}]}}