{"id":7182,"date":"2021-06-22T09:08:04","date_gmt":"2021-06-22T13:38:04","guid":{"rendered":"http:\/\/elmundodelosnegocios.com.do\/v1\/?p=7182"},"modified":"2021-06-23T11:10:42","modified_gmt":"2021-06-23T15:40:42","slug":"camara-de-comercio-y-produccion-de-san-cristobal-y-prodominicana-firman-acuerdo","status":"publish","type":"post","link":"https:\/\/elmundodelosnegocios.com.do\/v1\/camara-de-comercio-y-produccion-de-san-cristobal-y-prodominicana-firman-acuerdo\/","title":{"rendered":"ProDominicana destaca capacidad industrial San Crist\u00f3bal"},"content":{"rendered":"<p>San Crist\u00f3bal.- La C\u00e1mara de Comercio y Producci\u00f3n de esta ciudad y el Centro de Exportaci\u00f3n e Inversi\u00f3n de la Rep\u00fablica Dominicana (ProDominicana), antiguo CEI-RD, firmaron un acuerdo interinstitucional de colaboraci\u00f3n que optimizar\u00e1 los recursos para alcanzar las metas trazadas en la agenda nacional y local.<\/p>\n<p>Dicho acuerdo, promover\u00e1 el desarrollo de las diversas actividades, proyectos y planes de trabajo de ambas entidades, permitiendo a los actores locales el empoderamiento e incentiv\u00e1ndolos a la productividad y el crecimiento de las exportaciones e inversiones en esta ciudad y todo el pa\u00eds.<\/p>\n<p>El convenio entre ambas instituciones, fue firmado por el presidente de la C\u00e1mara de Comercio y Producci\u00f3n de San Crist\u00f3bal, V\u00edctor Ram\u00f3n Mont\u00e1s y la directora ejecutiva de ProDominicana, Angelina Biviana Riveiro; siendo validado por el abogado notario, Manolo Hern\u00e1ndez Carmona.<\/p>\n<p>Con este acuerdo, ProDominicana se compromete a \u201cpromover y coordinar en colaboraci\u00f3n con esta C\u00e1mara de Comercio, un programa de acciones de promoci\u00f3n y consolidaci\u00f3n de empresas dedicadas a las exportaciones e inversiones con potencial exportador\u201d.<\/p>\n<p>De su lado, la C\u00e1mara de Comercio y Producci\u00f3n de San Crist\u00f3bal, asumi\u00f3 el compromiso de dise\u00f1ar y coordinar las acciones para la promoci\u00f3n de las exportaciones y atracci\u00f3n de inversiones extranjeras en esta provincia.<\/p>\n<p>Mont\u00e1s, asegur\u00f3 que este acuerdo beneficia a toda la clase empresarial de San Crist\u00f3bal, en especial a las que realizan exportaciones y a los inversionistas interesados en esta demarcaci\u00f3n, ya que ProDominicana tendr\u00e1 un personal especializado trabajando desde las instalaciones de la c\u00e1mara, facilitando las operaciones de los productores y exportadores de la provincia.<\/p>\n<p>\u201cCon esta uni\u00f3n buscamos atraer inversionistas y fortalecer la producci\u00f3n y exportaci\u00f3n en la provincia, ya que San Crist\u00f3bal tiene todas las condiciones para desarrollar estas operaciones\u201d, expres\u00f3 el presidente de la c\u00e1mara, al dar la bienvenida a los presentes.<\/p>\n<p>La directora de ProDominicana expres\u00f3 su agradecimiento por el acuerdo, ya que el mismo, facilitar\u00e1 procesos para los productores y exportadores de San Crist\u00f3bal.<\/p>\n<p>Enfatiz\u00f3 que con este apoyo permiten a los agricultores, emprendedores, comerciantes y exportadores, lograr el sue\u00f1o de colocar sus mercanc\u00edas en mercados internacionales, desarrollando y posicionando la marca pa\u00eds mediante la calidad de sus productos.<\/p>\n<p>Asimismo, destac\u00f3 la importancia de acercar cada vez m\u00e1s esas facilidades que ofrece ProDominicana, a los productores locales, por lo que agradeci\u00f3 a la C\u00e1mara de Comercio por destinar un espacio en sus oficinas para realizar los procesos de los exportadores e inversionistas.<\/p>\n<p>Durante la firma del convenio, acompa\u00f1aron al presidente de la C\u00e1mara de Comercio, los miembros directivos, Carlos Rolando Isabel, William S\u00e1nchez, Victor Castro, F\u00e9lix Delgado y Robert P\u00e9rez.<\/p>\n<p>Mientras la directora ejecutiva de ProDominicana fue acompa\u00f1ada por el director de exportaci\u00f3n, Jaime Licairac; la gerente de gesti\u00f3n humana, Astrid D\u00edaz; Maritza Bello, gerente de Relaciones Internacionales y Protocolo; Miguel Mont\u00e1n, gerente de Exportaci\u00f3n, entre otros colaboradores.<\/p>\n","protected":false},"excerpt":{"rendered":"<p>San Crist\u00f3bal.- La C\u00e1mara de Comercio y Producci\u00f3n de esta ciudad y el Centro de Exportaci\u00f3n e Inversi\u00f3n de la Rep\u00fablica Dominicana (ProDominicana), antiguo CEI-RD, firmaron un acuerdo interinstitucional de&hellip; <\/p>\n","protected":false},"author":2,"featured_media":7184,"comment_status":"open","ping_status":"open","sticky":false,"template":"","format":"standard","meta":{"fifu_image_url":"","fifu_image_alt":"","footnotes":""},"categories":[147],"tags":[],"class_list":["post-7182","post","type-post","status-publish","format-standard","has-post-thumbnail","hentry","category-comercio"],"_links":{"self":[{"href":"https:\/\/elmundodelosnegocios.com.do\/v1\/wp-json\/wp\/v2\/posts\/7182","targetHints":{"allow":["GET"]}}],"collection":[{"href":"https:\/\/elmundodelosnegocios.com.do\/v1\/wp-json\/wp\/v2\/posts"}],"about":[{"href":"https:\/\/elmundodelosnegocios.com.do\/v1\/wp-json\/wp\/v2\/types\/post"}],"author":[{"embeddable":true,"href":"https:\/\/elmundodelosnegocios.com.do\/v1\/wp-json\/wp\/v2\/users\/2"}],"replies":[{"embeddable":true,"href":"https:\/\/elmundodelosnegocios.com.do\/v1\/wp-json\/wp\/v2\/comments?post=7182"}],"version-history":[{"count":0,"href":"https:\/\/elmundodelosnegocios.com.do\/v1\/wp-json\/wp\/v2\/posts\/7182\/revisions"}],"wp:featuredmedia":[{"embeddable":true,"href":"https:\/\/elmundodelosnegocios.com.do\/v1\/wp-json\/wp\/v2\/media\/7184"}],"wp:attachment":[{"href":"https:\/\/elmundodelosnegocios.com.do\/v1\/wp-json\/wp\/v2\/media?parent=7182"}],"wp:term":[{"taxonomy":"category","embeddable":true,"href":"https:\/\/elmundodelosnegocios.com.do\/v1\/wp-json\/wp\/v2\/categories?post=7182"},{"taxonomy":"post_tag","embeddable":true,"href":"https:\/\/elmundodelosnegocios.com.do\/v1\/wp-json\/wp\/v2\/tags?post=7182"}],"curies":[{"name":"wp","href":"https:\/\/api.w.org\/{rel}","templated":true}]}}