{"id":71825,"date":"2025-07-06T17:09:25","date_gmt":"2025-07-06T21:39:25","guid":{"rendered":"https:\/\/www.elmundodelosnegocios.com.do\/v1\/?p=71825"},"modified":"2025-07-06T17:09:25","modified_gmt":"2025-07-06T21:39:25","slug":"premios-lawa-2025-el-reconocimiento-que-transforma-la-industria-de-bodas-y-eventos-en-america-latina","status":"publish","type":"post","link":"https:\/\/elmundodelosnegocios.com.do\/v1\/premios-lawa-2025-el-reconocimiento-que-transforma-la-industria-de-bodas-y-eventos-en-america-latina\/","title":{"rendered":"Premios LAWA 2025: El reconocimiento que transforma la industria de bodas y eventos en Am\u00e9rica Latina"},"content":{"rendered":"<h2 class=\"wp-block-heading\">Se celebrar\u00e1n el 30 de julio en el Teatro La Fiesta del Hotel Jaragua, Santo Domingo<\/h2>\n<p><em>Los\u00a0<strong>Latin American Wedding Awards (Premios LAWA) 2025<\/strong>\u00a0se preparan para marcar un nuevo hito en la industria de\u00a0<strong>bodas y eventos en Am\u00e9rica Latina<\/strong>, consolid\u00e1ndose como el galard\u00f3n m\u00e1s importante para el\u00a0<strong>turismo de romance y reuniones en la regi\u00f3n<\/strong>.<\/em><\/p>\n<p><a href=\"http:\/\/elmundodelosnegocios.com.do\/v1\/wp-content\/uploads\/2025\/07\/IMG_7728-scaled-1.jpeg\"><img loading=\"lazy\" decoding=\"async\" class=\"aligncenter size-full wp-image-71826\" src=\"http:\/\/elmundodelosnegocios.com.do\/v1\/wp-content\/uploads\/2025\/07\/IMG_7728-scaled-1.jpeg\" alt=\"\" width=\"2560\" height=\"1707\" srcset=\"https:\/\/elmundodelosnegocios.com.do\/v1\/wp-content\/uploads\/2025\/07\/IMG_7728-scaled-1.jpeg 2560w, https:\/\/elmundodelosnegocios.com.do\/v1\/wp-content\/uploads\/2025\/07\/IMG_7728-scaled-1-300x200.jpeg 300w, https:\/\/elmundodelosnegocios.com.do\/v1\/wp-content\/uploads\/2025\/07\/IMG_7728-scaled-1-1024x683.jpeg 1024w, https:\/\/elmundodelosnegocios.com.do\/v1\/wp-content\/uploads\/2025\/07\/IMG_7728-scaled-1-768x512.jpeg 768w, https:\/\/elmundodelosnegocios.com.do\/v1\/wp-content\/uploads\/2025\/07\/IMG_7728-scaled-1-1536x1024.jpeg 1536w, https:\/\/elmundodelosnegocios.com.do\/v1\/wp-content\/uploads\/2025\/07\/IMG_7728-scaled-1-2048x1366.jpeg 2048w\" sizes=\"auto, (max-width: 2560px) 100vw, 2560px\" \/><\/a><\/p>\n<p>Este 30 de julio, la sexta edici\u00f3n de los Premios LAWA se celebrar\u00e1 en el\u00a0<strong>Teatro La Fiesta del Hotel Jaragua<\/strong>, en Santo Domingo, coincidiendo con la primera edici\u00f3n nacional de los\u00a0<strong>Premios Rep\u00fablica Dominicana Event Awards al Turismo de Romance y de Reuniones<\/strong>.<\/p>\n<h2 class=\"wp-block-heading\">Reconocimiento a la creatividad, innovaci\u00f3n y excelencia en la industria de bodas y eventos.<\/h2>\n<p>Desde su primera edici\u00f3n, los\u00a0<strong>Premios LAWA<\/strong>\u00a0han crecido hasta convertirse en un\u00a0<strong>referente internacional<\/strong>, celebrando la labor de\u00a0<strong>wedding planners, dise\u00f1adores de eventos, organizadores de congresos, hoteles, venues y agencias de viajes<\/strong>. Adem\u00e1s, reconocen la\u00a0<strong>innovaci\u00f3n, la responsabilidad social y la evoluci\u00f3n de una industria que mueve emociones y genera impacto econ\u00f3mico en toda la regi\u00f3n<\/strong>.<\/p>\n<figure class=\"wp-block-image size-large\"><a href=\"https:\/\/diariosocialrd.com\/wp-content\/uploads\/2025\/07\/IMG_7732.jpeg\" data-rel=\"penci-gallery-image-content\"><img loading=\"lazy\" decoding=\"async\" class=\"wp-image-233687 aligncenter\" src=\"https:\/\/diariosocialrd.com\/wp-content\/uploads\/2025\/07\/IMG_7732-1024x964.jpeg\" sizes=\"auto, (max-width: 1024px) 100vw, 1024px\" srcset=\"https:\/\/diariosocialrd.com\/wp-content\/uploads\/2025\/07\/IMG_7732-1024x964.jpeg 1024w, https:\/\/diariosocialrd.com\/wp-content\/uploads\/2025\/07\/IMG_7732-300x283.jpeg 300w, https:\/\/diariosocialrd.com\/wp-content\/uploads\/2025\/07\/IMG_7732-768x723.jpeg 768w, https:\/\/diariosocialrd.com\/wp-content\/uploads\/2025\/07\/IMG_7732-1536x1447.jpeg 1536w, https:\/\/diariosocialrd.com\/wp-content\/uploads\/2025\/07\/IMG_7732-1920x1808.jpeg 1920w, https:\/\/diariosocialrd.com\/wp-content\/uploads\/2025\/07\/IMG_7732-1170x1102.jpeg 1170w, https:\/\/diariosocialrd.com\/wp-content\/uploads\/2025\/07\/IMG_7732-585x551.jpeg 585w, https:\/\/diariosocialrd.com\/wp-content\/uploads\/2025\/07\/IMG_7732.jpeg 2009w\" alt=\"\" width=\"1024\" height=\"964\" \/><\/a><\/figure>\n<p>\u201cEste premio no solo reconoce un trabajo bien hecho, sino que visibiliza el talento latinoamericano, inspira a nuevas generaciones y fortalece una red internacional de profesionales comprometidos con la excelencia\u201d, expres\u00f3\u00a0<strong>Pedro Vargas, director de los premios en Rep\u00fablica Dominicana<\/strong>.<\/p>\n<figure class=\"wp-block-image size-large\"><a href=\"https:\/\/diariosocialrd.com\/wp-content\/uploads\/2025\/07\/IMG_7731-scaled.jpeg\" data-rel=\"penci-gallery-image-content\"><img loading=\"lazy\" decoding=\"async\" class=\"wp-image-233688 aligncenter\" src=\"https:\/\/diariosocialrd.com\/wp-content\/uploads\/2025\/07\/IMG_7731-1024x682.jpeg\" sizes=\"auto, (max-width: 1024px) 100vw, 1024px\" srcset=\"https:\/\/diariosocialrd.com\/wp-content\/uploads\/2025\/07\/IMG_7731-1024x682.jpeg 1024w, https:\/\/diariosocialrd.com\/wp-content\/uploads\/2025\/07\/IMG_7731-300x200.jpeg 300w, https:\/\/diariosocialrd.com\/wp-content\/uploads\/2025\/07\/IMG_7731-768x512.jpeg 768w, https:\/\/diariosocialrd.com\/wp-content\/uploads\/2025\/07\/IMG_7731-1536x1024.jpeg 1536w, https:\/\/diariosocialrd.com\/wp-content\/uploads\/2025\/07\/IMG_7731-2048x1365.jpeg 2048w, https:\/\/diariosocialrd.com\/wp-content\/uploads\/2025\/07\/IMG_7731-1920x1280.jpeg 1920w, https:\/\/diariosocialrd.com\/wp-content\/uploads\/2025\/07\/IMG_7731-1170x780.jpeg 1170w, https:\/\/diariosocialrd.com\/wp-content\/uploads\/2025\/07\/IMG_7731-585x390.jpeg 585w, https:\/\/diariosocialrd.com\/wp-content\/uploads\/2025\/07\/IMG_7731-263x175.jpeg 263w\" alt=\"\" width=\"1024\" height=\"682\" \/><\/a><\/figure>\n<h2 class=\"wp-block-heading\">M\u00e1s que un trofeo: un sello de confianza para la industria<\/h2>\n<p>Los Premios LAWA 2025 contar\u00e1n con\u00a0<strong>49 categor\u00edas en competencia<\/strong>, impulsando la\u00a0<strong>profesionalizaci\u00f3n y elevando los est\u00e1ndares de calidad en una industria en constante transformaci\u00f3n<\/strong>. Para muchos ganadores, un\u00a0<strong>Premio LAWA representa un sello de garant\u00eda y confianza<\/strong>, generando nuevas oportunidades de negocio y consolidando trayectorias profesionales.<\/p>\n<p>\u201cCada edici\u00f3n de los Premios LAWA confirma que en Latinoam\u00e9rica hay talento, creatividad y visi\u00f3n de futuro. Este reconocimiento es una forma de proyectar todo eso al escenario internacional\u201d, coment\u00f3\u00a0<strong>Leonardo Artigas, director general de los Premios LAWA<\/strong>.<\/p>\n<figure class=\"wp-block-gallery has-nested-images columns-default is-cropped wp-block-gallery-1 is-layout-flex wp-block-gallery-is-layout-flex\">\n<figure class=\"wp-block-image size-large\"><a href=\"https:\/\/diariosocialrd.com\/wp-content\/uploads\/2025\/07\/IMG_7729-scaled.jpeg\" data-rel=\"penci-gallery-image-content\"><img loading=\"lazy\" decoding=\"async\" class=\"wp-image-233690 aligncenter\" src=\"https:\/\/diariosocialrd.com\/wp-content\/uploads\/2025\/07\/IMG_7729-682x1024.jpeg\" sizes=\"auto, (max-width: 682px) 100vw, 682px\" srcset=\"https:\/\/diariosocialrd.com\/wp-content\/uploads\/2025\/07\/IMG_7729-682x1024.jpeg 682w, https:\/\/diariosocialrd.com\/wp-content\/uploads\/2025\/07\/IMG_7729-200x300.jpeg 200w, https:\/\/diariosocialrd.com\/wp-content\/uploads\/2025\/07\/IMG_7729-768x1152.jpeg 768w, https:\/\/diariosocialrd.com\/wp-content\/uploads\/2025\/07\/IMG_7729-1024x1536.jpeg 1024w, https:\/\/diariosocialrd.com\/wp-content\/uploads\/2025\/07\/IMG_7729-1365x2048.jpeg 1365w, https:\/\/diariosocialrd.com\/wp-content\/uploads\/2025\/07\/IMG_7729-1920x2881.jpeg 1920w, https:\/\/diariosocialrd.com\/wp-content\/uploads\/2025\/07\/IMG_7729-1170x1755.jpeg 1170w, https:\/\/diariosocialrd.com\/wp-content\/uploads\/2025\/07\/IMG_7729-585x878.jpeg 585w, https:\/\/diariosocialrd.com\/wp-content\/uploads\/2025\/07\/IMG_7729-scaled.jpeg 1706w\" alt=\"\" width=\"682\" height=\"1024\" data-id=\"233690\" \/><\/a><\/figure>\n<figure class=\"wp-block-image size-large\"><a href=\"https:\/\/diariosocialrd.com\/wp-content\/uploads\/2025\/07\/IMG_7730-scaled.jpeg\" data-rel=\"penci-gallery-image-content\"><img loading=\"lazy\" decoding=\"async\" class=\"wp-image-233689 aligncenter\" src=\"https:\/\/diariosocialrd.com\/wp-content\/uploads\/2025\/07\/IMG_7730-682x1024.jpeg\" sizes=\"auto, (max-width: 682px) 100vw, 682px\" srcset=\"https:\/\/diariosocialrd.com\/wp-content\/uploads\/2025\/07\/IMG_7730-682x1024.jpeg 682w, https:\/\/diariosocialrd.com\/wp-content\/uploads\/2025\/07\/IMG_7730-200x300.jpeg 200w, https:\/\/diariosocialrd.com\/wp-content\/uploads\/2025\/07\/IMG_7730-768x1152.jpeg 768w, https:\/\/diariosocialrd.com\/wp-content\/uploads\/2025\/07\/IMG_7730-1024x1536.jpeg 1024w, https:\/\/diariosocialrd.com\/wp-content\/uploads\/2025\/07\/IMG_7730-1365x2048.jpeg 1365w, https:\/\/diariosocialrd.com\/wp-content\/uploads\/2025\/07\/IMG_7730-1920x2881.jpeg 1920w, https:\/\/diariosocialrd.com\/wp-content\/uploads\/2025\/07\/IMG_7730-1170x1755.jpeg 1170w, https:\/\/diariosocialrd.com\/wp-content\/uploads\/2025\/07\/IMG_7730-585x878.jpeg 585w, https:\/\/diariosocialrd.com\/wp-content\/uploads\/2025\/07\/IMG_7730-scaled.jpeg 1706w\" alt=\"\" width=\"682\" height=\"1024\" data-id=\"233689\" \/><\/a><\/figure>\n<\/figure>\n<h2 class=\"wp-block-heading\">Santo Domingo: destino ic\u00f3nico para un evento de clase mundial<\/h2>\n<p>La elecci\u00f3n de la\u00a0<strong>Rep\u00fablica Dominicana como sede<\/strong>\u00a0reafirma su posicionamiento como uno de los destinos m\u00e1s relevantes para el turismo de romance en el Caribe, ofreciendo un entorno de hospitalidad, lujo y belleza natural que complementa la experiencia de este evento de prestigio.<\/p>\n<p>Durante la ceremonia, se espera la participaci\u00f3n de los grandes protagonistas de la industria, generando\u00a0<strong>espacios de networking, aprendizaje y creaci\u00f3n de alianzas estrat\u00e9gicas en un mercado cada vez m\u00e1s competitivo y creativo<\/strong>.<\/p>\n<h2 class=\"wp-block-heading\">El camino hacia LAWA 2025 ya inici\u00f3<\/h2>\n<p>El\u00a0<strong>camino hacia LAWA 2025 ya est\u00e1 en marcha<\/strong>, ofreciendo una nueva oportunidad para que los protagonistas de la industria demuestren su visi\u00f3n, compromiso y capacidad de crear experiencias inolvidables.<\/p>\n<p>Porque cada boda, congreso o evento exitoso cuenta una historia, y en los\u00a0<strong>Latin American Wedding Awards<\/strong>, esas historias se convierten en\u00a0<strong>inspiraci\u00f3n para toda una industria<\/strong>.<\/p>\n","protected":false},"excerpt":{"rendered":"<p>Se celebrar\u00e1n el 30 de julio en el Teatro La Fiesta del Hotel Jaragua, Santo Domingo Los\u00a0Latin American Wedding Awards (Premios LAWA) 2025\u00a0se preparan para marcar un nuevo hito en&hellip; <\/p>\n","protected":false},"author":2,"featured_media":71826,"comment_status":"closed","ping_status":"closed","sticky":false,"template":"","format":"standard","meta":{"fifu_image_url":"","fifu_image_alt":"","footnotes":""},"categories":[157],"tags":[],"class_list":["post-71825","post","type-post","status-publish","format-standard","has-post-thumbnail","hentry","category-marketing"],"_links":{"self":[{"href":"https:\/\/elmundodelosnegocios.com.do\/v1\/wp-json\/wp\/v2\/posts\/71825","targetHints":{"allow":["GET"]}}],"collection":[{"href":"https:\/\/elmundodelosnegocios.com.do\/v1\/wp-json\/wp\/v2\/posts"}],"about":[{"href":"https:\/\/elmundodelosnegocios.com.do\/v1\/wp-json\/wp\/v2\/types\/post"}],"author":[{"embeddable":true,"href":"https:\/\/elmundodelosnegocios.com.do\/v1\/wp-json\/wp\/v2\/users\/2"}],"replies":[{"embeddable":true,"href":"https:\/\/elmundodelosnegocios.com.do\/v1\/wp-json\/wp\/v2\/comments?post=71825"}],"version-history":[{"count":1,"href":"https:\/\/elmundodelosnegocios.com.do\/v1\/wp-json\/wp\/v2\/posts\/71825\/revisions"}],"predecessor-version":[{"id":71827,"href":"https:\/\/elmundodelosnegocios.com.do\/v1\/wp-json\/wp\/v2\/posts\/71825\/revisions\/71827"}],"wp:featuredmedia":[{"embeddable":true,"href":"https:\/\/elmundodelosnegocios.com.do\/v1\/wp-json\/wp\/v2\/media\/71826"}],"wp:attachment":[{"href":"https:\/\/elmundodelosnegocios.com.do\/v1\/wp-json\/wp\/v2\/media?parent=71825"}],"wp:term":[{"taxonomy":"category","embeddable":true,"href":"https:\/\/elmundodelosnegocios.com.do\/v1\/wp-json\/wp\/v2\/categories?post=71825"},{"taxonomy":"post_tag","embeddable":true,"href":"https:\/\/elmundodelosnegocios.com.do\/v1\/wp-json\/wp\/v2\/tags?post=71825"}],"curies":[{"name":"wp","href":"https:\/\/api.w.org\/{rel}","templated":true}]}}