{"id":71832,"date":"2025-07-08T14:27:23","date_gmt":"2025-07-08T18:57:23","guid":{"rendered":"https:\/\/www.elmundodelosnegocios.com.do\/v1\/?p=71832"},"modified":"2025-07-08T14:27:23","modified_gmt":"2025-07-08T18:57:23","slug":"republica-dominicana-supera-los-6-millones-de-de-visitantes-en-primer-semestre","status":"publish","type":"post","link":"https:\/\/elmundodelosnegocios.com.do\/v1\/republica-dominicana-supera-los-6-millones-de-de-visitantes-en-primer-semestre\/","title":{"rendered":"Republica Dominicana supera los 6 millones de de visitantes en primer semestre."},"content":{"rendered":"<p dir=\"ltr\">Santo Domingo.-\u00a0<strong>La Rep\u00fablica Dominicana<\/strong>\u00a0alcanz\u00f3 el\u00a0<strong>mayor n\u00famero de visitantes<\/strong>\u00a0en su historia en los\u00a0<strong>primeros seis meses del a\u00f1o<\/strong>, al recibir\u00a0<strong>6,145,008 vacacionistas<\/strong>, lo que representa 1,996,201 m\u00e1s que\u00a0 en el mismo per\u00edodo del 2019 y\u00a0<strong>185,166 por encima del pasado a\u00f1o.<\/strong><\/p>\n<p dir=\"ltr\">As\u00ed lo revelaron\u00a0<strong>el presidente Luis Abinader y el ministro David Collado,<\/strong>\u00a0al dar a conocer las estad\u00edsticas del\u00a0<strong>comportamiento del sector de turismo<\/strong>\u00a0durante un acto que se llev\u00f3 a cabo en un hotel de la capital dominicana, ante la presencia de los principales actores de la industria y medios de comunicaci\u00f3n.<\/p>\n<p dir=\"ltr\"><img loading=\"lazy\" decoding=\"async\" class=\"aligncenter size-full\" src=\"https:\/\/presidencia.gob.do\/sites\/default\/files\/styles\/large\/public\/news\/2025-07\/WhatsApp%20Image%202025-07-08%20at%201.37.56%20PM%20%281%29.jpeg?itok=cRgYKr0z\" width=\"1300\" height=\"731\" \/><\/p>\n<p dir=\"ltr\">El presidente Luis Abinader destac\u00f3 el\u00a0<strong>extraordinario crecimiento<\/strong>\u00a0que registra el turismo en el pa\u00eds y su\u00a0<strong>impacto en la econom\u00eda.<\/strong><\/p>\n<p><img loading=\"lazy\" decoding=\"async\" src=\"https:\/\/presidencia.gob.do\/sites\/default\/files\/inline-images\/WhatsApp%20Image%202025-07-08%20at%201.37.56%20PM.jpeg\" width=\"1600\" height=\"1210\" data-entity-uuid=\"67339525-ed04-4ec7-841b-0574c2d3e54f\" data-entity-type=\"file\" \/><\/p>\n<p dir=\"ltr\">Asimismo el mandatario dijo que este es el mejor\u00a0<strong>momento para invertir en la Rep\u00fablica Dominicana<\/strong>, especialmente en el sector tur\u00edstico.<\/p>\n<p dir=\"ltr\">Indic\u00f3 que gracias a una gran\u00a0<strong>alianza p\u00fablico-privada,<\/strong>\u00a0el turismo seguir\u00e1 creciendo y diversific\u00e1ndose.<\/p>\n<p dir=\"ltr\">El ministro Collado, quien present\u00f3 las cifras donde se demuestra el notable crecimiento del turismo, inform\u00f3 que la cifra de 6,145,008 visitantes representa un incremento de un 48 % frente al mismo per\u00edodo del 2019, un 15 % respecto al 2023 y 3 % con relaci\u00f3n al 2024.<\/p>\n<p>&nbsp;<\/p>\n<p dir=\"ltr\">Collado indic\u00f3 que solo por la\u00a0<strong>v\u00eda a\u00e9rea<\/strong>\u00a0el pa\u00eds recibi\u00f3\u00a0<strong>4,514,093 turistas<\/strong>\u00a0en el per\u00edodo enero-junio, lo cual calific\u00f3 como algo extraordinario.<\/p>\n<p dir=\"ltr\">Dijo que ese crecimiento tambi\u00e9n se siente por la<strong>\u00a0v\u00eda mar\u00edtima,\u00a0<\/strong>con la llegada de la llegada de\u00a0<strong>1,630,915 cruceristas<\/strong>\u00a0en el per\u00edodo enero-junio,\u00a0<strong>la m\u00e1s alta en su historia.<\/strong><\/p>\n<p dir=\"ltr\"><em>\u00abCuando uno ve esas dos cifras unidas se da cuenta de qu\u00e9 tanto hemos crecido: 6,145,008 de visitantes escogieron nuestro pa\u00eds para vacacionar. Esto es algo hist\u00f3rico\u00bb,<\/em>\u00a0dijo Collado.<\/p>\n<p dir=\"ltr\">Los pa\u00edses emisores que m\u00e1s visitantes aportaron fueron\u00a0<strong>Estados Unidos<\/strong>\u00a0con un 45 %,\u00a0<strong>Canad\u00e1<\/strong>\u00a0con 18 %,\u00a0<strong>Argentina<\/strong>\u00a06 % y\u00a0<strong>Colombia<\/strong>\u00a0con 4 %.<\/p>\n<p dir=\"ltr\"><strong>Puerto Rico, Francia, Inglaterra, Chile y Alemania<\/strong>\u00a0aportaron un 2 % cada uno, indic\u00f3 el ministro Collado.<\/p>\n<p dir=\"ltr\">Los aeropuertos que m\u00e1s turistas recibieron fueron\u00a0<strong>Punta Cana con 2,845,622,<\/strong>\u00a0<strong>Las Am\u00e9ricas con 888,331 y el Cibao con 454,804.<\/strong><\/p>\n<p dir=\"ltr\">Le siguen Puerto Plata con 227,842, Romana con 62,441 y los dem\u00e1s 35,053 llegaron a otros aeropuertos.<\/p>\n<p dir=\"ltr\">Durante el per\u00edodo\u00a0<strong>enero-junio<\/strong>, se comprob\u00f3 que<strong>\u00a0<\/strong>la\u00a0<strong>ocupaci\u00f3n hotelera super\u00f3 el 77 %.<\/strong><\/p>\n<p>El ministro Collado afirm\u00f3 que el turismo dominicano est\u00e1 en su mejor momento y asegur\u00f3 que\u00a0\u00a0<strong>al terminar el a\u00f1o se alcanzar\u00e1<\/strong>\u00a0<strong>la cifra de los 12 millones de visitantes.<\/strong><\/p>\n","protected":false},"excerpt":{"rendered":"<p>Santo Domingo.-\u00a0La Rep\u00fablica Dominicana\u00a0alcanz\u00f3 el\u00a0mayor n\u00famero de visitantes\u00a0en su historia en los\u00a0primeros seis meses del a\u00f1o, al recibir\u00a06,145,008 vacacionistas, lo que representa 1,996,201 m\u00e1s que\u00a0 en el mismo per\u00edodo del&hellip; <\/p>\n","protected":false},"author":2,"featured_media":71833,"comment_status":"closed","ping_status":"closed","sticky":false,"template":"","format":"standard","meta":{"fifu_image_url":"https:\/\/presidencia.gob.do\/sites\/default\/files\/styles\/large\/public\/news\/2025-07\/WhatsApp%20Image%202025-07-08%20at%201.37.56%20PM%20%281%29.jpeg?itok=cRgYKr0z","fifu_image_alt":"","footnotes":""},"categories":[172],"tags":[],"class_list":["post-71832","post","type-post","status-publish","format-standard","has-post-thumbnail","hentry","category-turismo"],"_links":{"self":[{"href":"https:\/\/elmundodelosnegocios.com.do\/v1\/wp-json\/wp\/v2\/posts\/71832","targetHints":{"allow":["GET"]}}],"collection":[{"href":"https:\/\/elmundodelosnegocios.com.do\/v1\/wp-json\/wp\/v2\/posts"}],"about":[{"href":"https:\/\/elmundodelosnegocios.com.do\/v1\/wp-json\/wp\/v2\/types\/post"}],"author":[{"embeddable":true,"href":"https:\/\/elmundodelosnegocios.com.do\/v1\/wp-json\/wp\/v2\/users\/2"}],"replies":[{"embeddable":true,"href":"https:\/\/elmundodelosnegocios.com.do\/v1\/wp-json\/wp\/v2\/comments?post=71832"}],"version-history":[{"count":1,"href":"https:\/\/elmundodelosnegocios.com.do\/v1\/wp-json\/wp\/v2\/posts\/71832\/revisions"}],"predecessor-version":[{"id":71834,"href":"https:\/\/elmundodelosnegocios.com.do\/v1\/wp-json\/wp\/v2\/posts\/71832\/revisions\/71834"}],"wp:featuredmedia":[{"embeddable":true,"href":"https:\/\/elmundodelosnegocios.com.do\/v1\/wp-json\/wp\/v2\/media\/71833"}],"wp:attachment":[{"href":"https:\/\/elmundodelosnegocios.com.do\/v1\/wp-json\/wp\/v2\/media?parent=71832"}],"wp:term":[{"taxonomy":"category","embeddable":true,"href":"https:\/\/elmundodelosnegocios.com.do\/v1\/wp-json\/wp\/v2\/categories?post=71832"},{"taxonomy":"post_tag","embeddable":true,"href":"https:\/\/elmundodelosnegocios.com.do\/v1\/wp-json\/wp\/v2\/tags?post=71832"}],"curies":[{"name":"wp","href":"https:\/\/api.w.org\/{rel}","templated":true}]}}