{"id":71835,"date":"2025-07-11T08:52:17","date_gmt":"2025-07-11T13:22:17","guid":{"rendered":"https:\/\/www.elmundodelosnegocios.com.do\/v1\/?p=71835"},"modified":"2025-07-11T08:52:17","modified_gmt":"2025-07-11T13:22:17","slug":"republica-dominicana-participa-en-organizacion-para-la-prohibicion-de-las-armas-quimicas","status":"publish","type":"post","link":"https:\/\/elmundodelosnegocios.com.do\/v1\/republica-dominicana-participa-en-organizacion-para-la-prohibicion-de-las-armas-quimicas\/","title":{"rendered":"Republica Dominicana participa en Organizaci\u00f3n para la Prohibici\u00f3n de las Armas Qu\u00edmicas"},"content":{"rendered":"<p><span lang=\"es\">La Haya, Pa\u00edses Bajos. -La\u00a0<strong>Rep\u00fablica Dominicana<\/strong>\u00a0dio un\u00a0<strong>paso hist\u00f3rico<\/strong>\u00a0en su relaci\u00f3n con la\u00a0<strong>Organizaci\u00f3n para la Prohibici\u00f3n de las Armas Qu\u00edmicas<\/strong>\u00a0(OPAQ), al participar activamente en la\u00a0<strong>109.\u00aa sesi\u00f3n del Consejo Ejecutivo,<\/strong>\u00a0\u00f3rgano encargado de tomar decisiones clave para garantizar el cumplimiento de la\u00a0<strong>Convenci\u00f3n sobre las Armas Qu\u00edmicas.<\/strong><\/span><\/p>\n<p><img loading=\"lazy\" decoding=\"async\" class=\"aligncenter size-full\" src=\"https:\/\/presidencia.gob.do\/sites\/default\/files\/styles\/large\/public\/news\/2025-07\/Sin%20t%C3%ADtulo-1.jpg?itok=SR0ZRiUA\" width=\"1300\" height=\"731\" \/><\/p>\n<p><span lang=\"es\">Durante esta sesi\u00f3n, su excelencia el embajador\u00a0<strong>Carlos de la Mota,<\/strong>\u00a0representante permanente ante la organizaci\u00f3n, pronunci\u00f3 un discurso en nombre del\u00a0<strong>Gobierno dominicano.<\/strong>\u00a0Se trata de una intervenci\u00f3n que, seg\u00fan registros disponibles, representa una de las\u00a0<strong>primeras veces<\/strong>\u00a0\u2014si no la primera\u2014 que un\u00a0<strong>embajador dominicano<\/strong>\u00a0toma la palabra ante este\u00a0<strong>foro multilateral<\/strong>, lo que constituye un avance significativo para el pa\u00eds en materia de\u00a0<strong>diplomacia multilateral, desarme y seguridad internacional.<\/strong><\/span><\/p>\n<p><span lang=\"es\">El embajador De la Mota enfatiz\u00f3 que: \u201c<\/span><em><span lang=\"es\">El Gobierno de la Rep\u00fablica Dominicana otorga gran importancia al logro de un mundo libre de armas qu\u00edmicas bajo cualquier circunstancia, por cualquier actor, en cualquier lugar. Por ello, pueden contar con la colaboraci\u00f3n de mi pa\u00eds y la m\u00eda propia para alcanzar esta noble causa\u201d.<\/span><\/em><\/p>\n<p><img loading=\"lazy\" decoding=\"async\" src=\"https:\/\/presidencia.gob.do\/sites\/default\/files\/inline-images\/WhatsApp%20Image%202025-07-09%20at%2009.57.49.jpeg\" width=\"1600\" height=\"897\" data-entity-uuid=\"e7f0d364-1374-4a5f-b44e-a59c2917e223\" data-entity-type=\"file\" \/><\/p>\n<p>&nbsp;<\/p>\n<p><span lang=\"es\">En su intervenci\u00f3n, el embajador reiter\u00f3 que la Rep\u00fablica Dominicana\u00a0<strong>cumple con todas sus obligaciones<\/strong>\u00a0ante la\u00a0<strong>OPAQ,<\/strong>\u00a0y resalt\u00f3 la importancia de la\u00a0<strong>transparencia<\/strong>\u00a0como eje fundamental de la Convenci\u00f3n. Asimismo, reconoci\u00f3 los\u00a0<strong>desaf\u00edos fiscales<\/strong>\u00a0que enfrentan muchos Estados miembros y abog\u00f3 por el\u00a0<strong>uso eficiente de los recursos,<\/strong>\u00a0destacando la utilidad de contar con una propuesta presupuestaria anticipada para el bienio 2026\u20132027.<\/span><\/p>\n<p><span lang=\"es\">El embajador tambi\u00e9n valor\u00f3 el trabajo del Director General y la Secretar\u00eda T\u00e9cnica, y se refiri\u00f3 con atenci\u00f3n al\u00a0<strong>caso de Siria<\/strong>, destacando el despliegue de la\u00a0<strong>Oficina para Misiones Especiales\u00a0<\/strong>como una<\/span><em><span lang=\"es\">\u00a0\u201chist\u00f3rica oportunidad de poner fin al uso de estas armas\u201d,<\/span><\/em><span lang=\"es\">\u00a0al tiempo que expres\u00f3 su esperanza por el informe correspondiente y reconoci\u00f3 los esfuerzos realizados para\u00a0<strong>establecer est\u00e1ndares internacionales<\/strong>\u00a0que prevengan el uso de armas qu\u00edmicas y\u00a0<strong>garanticen justicia<\/strong>\u00a0a las v\u00edctimas.<\/span><\/p>\n<p><span lang=\"es\">Asimismo, celebr\u00f3 los avances del programa\u00a0<strong>Chemex \u00c1frica<\/strong>\u00a0e hizo un llamado a respaldar su futura implementaci\u00f3n en\u00a0<strong>Am\u00e9rica Latina y el Caribe,<\/strong>\u00a0alentando a los pa\u00edses de otras regiones a apoyar esta importante iniciativa. En la misma l\u00ednea, subray\u00f3 la necesidad de integrar\u00a0<strong>perspectivas de g\u00e9nero y equilibrio geogr\u00e1fico<\/strong>\u00a0en el funcionamiento de la organizaci\u00f3n.<\/span><\/p>\n<p><img loading=\"lazy\" decoding=\"async\" src=\"https:\/\/presidencia.gob.do\/sites\/default\/files\/inline-images\/PHOTO-2025-07-11-13-27-53.jpg\" width=\"1600\" height=\"1200\" data-entity-uuid=\"af03931a-f840-4562-8339-5fa93d668af6\" data-entity-type=\"file\" \/><\/p>\n<p><span lang=\"es\">Esta participaci\u00f3n forma parte de una\u00a0<strong>estrategia m\u00e1s amplia<\/strong>\u00a0de reintegraci\u00f3n activa de la Rep\u00fablica Dominicana en los organismos multilaterales. En d\u00edas previos,\u00a0<strong>la misi\u00f3n dominicana tambi\u00e9n estuvo presente<\/strong>\u00a0en la reuni\u00f3n informal del Consejo Ejecutivo, dedicada a conocer a los once candidatos que aspiran a ocupar el cargo de\u00a0<strong>Director General de la OPAQ.<\/strong><\/span><\/p>\n<p><span lang=\"es\">La OPAQ es la organizaci\u00f3n internacional encargada de velar por la\u00a0<strong>eliminaci\u00f3n total de las armas qu\u00edmicas,<\/strong>\u00a0as\u00ed como de impedir la\u00a0<strong>producci\u00f3n, almacenamiento o comercializaci\u00f3n<\/strong>\u00a0de sustancias qu\u00edmicas que puedan ser utilizadas con fines b\u00e9licos o de represi\u00f3n.<\/span><\/p>\n<p><span lang=\"es\">Con esta presencia\u00a0<strong>activa y propositiva<\/strong>, la Rep\u00fablica Dominicana reafirma su compromiso con\u00a0<strong>la paz, la seguridad internacional y la eliminaci\u00f3n total<\/strong>\u00a0de las armas qu\u00edmicas. Un paso firme hacia un futuro<strong>\u00a0libre de amenazas qu\u00edmicas<\/strong>, donde la voz del pa\u00eds se suma a los esfuerzos globales por un\u00a0<strong>mundo m\u00e1s seguro.<\/strong><\/span><\/p>\n","protected":false},"excerpt":{"rendered":"<p>La Haya, Pa\u00edses Bajos. -La\u00a0Rep\u00fablica Dominicana\u00a0dio un\u00a0paso hist\u00f3rico\u00a0en su relaci\u00f3n con la\u00a0Organizaci\u00f3n para la Prohibici\u00f3n de las Armas Qu\u00edmicas\u00a0(OPAQ), al participar activamente en la\u00a0109.\u00aa sesi\u00f3n del Consejo Ejecutivo,\u00a0\u00f3rgano encargado de&hellip; <\/p>\n","protected":false},"author":2,"featured_media":0,"comment_status":"closed","ping_status":"closed","sticky":false,"template":"","format":"standard","meta":{"fifu_image_url":"","fifu_image_alt":"","footnotes":""},"categories":[235],"tags":[],"class_list":["post-71835","post","type-post","status-publish","format-standard","hentry","category-politica-exterior"],"_links":{"self":[{"href":"https:\/\/elmundodelosnegocios.com.do\/v1\/wp-json\/wp\/v2\/posts\/71835","targetHints":{"allow":["GET"]}}],"collection":[{"href":"https:\/\/elmundodelosnegocios.com.do\/v1\/wp-json\/wp\/v2\/posts"}],"about":[{"href":"https:\/\/elmundodelosnegocios.com.do\/v1\/wp-json\/wp\/v2\/types\/post"}],"author":[{"embeddable":true,"href":"https:\/\/elmundodelosnegocios.com.do\/v1\/wp-json\/wp\/v2\/users\/2"}],"replies":[{"embeddable":true,"href":"https:\/\/elmundodelosnegocios.com.do\/v1\/wp-json\/wp\/v2\/comments?post=71835"}],"version-history":[{"count":1,"href":"https:\/\/elmundodelosnegocios.com.do\/v1\/wp-json\/wp\/v2\/posts\/71835\/revisions"}],"predecessor-version":[{"id":71836,"href":"https:\/\/elmundodelosnegocios.com.do\/v1\/wp-json\/wp\/v2\/posts\/71835\/revisions\/71836"}],"wp:attachment":[{"href":"https:\/\/elmundodelosnegocios.com.do\/v1\/wp-json\/wp\/v2\/media?parent=71835"}],"wp:term":[{"taxonomy":"category","embeddable":true,"href":"https:\/\/elmundodelosnegocios.com.do\/v1\/wp-json\/wp\/v2\/categories?post=71835"},{"taxonomy":"post_tag","embeddable":true,"href":"https:\/\/elmundodelosnegocios.com.do\/v1\/wp-json\/wp\/v2\/tags?post=71835"}],"curies":[{"name":"wp","href":"https:\/\/api.w.org\/{rel}","templated":true}]}}