{"id":71844,"date":"2025-07-11T09:01:04","date_gmt":"2025-07-11T13:31:04","guid":{"rendered":"https:\/\/www.elmundodelosnegocios.com.do\/v1\/?p=71844"},"modified":"2025-07-11T09:01:04","modified_gmt":"2025-07-11T13:31:04","slug":"bcrd-recibe-recertificacion-en-gestion-de-seguridad-de-la-informacion-y-extiende-su-alcance-hacia-el-proceso-de-administracion-del-sistema-lbtr","status":"publish","type":"post","link":"https:\/\/elmundodelosnegocios.com.do\/v1\/bcrd-recibe-recertificacion-en-gestion-de-seguridad-de-la-informacion-y-extiende-su-alcance-hacia-el-proceso-de-administracion-del-sistema-lbtr\/","title":{"rendered":"BCRD recibe recertificaci\u00f3n en Gesti\u00f3n de Seguridad de la Informaci\u00f3n y extiende su alcance hacia el proceso de Administraci\u00f3n del Sistema LBTR"},"content":{"rendered":"<p><span class=\"text-bolder-gb\">Santo Domingo. Rep\u00fablica Dominicana.<\/span>\u00a0El gobernador del Banco Central de la Rep\u00fablica Dominicana (BCRD), H\u00e9ctor Valdez Albizu, recibi\u00f3 el t\u00edtulo que acredita que la instituci\u00f3n complet\u00f3 con \u00e9xito el proceso de recertificaci\u00f3n en Gesti\u00f3n de Seguridad de la Informaci\u00f3n bajo la norma ISO 27001:2022, extendiendo su alcance al proceso de Administraci\u00f3n del Sistema de Liquidaci\u00f3n Bruta en Tiempo Real (LBTR).<\/p>\n<p><a href=\"http:\/\/elmundodelosnegocios.com.do\/v1\/wp-content\/uploads\/2025\/07\/bc20250709.jpg\"><img loading=\"lazy\" decoding=\"async\" class=\"aligncenter size-full wp-image-71845\" src=\"http:\/\/elmundodelosnegocios.com.do\/v1\/wp-content\/uploads\/2025\/07\/bc20250709.jpg\" alt=\"\" width=\"848\" height=\"410\" srcset=\"https:\/\/elmundodelosnegocios.com.do\/v1\/wp-content\/uploads\/2025\/07\/bc20250709.jpg 848w, https:\/\/elmundodelosnegocios.com.do\/v1\/wp-content\/uploads\/2025\/07\/bc20250709-300x145.jpg 300w, https:\/\/elmundodelosnegocios.com.do\/v1\/wp-content\/uploads\/2025\/07\/bc20250709-768x371.jpg 768w\" sizes=\"auto, (max-width: 848px) 100vw, 848px\" \/><\/a><\/p>\n<p>El gobernador expres\u00f3 que \u201c\u00e9ste es un logro m\u00e1s que atestigua el constante esfuerzo que el BCRD realiza desde el a\u00f1o 2012 para mitigar los riesgos y contribuir al fortalecimiento de la ciberseguridad en la regi\u00f3n, otorgando as\u00ed a los dominicanos un sistema de Gesti\u00f3n de Seguridad de la Informaci\u00f3n en el \u00e1rea financiera y de pagos conforme a los mejores est\u00e1ndares internacionales, situ\u00e1ndose as\u00ed en una posici\u00f3n favorable para afrontar los desaf\u00edos derivados de las amenazas emergentes\u201d.<\/p>\n<p>Montserrat Aguilar, representante de la sociedad internacional de homologaci\u00f3n con sede en Noruega, Der Norske Veritas (DNV), se\u00f1al\u00f3 que \u201cesta certificaci\u00f3n valida que el Banco Central cumple con los lineamientos establecidos en la norma ISO\/IEC 27001:2022, lo cual evidencia el esfuerzo continuo por mantener a la Rep\u00fablica Dominicana en los mejores par\u00e1metros de autodefensa ante los riesgos y contingencias que depara el manejo de la informaci\u00f3n\u201d.<\/p>\n<p>Desde el a\u00f1o 2012, el BCRD ha mantenido esta certificaci\u00f3n para el proceso de certificados de inversi\u00f3n, como resultado del compromiso asumido en cuanto al cumplimiento de los lineamientos establecidos en las distintas versiones de la norma ISO\/IEC 27001. De este modo, el BCRD se mantiene en constante evoluci\u00f3n conforme a las m\u00e1s avanzadas regulaciones y normativas en materia de seguridad cibern\u00e9tica y de la informaci\u00f3n.<\/p>\n<p>Las actividades de preparaci\u00f3n para la auditor\u00eda externa realizada por DNV fueron coordinadas por el Departamento de Seguridad Cibern\u00e9tica y de la Informaci\u00f3n, con la colaboraci\u00f3n de distintas dependencias del BCRD.<\/p>\n<p>El Banco Central fortalece y acredita con este logro la confiabilidad de las partes interesadas que intervienen en los procesos certificados, en todo lo concerniente a la seguridad y privacidad de la informaci\u00f3n.<\/p>\n<p>Para recibir el certificado, el gobernador estuvo acompa\u00f1ado del gerente, Ervin Novas Bello; el director del Departamento de Sistemas de Pago, \u00c1ngel Gonz\u00e1lez Tejada; el director del Departamento de Tesorer\u00eda, Jos\u00e9 Gabriel Perdomo L\u00f3pez; y el director del Departamento de Seguridad Cibern\u00e9tica y de la Informaci\u00f3n, Ruddy M. Simons Llauger.<\/p>\n","protected":false},"excerpt":{"rendered":"<p>Santo Domingo. Rep\u00fablica Dominicana.\u00a0El gobernador del Banco Central de la Rep\u00fablica Dominicana (BCRD), H\u00e9ctor Valdez Albizu, recibi\u00f3 el t\u00edtulo que acredita que la instituci\u00f3n complet\u00f3 con \u00e9xito el proceso de&hellip; <\/p>\n","protected":false},"author":2,"featured_media":71845,"comment_status":"closed","ping_status":"closed","sticky":false,"template":"","format":"standard","meta":{"fifu_image_url":"","fifu_image_alt":"","footnotes":""},"categories":[180],"tags":[],"class_list":["post-71844","post","type-post","status-publish","format-standard","has-post-thumbnail","hentry","category-banca"],"_links":{"self":[{"href":"https:\/\/elmundodelosnegocios.com.do\/v1\/wp-json\/wp\/v2\/posts\/71844","targetHints":{"allow":["GET"]}}],"collection":[{"href":"https:\/\/elmundodelosnegocios.com.do\/v1\/wp-json\/wp\/v2\/posts"}],"about":[{"href":"https:\/\/elmundodelosnegocios.com.do\/v1\/wp-json\/wp\/v2\/types\/post"}],"author":[{"embeddable":true,"href":"https:\/\/elmundodelosnegocios.com.do\/v1\/wp-json\/wp\/v2\/users\/2"}],"replies":[{"embeddable":true,"href":"https:\/\/elmundodelosnegocios.com.do\/v1\/wp-json\/wp\/v2\/comments?post=71844"}],"version-history":[{"count":1,"href":"https:\/\/elmundodelosnegocios.com.do\/v1\/wp-json\/wp\/v2\/posts\/71844\/revisions"}],"predecessor-version":[{"id":71846,"href":"https:\/\/elmundodelosnegocios.com.do\/v1\/wp-json\/wp\/v2\/posts\/71844\/revisions\/71846"}],"wp:featuredmedia":[{"embeddable":true,"href":"https:\/\/elmundodelosnegocios.com.do\/v1\/wp-json\/wp\/v2\/media\/71845"}],"wp:attachment":[{"href":"https:\/\/elmundodelosnegocios.com.do\/v1\/wp-json\/wp\/v2\/media?parent=71844"}],"wp:term":[{"taxonomy":"category","embeddable":true,"href":"https:\/\/elmundodelosnegocios.com.do\/v1\/wp-json\/wp\/v2\/categories?post=71844"},{"taxonomy":"post_tag","embeddable":true,"href":"https:\/\/elmundodelosnegocios.com.do\/v1\/wp-json\/wp\/v2\/tags?post=71844"}],"curies":[{"name":"wp","href":"https:\/\/api.w.org\/{rel}","templated":true}]}}