{"id":71847,"date":"2025-07-11T09:03:03","date_gmt":"2025-07-11T13:33:03","guid":{"rendered":"https:\/\/www.elmundodelosnegocios.com.do\/v1\/?p=71847"},"modified":"2025-07-13T16:04:49","modified_gmt":"2025-07-13T20:34:49","slug":"presidente-abinader-juramenta-comite-cientifico-del-hub-de-innovacion-punta-bergantin-que-impulsara-el-desarrollo-nacional","status":"publish","type":"post","link":"https:\/\/elmundodelosnegocios.com.do\/v1\/presidente-abinader-juramenta-comite-cientifico-del-hub-de-innovacion-punta-bergantin-que-impulsara-el-desarrollo-nacional\/","title":{"rendered":"Presidente Abinader juramenta Comit\u00e9 Cient\u00edfico del HUB de Innovaci\u00f3n Punta Bergant\u00edn que impulsar\u00e1 el desarrollo nacional"},"content":{"rendered":"<p>Santo Domingo.-\u00a0<span class=\"s2\"><strong>El presidente Luis Abinader<\/strong><\/span>\u00a0jurament\u00f3 a los profesionales que conformar\u00e1n el\u00a0<span class=\"s2\"><strong>Comit\u00e9 Cient\u00edfico del HUB de Innovaci\u00f3n Punta Bergant\u00edn<\/strong><\/span>, el cual estar\u00e1 presidido por el reverendo<span class=\"s2\"><strong>\u00a0Secilio Espinal<\/strong><\/span>, rector de la Pontificia Universidad Cat\u00f3lica Madre y Maestra\u00a0<span class=\"s2\"><strong>(PUCMM)<\/strong><\/span>.<\/p>\n<p>Su misi\u00f3n principal ser\u00e1 identificar y dise\u00f1ar proyectos de investigaci\u00f3n<span class=\"s2\">\u00a0e innovaci\u00f3n en \u00e1reas vitales<\/span>\u00a0que impulsen al pa\u00eds hacia nuevos niveles de\u00a0<span class=\"s2\">bienestar<\/span>, as\u00ed como enfrentar y dar\u00a0<span class=\"s2\">soluciones a problemas actuales y futuros.<\/span><\/p>\n<p><em>El presidente Abinader manifest\u00f3 que la innovaci\u00f3n y la investigaci\u00f3n son<span class=\"s2\"><strong>\u00a0pilares para construir un futuro pr\u00f3spero y sostenible<\/strong><\/span>\u00a0en beneficio de todos los dominicanos por lo que\u00a0<span class=\"s5\">\u201cvamos a comenzar a trabajar y a hacer las investigaciones apropiadas a nuestras necesidades\u201d.<\/span><\/em><\/p>\n<p>Cit\u00f3, entre las \u00e1reas que pueden ser beneficiadas por innovaciones tecnol\u00f3gicas,\u00a0<span class=\"s2\"><strong>la seguridad ciudadana, el sistema el\u00e9ctrico y la agropecuaria,<\/strong><\/span>\u00a0estableciendo objetivos que sirvan de gu\u00eda para nuevos logros.<\/p>\n<p><em>En tanto que\u00a0<span class=\"s2\"><strong>Franklyn Holgu\u00edn Hach\u00e9<\/strong><\/span>, presidente del HUB de Innovaci\u00f3n de Punta Bergant\u00edn, se\u00f1al\u00f3 que a trav\u00e9s de este\u00a0<span class=\"s5\">\u201cpodremos identificar los proyectos m\u00e1s prometedores y canalizar los recursos necesarios para alcanzar soluciones tangibles que beneficien a nuestra sociedad y fortalezcan nuestra econom\u00eda. Es la sinergia perfecta entre la visi\u00f3n y la ejecuci\u00f3n\u201d.<\/span><\/em><\/p>\n<p><span class=\"s2\"><strong>Cinco ejes de trabajo<\/strong><\/span><\/p>\n<p><img loading=\"lazy\" decoding=\"async\" src=\"https:\/\/presidencia.gob.do\/sites\/default\/files\/inline-images\/a5350750-25fe-4b83-a682-d1a77293e0d5_0.jpeg\" width=\"3360\" height=\"2240\" data-entity-uuid=\"78c37426-38a0-446f-9025-02ed28589f82\" data-entity-type=\"file\" \/><\/p>\n<p>Los cinco ejes sobre los que se trabajar\u00e1n son, el impulso a la\u00a0<span class=\"s2\"><strong>educaci\u00f3n<\/strong><\/span>; el desarrollo de soluciones para el\u00a0<span class=\"s2\"><strong>medio ambiente\u00a0<\/strong>dada<\/span>\u00a0la vulnerabilidad del pa\u00eds al cambio clim\u00e1tico; el fortalecimiento de la\u00a0<span class=\"s2\"><strong>agricultura y seguridad alimentaria<\/strong><\/span>; la promoci\u00f3n de\u00a0<span class=\"s2\"><strong>energ\u00eda renovable<\/strong><\/span>\u00a0para asegurar disponibilidad a precios competitivos, y la modernizaci\u00f3n de la\u00a0<span class=\"s2\"><strong>econom\u00eda digital\u00a0<\/strong>para<\/span>\u00a0transformar la econom\u00eda dominicana de un modelo an\u00e1logo a uno digital.<\/p>\n<p><span class=\"s2\"><strong>Comit\u00e9 Cient\u00edfico<\/strong><\/span><\/p>\n<p>El reverendo Espinal, quien preside el Comit\u00e9, expres\u00f3 que el gran compromiso de todos los involucrados para que esta colaboraci\u00f3n entre el\u00a0<span class=\"s2\">sector acad\u00e9mico, empresarial y gubernamental<\/span>\u00a0permita alcanzar los objetivos y generar un\u00a0<span class=\"s2\">impacto positivo y duradero.<\/span><\/p>\n<p>Este re\u00fane a expertos de academias, gremios, empresas privadas y entidades estatales y trabajar\u00e1 dentro del HUB de Innovaci\u00f3n Punta Bergant\u00edn, cuya funci\u00f3n primordial es el impulso de\u00a0<span class=\"s2\"><strong>conexiones financieras, t\u00e9cnicas y de colaboraci\u00f3n<\/strong><\/span>\u00a0con iniciativas e ideas para la investigaci\u00f3n, facilitando que los proyectos identificados por el Comit\u00e9 Cient\u00edfico se materialicen en\u00a0<span class=\"s2\"><strong>propuestas comerciales viables<\/strong><\/span>.<\/p>\n<p>Por el Gobierno, estuvieron presentes, el ministro de Hacienda,\u00a0<span class=\"s2\">Jos\u00e9 Manuel Vicente<\/span>; el de Trabajo,\u00a0<span class=\"s2\">Luis Miguel De Camps<\/span>; el de Industria, Comercio y Mipymes,\u00a0<span class=\"s2\">V\u00edctor \u201cIto\u201d Bison\u00f3<\/span>, y el de la Juventud,\u00a0<span class=\"s2\">Carlos Valdez<\/span>. Tambi\u00e9n, el presidente ejecutivo de Banreservas,\u00a0<span class=\"s2\">Samuel Pereyra\u00a0<\/span>y la viceministra de Turismo,\u00a0<span class=\"s2\">Patricia Mej\u00eda<\/span>. Por el sector privado, asistieron a la actividad\u00a0<span class=\"s2\">Jonathan Bournigal, Eduardo Valc\u00e1cer y Andr\u00e9s Marranzini.<\/span><\/p>\n","protected":false},"excerpt":{"rendered":"<p>Santo Domingo.-\u00a0El presidente Luis Abinader\u00a0jurament\u00f3 a los profesionales que conformar\u00e1n el\u00a0Comit\u00e9 Cient\u00edfico del HUB de Innovaci\u00f3n Punta Bergant\u00edn, el cual estar\u00e1 presidido por el reverendo\u00a0Secilio Espinal, rector de la Pontificia&hellip; <\/p>\n","protected":false},"author":2,"featured_media":71864,"comment_status":"closed","ping_status":"closed","sticky":false,"template":"","format":"standard","meta":{"fifu_image_url":"https:\/\/presidencia.gob.do\/sites\/default\/files\/styles\/large\/public\/news\/2025-07\/b8aebfd7-cf74-4666-af49-54b341dc72b1_0.jpeg?itok=1nEwOYo7","fifu_image_alt":"","footnotes":""},"categories":[74],"tags":[],"class_list":["post-71847","post","type-post","status-publish","format-standard","has-post-thumbnail","hentry","category-comercio-internacional"],"_links":{"self":[{"href":"https:\/\/elmundodelosnegocios.com.do\/v1\/wp-json\/wp\/v2\/posts\/71847","targetHints":{"allow":["GET"]}}],"collection":[{"href":"https:\/\/elmundodelosnegocios.com.do\/v1\/wp-json\/wp\/v2\/posts"}],"about":[{"href":"https:\/\/elmundodelosnegocios.com.do\/v1\/wp-json\/wp\/v2\/types\/post"}],"author":[{"embeddable":true,"href":"https:\/\/elmundodelosnegocios.com.do\/v1\/wp-json\/wp\/v2\/users\/2"}],"replies":[{"embeddable":true,"href":"https:\/\/elmundodelosnegocios.com.do\/v1\/wp-json\/wp\/v2\/comments?post=71847"}],"version-history":[{"count":1,"href":"https:\/\/elmundodelosnegocios.com.do\/v1\/wp-json\/wp\/v2\/posts\/71847\/revisions"}],"predecessor-version":[{"id":71849,"href":"https:\/\/elmundodelosnegocios.com.do\/v1\/wp-json\/wp\/v2\/posts\/71847\/revisions\/71849"}],"wp:featuredmedia":[{"embeddable":true,"href":"https:\/\/elmundodelosnegocios.com.do\/v1\/wp-json\/wp\/v2\/media\/71864"}],"wp:attachment":[{"href":"https:\/\/elmundodelosnegocios.com.do\/v1\/wp-json\/wp\/v2\/media?parent=71847"}],"wp:term":[{"taxonomy":"category","embeddable":true,"href":"https:\/\/elmundodelosnegocios.com.do\/v1\/wp-json\/wp\/v2\/categories?post=71847"},{"taxonomy":"post_tag","embeddable":true,"href":"https:\/\/elmundodelosnegocios.com.do\/v1\/wp-json\/wp\/v2\/tags?post=71847"}],"curies":[{"name":"wp","href":"https:\/\/api.w.org\/{rel}","templated":true}]}}