{"id":71850,"date":"2025-07-11T09:05:40","date_gmt":"2025-07-11T13:35:40","guid":{"rendered":"https:\/\/www.elmundodelosnegocios.com.do\/v1\/?p=71850"},"modified":"2025-07-11T09:05:40","modified_gmt":"2025-07-11T13:35:40","slug":"american-airlines-celebra-50-anos-en-la-republica-dominicana","status":"publish","type":"post","link":"https:\/\/elmundodelosnegocios.com.do\/v1\/american-airlines-celebra-50-anos-en-la-republica-dominicana\/","title":{"rendered":"American Airlines celebra 50 a\u00f1os en la Rep\u00fablica Dominicana"},"content":{"rendered":"<p><strong>Con nueva ruta a Santo Domingo para el invierno<\/strong><\/p>\n<p><a href=\"http:\/\/elmundodelosnegocios.com.do\/v1\/wp-content\/uploads\/2025\/07\/American-Airlines-A321_-scaled-1.jpg\"><img loading=\"lazy\" decoding=\"async\" class=\"aligncenter size-full wp-image-71851\" src=\"http:\/\/elmundodelosnegocios.com.do\/v1\/wp-content\/uploads\/2025\/07\/American-Airlines-A321_-scaled-1.jpg\" alt=\"\" width=\"2560\" height=\"1440\" srcset=\"https:\/\/elmundodelosnegocios.com.do\/v1\/wp-content\/uploads\/2025\/07\/American-Airlines-A321_-scaled-1.jpg 2560w, https:\/\/elmundodelosnegocios.com.do\/v1\/wp-content\/uploads\/2025\/07\/American-Airlines-A321_-scaled-1-300x169.jpg 300w, https:\/\/elmundodelosnegocios.com.do\/v1\/wp-content\/uploads\/2025\/07\/American-Airlines-A321_-scaled-1-1024x576.jpg 1024w, https:\/\/elmundodelosnegocios.com.do\/v1\/wp-content\/uploads\/2025\/07\/American-Airlines-A321_-scaled-1-768x432.jpg 768w, https:\/\/elmundodelosnegocios.com.do\/v1\/wp-content\/uploads\/2025\/07\/American-Airlines-A321_-scaled-1-1536x864.jpg 1536w, https:\/\/elmundodelosnegocios.com.do\/v1\/wp-content\/uploads\/2025\/07\/American-Airlines-A321_-scaled-1-2048x1152.jpg 2048w\" sizes=\"auto, (max-width: 2560px) 100vw, 2560px\" \/><\/a><\/p>\n<ul>\n<li>El servicio desde Filadelfia comenzar\u00e1 este invierno, ofreciendo a los clientes hasta seis vuelos diarios en temporada alta desde Santo Domingo hacia EE.\u202fUU.<\/li>\n<\/ul>\n<p>SANTO DOMINGO \u2014 American Airlines est\u00e1 dando a los viajeros el regalo perfecto en julio para esta Navidad, con m\u00e1s vuelos que conectan Santo Domingo con Estados Unidos.<\/p>\n<p>A partir del 18 de diciembre, American inaugurar\u00e1 la ruta desde Santo Domingo (SDQ) hacia Filadelfia (PHL), con un vuelo diario operado con Airbus A321.<\/p>\n<p>\u201cEstamos muy entusiasmados de expandir nuestra presencia en la Rep\u00fablica Dominicana y conectar Santo Domingo, un destino clave para American, con nuestro centro de conexiones transatl\u00e1ntico en Filadelfia\u201d, dijo Oliver Bojos, Gerente Regional de Operaciones para el Caribe Central. \u201cCon esta ruta, nuestra operaci\u00f3n local crecer\u00e1 un 20% durante esta temporada navide\u00f1a, una manera maravillosa de celebrar nuestros 50 a\u00f1os de compromiso con la Rep\u00fablica Dominicana\u201d.<\/p>\n<figure class=\"wp-block-table\">\n<table>\n<tbody>\n<tr>\n<td><strong>Ruta<\/strong><\/td>\n<td><strong>Hora salida*<\/strong><\/td>\n<td><strong>Hora llegada*<\/strong><\/td>\n<td><strong>D\u00edas de operaci\u00f3n<\/strong><\/td>\n<td colspan=\"2\"><strong>Equipo<\/strong><\/td>\n<\/tr>\n<tr>\n<td>PHL-SDQ<\/td>\n<td>5:00 p.m.<\/td>\n<td>9:50 p.m.<\/td>\n<td colspan=\"2\" rowspan=\"2\">18 de diciembre 2025 -5 de enero de 2026<\/td>\n<td rowspan=\"2\">Airbus A321<\/td>\n<\/tr>\n<tr>\n<td>SDQ-PHL<\/td>\n<td>7:05 a.m.<\/td>\n<td>10:00 a.m.<\/td>\n<\/tr>\n<tr>\n<td><\/td>\n<td><\/td>\n<td><\/td>\n<td><\/td>\n<td><\/td>\n<td><\/td>\n<\/tr>\n<\/tbody>\n<\/table>\n<\/figure>\n<p>*Hora local<\/p>\n<p>Para la temporada alta de invierno, American ofrecer\u00e1 m\u00e1s de 30 salidas diarias desde la Rep\u00fablica Dominicana, lo que representa un crecimiento de m\u00e1s del 20% en capacidad en comparaci\u00f3n con el a\u00f1o anterior. Esto incluir\u00e1 hasta seis vuelos diarios desde Santo Domingo (SDQ), hasta veinte vuelos diarios desde Punta Cana (PUJ), tres vuelos diarios desde Puerto Plata (POP), tres diarios desde Santiago (STI) y un servicio diario desde La Romana (LRM).<\/p>\n<p><strong>Conexi\u00f3n con nuestro centro de operaciones en Filadelfia<\/strong><\/p>\n<p>El Aeropuerto Internacional de Filadelfia (PHL) funciona como el centro transatl\u00e1ntico de American, desde donde operar\u00e1 m\u00e1s de 270 salidas diarias en temporada alta de invierno hacia m\u00e1s de 100 destinos, incluyendo Dubl\u00edn (DUB), Londres (LHR), Lisboa (LIS), Madrid (MAD) y Z\u00farich (ZRH), entre otras ciudades europeas.<\/p>\n<p>Los pasajes para el servicio a Filadelfia estar\u00e1n disponibles para la venta a partir del 14 de julio en\u00a0<a href=\"http:\/\/aa.com\/\" target=\"_blank\" rel=\"noreferrer noopener\">aa.com<\/a>\u00a0o en la aplicaci\u00f3n m\u00f3vil de American.<\/p>\n<p><strong>Sobre American Airlines Group<\/strong><\/p>\n<p>Como aerol\u00ednea l\u00edder mundial, American Airlines ofrece miles de vuelos diarios a m\u00e1s de 350 destinos en m\u00e1s de 60 pa\u00edses. La aerol\u00ednea es miembro fundador de la alianza\u00a0<strong>one<\/strong>world\u00ae, cuyos miembros vuelan a m\u00e1s de 900 destinos en todo el mundo. Las acciones de American Airlines Group Inc. cotizan en el Nasdaq con el s\u00edmbolo AAL. Para m\u00e1s informaci\u00f3n sobre American, visite\u00a0<a href=\"http:\/\/news.aa.com\/\" target=\"_blank\" rel=\"noreferrer noopener\">news.aa.com<\/a>\u00a0y con\u00e9ctese con American en @AmericanAir y en\u00a0<a href=\"http:\/\/facebook.com\/AmericanAirlines\">Facebook.com\/AmericanAirlines<\/a>. To Care for People on Life\u2019s Journey\u00ae.<\/p>\n","protected":false},"excerpt":{"rendered":"<p>Con nueva ruta a Santo Domingo para el invierno El servicio desde Filadelfia comenzar\u00e1 este invierno, ofreciendo a los clientes hasta seis vuelos diarios en temporada alta desde Santo Domingo&hellip; <\/p>\n","protected":false},"author":2,"featured_media":71851,"comment_status":"closed","ping_status":"closed","sticky":false,"template":"","format":"standard","meta":{"fifu_image_url":"","fifu_image_alt":"","footnotes":""},"categories":[169],"tags":[],"class_list":["post-71850","post","type-post","status-publish","format-standard","has-post-thumbnail","hentry","category-transporte-internacional"],"_links":{"self":[{"href":"https:\/\/elmundodelosnegocios.com.do\/v1\/wp-json\/wp\/v2\/posts\/71850","targetHints":{"allow":["GET"]}}],"collection":[{"href":"https:\/\/elmundodelosnegocios.com.do\/v1\/wp-json\/wp\/v2\/posts"}],"about":[{"href":"https:\/\/elmundodelosnegocios.com.do\/v1\/wp-json\/wp\/v2\/types\/post"}],"author":[{"embeddable":true,"href":"https:\/\/elmundodelosnegocios.com.do\/v1\/wp-json\/wp\/v2\/users\/2"}],"replies":[{"embeddable":true,"href":"https:\/\/elmundodelosnegocios.com.do\/v1\/wp-json\/wp\/v2\/comments?post=71850"}],"version-history":[{"count":1,"href":"https:\/\/elmundodelosnegocios.com.do\/v1\/wp-json\/wp\/v2\/posts\/71850\/revisions"}],"predecessor-version":[{"id":71852,"href":"https:\/\/elmundodelosnegocios.com.do\/v1\/wp-json\/wp\/v2\/posts\/71850\/revisions\/71852"}],"wp:featuredmedia":[{"embeddable":true,"href":"https:\/\/elmundodelosnegocios.com.do\/v1\/wp-json\/wp\/v2\/media\/71851"}],"wp:attachment":[{"href":"https:\/\/elmundodelosnegocios.com.do\/v1\/wp-json\/wp\/v2\/media?parent=71850"}],"wp:term":[{"taxonomy":"category","embeddable":true,"href":"https:\/\/elmundodelosnegocios.com.do\/v1\/wp-json\/wp\/v2\/categories?post=71850"},{"taxonomy":"post_tag","embeddable":true,"href":"https:\/\/elmundodelosnegocios.com.do\/v1\/wp-json\/wp\/v2\/tags?post=71850"}],"curies":[{"name":"wp","href":"https:\/\/api.w.org\/{rel}","templated":true}]}}