{"id":71853,"date":"2025-07-11T09:07:40","date_gmt":"2025-07-11T13:37:40","guid":{"rendered":"https:\/\/www.elmundodelosnegocios.com.do\/v1\/?p=71853"},"modified":"2025-07-11T09:07:40","modified_gmt":"2025-07-11T13:37:40","slug":"carillas-dentales-una-tendencia-estetica-que-exige-responsabilidad-clinica","status":"publish","type":"post","link":"https:\/\/elmundodelosnegocios.com.do\/v1\/carillas-dentales-una-tendencia-estetica-que-exige-responsabilidad-clinica\/","title":{"rendered":"Carillas dentales: una tendencia est\u00e9tica que exige responsabilidad cl\u00ednica"},"content":{"rendered":"<p><strong>Santo Domingo, julio de 2025<\/strong>\u00a0\u2013 En una \u00e9poca donde la est\u00e9tica dental ha adquirido protagonismo en redes sociales y medios digitales, las carillas dentales se han convertido en una opci\u00f3n popular para quienes desean transformar su sonrisa. Sin embargo, detr\u00e1s de esta aparente soluci\u00f3n r\u00e1pida, se esconde un mensaje crucial: la salud bucal debe ser la base de cualquier intervenci\u00f3n est\u00e9tica. As\u00ed lo afirma la doctora Paola G\u00f3mez, odont\u00f3loga especializada en est\u00e9tica y directora cl\u00ednica de Atelier Dental.<\/p>\n<p>\u201cLas carillas deben colocarse \u00fanicamente en dientes sanos y funcionales. De lo contrario, el resultado est\u00e9tico ser\u00e1 solo una fachada con consecuencias cl\u00ednicas a largo plazo\u201d, advierte la especialista.<\/p>\n<p>Las carillas dentales son l\u00e1minas ultrafinas, usualmente de porcelana, que se adhieren a la parte frontal del diente para mejorar su forma, color y alineaci\u00f3n. Aunque sus beneficios incluyen una sonrisa armoniosa, durabilidad y protecci\u00f3n frente al desgaste, su colocaci\u00f3n no es un proceso superficial.<\/p>\n<p>Seg\u00fan la doctora G\u00f3mez, es imprescindible un diagn\u00f3stico riguroso antes de iniciar el tratamiento. Enfermedades como caries, gingivitis, periodontitis o h\u00e1bitos como el bruxismo deben ser controlados primero. \u201cAplicar carillas sobre dientes enfermos no solo es irresponsable, sino que puede agravar la condici\u00f3n del paciente\u201d, enfatiza.<\/p>\n<figure class=\"wp-block-image size-large\"><a href=\"https:\/\/diariosocialrd.com\/wp-content\/uploads\/2025\/07\/IMG_2607.jpeg\" data-rel=\"penci-gallery-image-content\"><img loading=\"lazy\" decoding=\"async\" class=\"wp-image-233954 aligncenter\" src=\"https:\/\/diariosocialrd.com\/wp-content\/uploads\/2025\/07\/IMG_2607-684x1024.jpeg\" sizes=\"auto, (max-width: 684px) 100vw, 684px\" srcset=\"https:\/\/diariosocialrd.com\/wp-content\/uploads\/2025\/07\/IMG_2607-684x1024.jpeg 684w, https:\/\/diariosocialrd.com\/wp-content\/uploads\/2025\/07\/IMG_2607-200x300.jpeg 200w, https:\/\/diariosocialrd.com\/wp-content\/uploads\/2025\/07\/IMG_2607-768x1151.jpeg 768w, https:\/\/diariosocialrd.com\/wp-content\/uploads\/2025\/07\/IMG_2607-1025x1536.jpeg 1025w, https:\/\/diariosocialrd.com\/wp-content\/uploads\/2025\/07\/IMG_2607-585x876.jpeg 585w, https:\/\/diariosocialrd.com\/wp-content\/uploads\/2025\/07\/IMG_2607.jpeg 1068w\" alt=\"\" width=\"684\" height=\"1024\" \/><\/a><\/figure>\n<p>El procedimiento, aunque m\u00ednimamente invasivo, implica una modificaci\u00f3n permanente del diente natural. \u201cLos pacientes deben ser conscientes de que no se trata de una moda pasajera, sino de una decisi\u00f3n m\u00e9dica con implicaciones irreversibles\u201d, se\u00f1ala G\u00f3mez.<\/p>\n<p>A pesar de ello, los resultados pueden ser altamente satisfactorios. Adem\u00e1s de mejorar la est\u00e9tica dental, las carillas pueden reforzar dientes debilitados, cubrir manchas intr\u00ednsecas resistentes al blanqueamiento y ofrecer una soluci\u00f3n funcional ante la erosi\u00f3n del esmalte.<\/p>\n<p>No obstante, los riesgos no deben subestimarse. La doctora menciona posibles efectos secundarios como sensibilidad postoperatoria, alto costo y la imposibilidad de revertir el procedimiento una vez realizado.<\/p>\n<p>En Atelier Dental, la filosof\u00eda es clara: \u201codontolog\u00eda consciente\u201d. Este concepto pone la \u00e9tica profesional por encima de la demanda est\u00e9tica. \u201cLa sonrisa perfecta debe comenzar con una boca sana. Solo as\u00ed garantizamos que la belleza sea sostenible y no un riesgo encubierto\u201d, concluye G\u00f3mez.<\/p>\n<p>El llamado final de la experta es a la prevenci\u00f3n: mantener una higiene oral adecuada, asistir a controles peri\u00f3dicos y evaluar de forma personalizada la viabilidad de cualquier tratamiento est\u00e9tico.<\/p>\n<p><strong>Carillas: belleza con bases cl\u00ednicas. Porque una sonrisa saludable es, en esencia, la m\u00e1s hermosa.<\/strong><\/p>\n","protected":false},"excerpt":{"rendered":"<p>Santo Domingo, julio de 2025\u00a0\u2013 En una \u00e9poca donde la est\u00e9tica dental ha adquirido protagonismo en redes sociales y medios digitales, las carillas dentales se han convertido en una opci\u00f3n&hellip; <\/p>\n","protected":false},"author":2,"featured_media":71854,"comment_status":"closed","ping_status":"closed","sticky":false,"template":"","format":"standard","meta":{"fifu_image_url":"","fifu_image_alt":"","footnotes":""},"categories":[80],"tags":[],"class_list":["post-71853","post","type-post","status-publish","format-standard","has-post-thumbnail","hentry","category-salud"],"_links":{"self":[{"href":"https:\/\/elmundodelosnegocios.com.do\/v1\/wp-json\/wp\/v2\/posts\/71853","targetHints":{"allow":["GET"]}}],"collection":[{"href":"https:\/\/elmundodelosnegocios.com.do\/v1\/wp-json\/wp\/v2\/posts"}],"about":[{"href":"https:\/\/elmundodelosnegocios.com.do\/v1\/wp-json\/wp\/v2\/types\/post"}],"author":[{"embeddable":true,"href":"https:\/\/elmundodelosnegocios.com.do\/v1\/wp-json\/wp\/v2\/users\/2"}],"replies":[{"embeddable":true,"href":"https:\/\/elmundodelosnegocios.com.do\/v1\/wp-json\/wp\/v2\/comments?post=71853"}],"version-history":[{"count":1,"href":"https:\/\/elmundodelosnegocios.com.do\/v1\/wp-json\/wp\/v2\/posts\/71853\/revisions"}],"predecessor-version":[{"id":71855,"href":"https:\/\/elmundodelosnegocios.com.do\/v1\/wp-json\/wp\/v2\/posts\/71853\/revisions\/71855"}],"wp:featuredmedia":[{"embeddable":true,"href":"https:\/\/elmundodelosnegocios.com.do\/v1\/wp-json\/wp\/v2\/media\/71854"}],"wp:attachment":[{"href":"https:\/\/elmundodelosnegocios.com.do\/v1\/wp-json\/wp\/v2\/media?parent=71853"}],"wp:term":[{"taxonomy":"category","embeddable":true,"href":"https:\/\/elmundodelosnegocios.com.do\/v1\/wp-json\/wp\/v2\/categories?post=71853"},{"taxonomy":"post_tag","embeddable":true,"href":"https:\/\/elmundodelosnegocios.com.do\/v1\/wp-json\/wp\/v2\/tags?post=71853"}],"curies":[{"name":"wp","href":"https:\/\/api.w.org\/{rel}","templated":true}]}}